{"id":9759,"date":"2022-06-09T08:09:37","date_gmt":"2022-06-09T08:09:37","guid":{"rendered":"https:\/\/www.fundaciocatalunyacultura.cat\/?p=9759"},"modified":"2022-06-09T08:09:37","modified_gmt":"2022-06-09T08:09:37","slug":"llet-nostra-dona-la-recaudacion-de-el-nostre-festival-a-la-fundacion-catalunya-cultura","status":"publish","type":"post","link":"https:\/\/www.fundaciocatalunyacultura.cat\/es\/llet-nostra-dona-la-recaudacion-de-el-nostre-festival-a-la-fundacion-catalunya-cultura\/","title":{"rendered":"Llet Nostra dona la recaudaci\u00f3n de \u201cEl Nostre Festival\u201d a la Fundaci\u00f3n Catalunya Cultura"},"content":{"rendered":"<p>La empresa <a href=\"https:\/\/lletnostra.cat\/\"><strong>Llet Nostra<\/strong> <\/a>nos ha entregado esta ma\u00f1ana los beneficios de los fondos recaudados en la primera edici\u00f3n de \u201cEl NostreFestival\u201d, el acto solidario a favor de nuestra Fundaci\u00f3n que tuvo lugar el pasado 22 de mayo en el Centro Artesano Tradicion\u00e0rius. Esta donaci\u00f3n econ\u00f3mica permitir\u00e1 continuar la tarea que desarrollamos para impulsar y consolidar proyectos de \u00e1mbito cultural de todo el territorio. Hay que destacar que la Fundaci\u00f3n Catalunya Cultura tiene como uno de los principales objetivos apoyar a proyectos culturales, acompa\u00f1\u00e1ndolos y ofreci\u00e9ndolos formaci\u00f3n porque se conviertan en propuestas s\u00f3lidos que aporten riqueza y progreso en Catalu\u00f1a. As\u00ed mismo, esta l\u00ednea de actuaci\u00f3n se concreta en el <a href=\"https:\/\/www.fundaciocatalunyacultura.cat\/es\/programa-impulsa-cultura\/\"><strong>Programa IMPULSA CULTURA<\/strong><\/a>, el programa gratuito de formaci\u00f3n,\u00a0mentor\u00edas\u00a0y aceleraci\u00f3n que ofrecemos anualmente a iniciativas culturales del conjunto del territorio catal\u00e1n.<\/p>\n<p>El acto de entrega de la donaci\u00f3n ha tenido lugar en la sede de la Fundaci\u00f3n y ha contado con la participaci\u00f3n\u00a0de <strong>Gabriel de Mariscal<\/strong>, director general de Llet Nostra; de <strong>Gemma Franco<\/strong>, responsable de Marketing y Comunicaci\u00f3n de la compa\u00f1\u00eda; de Josep Maria Mir\u00f3, de la Organizaci\u00f3n y Coordinaci\u00f3n del Festival; y de parte de la Fundaci\u00f3n, todo el equipo con su directora, Maite Esteve, quien, en nombre del Patronato, ha agradecido a Llet Nostra su acci\u00f3n solidaria y sobre todo \u201c<strong>el hecho de escoger la cultura\u00a0como elemento integrador en una jornada para disfrutar en familia de un Festival al cual deseamos muchos a\u00f1os de vida<\/strong>\u201d Adem\u00e1s, ha destacado que \u201c<strong>la apuesta de Llet Nostra por la cultura del pa\u00eds es desde hace muchos a\u00f1os ejemplo de voluntad de empresa comprometida con su entorno social aconteciendo un referente en liderazgo indiscutible como marca responsable con el territorio<\/strong>.\u00bb<\/p>\n<p>La <strong>primera edici\u00f3n de \u201cEl Nostre Festival\u201d<\/strong> reuni\u00f3 unas <strong>200 personas<\/strong>, entre adultos y ni\u00f1os, que pudieron disfrutar de una jornada de espect\u00e1culos y actividades culturales de las compa\u00f1\u00edas catalanas\u00a0Ambauka,\u00a0Artristas, H6\u00a0Clown\u00a0y Zero en Conducta.<\/p>\n<p><strong>Llet Nostra, al lado de la cultura<\/strong><\/p>\n<p>Llet Nostra forma parte del <a href=\"https:\/\/www.fundaciocatalunyacultura.cat\/es\/qui-som\/\">Consejo de Mecenazgo de la Fundaci\u00f3n<\/a>\u00a0y cuenta con el\u00a0<a href=\"https:\/\/www.fundaciocatalunyacultura.cat\/es\/sello\/\">Sello de Empresa Comprometida con la Cultura\u2002<\/a>por su trayectoria destacada en el fomento del sector cultural de Catalu\u00f1a.\u00a0A pesar de centrar su actividad en la producci\u00f3n de leche, la promoci\u00f3n de la cultura catalana es un elemento fundamental de la identidad de marca de la empresa. Algunas de las iniciativas con las cuales colabora son, entre otros, acciones propias como la Vaca Voltaire, que desarrolla en ferias y fiestas populares; sesiones de cine familiar o el\u00a0Club de Gent Propera, que ofrece descuentos para actos culturales y de ocio.<\/p>\n","protected":false},"excerpt":{"rendered":"<p>La empresa Llet Nostra nos ha entregado esta ma\u00f1ana los beneficios de los fondos recaudados en la primera edici\u00f3n de \u201cEl NostreFestival\u201d, el acto solidario a favor de nuestra Fundaci\u00f3n que tuvo lugar el pasado 22 de mayo en el Centro Artesano Tradicion\u00e0rius. Esta donaci\u00f3n econ\u00f3mica permitir\u00e1 continuar la tarea que desarrollamos para impulsar y [&hellip;]<\/p>\n","protected":false},"author":1,"featured_media":0,"comment_status":"closed","ping_status":"closed","sticky":false,"template":"","format":"standard","meta":{"_acf_changed":false,"footnotes":""},"categories":[44],"class_list":["post-9759","post","type-post","status-publish","format-standard","hentry","category-noticias"],"acf":[],"yoast_head":"<!-- This site is optimized with the Yoast SEO plugin v25.1 - https:\/\/yoast.com\/wordpress\/plugins\/seo\/ -->\n<title>Llet Nostra dona la recaudaci\u00f3n de \u201cEl Nostre Festival\u201d a la Fundaci\u00f3n Catalunya Cultura | Fundaci\u00f3 Catalunya Cultura<\/title>\n<meta name=\"robots\" content=\"index, follow, max-snippet:-1, max-image-preview:large, max-video-preview:-1\" \/>\n<link rel=\"canonical\" href=\"https:\/\/www.fundaciocatalunyacultura.cat\/es\/llet-nostra-dona-la-recaudacion-de-el-nostre-festival-a-la-fundacion-catalunya-cultura\/\" \/>\n<meta property=\"og:locale\" content=\"es_ES\" \/>\n<meta property=\"og:type\" content=\"article\" \/>\n<meta property=\"og:title\" content=\"Llet Nostra dona la recaudaci\u00f3n de \u201cEl Nostre Festival\u201d a la Fundaci\u00f3n Catalunya Cultura | Fundaci\u00f3 Catalunya Cultura\" \/>\n<meta property=\"og:description\" content=\"La empresa Llet Nostra nos ha entregado esta ma\u00f1ana los beneficios de los fondos recaudados en la primera edici\u00f3n de \u201cEl NostreFestival\u201d, el acto solidario a favor de nuestra Fundaci\u00f3n que tuvo lugar el pasado 22 de mayo en el Centro Artesano Tradicion\u00e0rius. Esta donaci\u00f3n econ\u00f3mica permitir\u00e1 continuar la tarea que desarrollamos para impulsar y [&hellip;]\" \/>\n<meta property=\"og:url\" content=\"https:\/\/www.fundaciocatalunyacultura.cat\/es\/llet-nostra-dona-la-recaudacion-de-el-nostre-festival-a-la-fundacion-catalunya-cultura\/\" \/>\n<meta property=\"og:site_name\" content=\"Fundaci\u00f3 Catalunya Cultura\" \/>\n<meta property=\"article:publisher\" content=\"https:\/\/www.facebook.com\/fundaciocatalunyacultura\/\" \/>\n<meta property=\"article:published_time\" content=\"2022-06-09T08:09:37+00:00\" \/>\n<meta name=\"author\" content=\"fundacio\" \/>\n<meta name=\"twitter:card\" content=\"summary_large_image\" \/>\n<meta name=\"twitter:creator\" content=\"@fcatcultura\" \/>\n<meta name=\"twitter:site\" content=\"@fcatcultura\" \/>\n<meta name=\"twitter:label1\" content=\"Escrito por\" \/>\n\t<meta name=\"twitter:data1\" content=\"fundacio\" \/>\n\t<meta name=\"twitter:label2\" content=\"Tiempo de lectura\" \/>\n\t<meta name=\"twitter:data2\" content=\"2 minutos\" \/>\n<script type=\"application\/ld+json\" class=\"yoast-schema-graph\">{\"@context\":\"https:\/\/schema.org\",\"@graph\":[{\"@type\":\"Article\",\"@id\":\"https:\/\/www.fundaciocatalunyacultura.cat\/es\/llet-nostra-dona-la-recaudacion-de-el-nostre-festival-a-la-fundacion-catalunya-cultura\/#article\",\"isPartOf\":{\"@id\":\"https:\/\/www.fundaciocatalunyacultura.cat\/es\/llet-nostra-dona-la-recaudacion-de-el-nostre-festival-a-la-fundacion-catalunya-cultura\/\"},\"author\":{\"name\":\"fundacio\",\"@id\":\"https:\/\/www.fundaciocatalunyacultura.cat\/#\/schema\/person\/f30f60b8448aa2c1761a644f652a4744\"},\"headline\":\"Llet Nostra dona la recaudaci\u00f3n de \u201cEl Nostre Festival\u201d a la Fundaci\u00f3n Catalunya Cultura\",\"datePublished\":\"2022-06-09T08:09:37+00:00\",\"mainEntityOfPage\":{\"@id\":\"https:\/\/www.fundaciocatalunyacultura.cat\/es\/llet-nostra-dona-la-recaudacion-de-el-nostre-festival-a-la-fundacion-catalunya-cultura\/\"},\"wordCount\":486,\"publisher\":{\"@id\":\"https:\/\/www.fundaciocatalunyacultura.cat\/#organization\"},\"articleSection\":[\"Noticias\"],\"inLanguage\":\"es\"},{\"@type\":\"WebPage\",\"@id\":\"https:\/\/www.fundaciocatalunyacultura.cat\/es\/llet-nostra-dona-la-recaudacion-de-el-nostre-festival-a-la-fundacion-catalunya-cultura\/\",\"url\":\"https:\/\/www.fundaciocatalunyacultura.cat\/es\/llet-nostra-dona-la-recaudacion-de-el-nostre-festival-a-la-fundacion-catalunya-cultura\/\",\"name\":\"Llet Nostra dona la recaudaci\u00f3n de \u201cEl Nostre Festival\u201d a la Fundaci\u00f3n Catalunya Cultura | Fundaci\u00f3 Catalunya Cultura\",\"isPartOf\":{\"@id\":\"https:\/\/www.fundaciocatalunyacultura.cat\/#website\"},\"datePublished\":\"2022-06-09T08:09:37+00:00\",\"breadcrumb\":{\"@id\":\"https:\/\/www.fundaciocatalunyacultura.cat\/es\/llet-nostra-dona-la-recaudacion-de-el-nostre-festival-a-la-fundacion-catalunya-cultura\/#breadcrumb\"},\"inLanguage\":\"es\",\"potentialAction\":[{\"@type\":\"ReadAction\",\"target\":[\"https:\/\/www.fundaciocatalunyacultura.cat\/es\/llet-nostra-dona-la-recaudacion-de-el-nostre-festival-a-la-fundacion-catalunya-cultura\/\"]}]},{\"@type\":\"BreadcrumbList\",\"@id\":\"https:\/\/www.fundaciocatalunyacultura.cat\/es\/llet-nostra-dona-la-recaudacion-de-el-nostre-festival-a-la-fundacion-catalunya-cultura\/#breadcrumb\",\"itemListElement\":[{\"@type\":\"ListItem\",\"position\":1,\"name\":\"Inici\",\"item\":\"https:\/\/www.fundaciocatalunyacultura.cat\/es\/\"},{\"@type\":\"ListItem\",\"position\":2,\"name\":\"Llet Nostra dona la recaudaci\u00f3n de \u201cEl Nostre Festival\u201d a la Fundaci\u00f3n Catalunya Cultura\"}]},{\"@type\":\"WebSite\",\"@id\":\"https:\/\/www.fundaciocatalunyacultura.cat\/#website\",\"url\":\"https:\/\/www.fundaciocatalunyacultura.cat\/\",\"name\":\"Fundaci\u00f3 Catalunya Cultura\",\"description\":\"\",\"publisher\":{\"@id\":\"https:\/\/www.fundaciocatalunyacultura.cat\/#organization\"},\"potentialAction\":[{\"@type\":\"SearchAction\",\"target\":{\"@type\":\"EntryPoint\",\"urlTemplate\":\"https:\/\/www.fundaciocatalunyacultura.cat\/?s={search_term_string}\"},\"query-input\":{\"@type\":\"PropertyValueSpecification\",\"valueRequired\":true,\"valueName\":\"search_term_string\"}}],\"inLanguage\":\"es\"},{\"@type\":\"Organization\",\"@id\":\"https:\/\/www.fundaciocatalunyacultura.cat\/#organization\",\"name\":\"Fundaci\u00f3 Catalunya Cultura\",\"url\":\"https:\/\/www.fundaciocatalunyacultura.cat\/\",\"logo\":{\"@type\":\"ImageObject\",\"inLanguage\":\"es\",\"@id\":\"https:\/\/www.fundaciocatalunyacultura.cat\/#\/schema\/logo\/image\/\",\"url\":\"https:\/\/hundreds-wordpress-uploads.s3.amazonaws.com\/fundacio-catalunya-cultura\/uploads\/2021\/03\/fcc_logo_blanc-scaled.jpeg\",\"contentUrl\":\"https:\/\/hundreds-wordpress-uploads.s3.amazonaws.com\/fundacio-catalunya-cultura\/uploads\/2021\/03\/fcc_logo_blanc-scaled.jpeg\",\"width\":2560,\"height\":1785,\"caption\":\"Fundaci\u00f3 Catalunya Cultura\"},\"image\":{\"@id\":\"https:\/\/www.fundaciocatalunyacultura.cat\/#\/schema\/logo\/image\/\"},\"sameAs\":[\"https:\/\/www.facebook.com\/fundaciocatalunyacultura\/\",\"https:\/\/x.com\/fcatcultura\",\"https:\/\/www.linkedin.com\/company\/fundaci\u00f3-catalunya-cultura\/\",\"https:\/\/ca.wikipedia.org\/wiki\/Fundaci\u00f3_Catalunya_Cultura\"]},{\"@type\":\"Person\",\"@id\":\"https:\/\/www.fundaciocatalunyacultura.cat\/#\/schema\/person\/f30f60b8448aa2c1761a644f652a4744\",\"name\":\"fundacio\",\"image\":{\"@type\":\"ImageObject\",\"inLanguage\":\"es\",\"@id\":\"https:\/\/www.fundaciocatalunyacultura.cat\/#\/schema\/person\/image\/\",\"url\":\"https:\/\/secure.gravatar.com\/avatar\/fe57a3f139ea81c65a338e37a8064b4e80844f839737532820c9107eb9e1966f?s=96&d=mm&r=g\",\"contentUrl\":\"https:\/\/secure.gravatar.com\/avatar\/fe57a3f139ea81c65a338e37a8064b4e80844f839737532820c9107eb9e1966f?s=96&d=mm&r=g\",\"caption\":\"fundacio\"},\"url\":\"https:\/\/www.fundaciocatalunyacultura.cat\/es\/author\/fundacio\/\"}]}<\/script>\n<!-- \/ Yoast SEO plugin. -->","yoast_head_json":{"title":"Llet Nostra dona la recaudaci\u00f3n de \u201cEl Nostre Festival\u201d a la Fundaci\u00f3n Catalunya Cultura | Fundaci\u00f3 Catalunya Cultura","robots":{"index":"index","follow":"follow","max-snippet":"max-snippet:-1","max-image-preview":"max-image-preview:large","max-video-preview":"max-video-preview:-1"},"canonical":"https:\/\/www.fundaciocatalunyacultura.cat\/es\/llet-nostra-dona-la-recaudacion-de-el-nostre-festival-a-la-fundacion-catalunya-cultura\/","og_locale":"es_ES","og_type":"article","og_title":"Llet Nostra dona la recaudaci\u00f3n de \u201cEl Nostre Festival\u201d a la Fundaci\u00f3n Catalunya Cultura | Fundaci\u00f3 Catalunya Cultura","og_description":"La empresa Llet Nostra nos ha entregado esta ma\u00f1ana los beneficios de los fondos recaudados en la primera edici\u00f3n de \u201cEl NostreFestival\u201d, el acto solidario a favor de nuestra Fundaci\u00f3n que tuvo lugar el pasado 22 de mayo en el Centro Artesano Tradicion\u00e0rius. Esta donaci\u00f3n econ\u00f3mica permitir\u00e1 continuar la tarea que desarrollamos para impulsar y [&hellip;]","og_url":"https:\/\/www.fundaciocatalunyacultura.cat\/es\/llet-nostra-dona-la-recaudacion-de-el-nostre-festival-a-la-fundacion-catalunya-cultura\/","og_site_name":"Fundaci\u00f3 Catalunya Cultura","article_publisher":"https:\/\/www.facebook.com\/fundaciocatalunyacultura\/","article_published_time":"2022-06-09T08:09:37+00:00","author":"fundacio","twitter_card":"summary_large_image","twitter_creator":"@fcatcultura","twitter_site":"@fcatcultura","twitter_misc":{"Escrito por":"fundacio","Tiempo de lectura":"2 minutos"},"schema":{"@context":"https:\/\/schema.org","@graph":[{"@type":"Article","@id":"https:\/\/www.fundaciocatalunyacultura.cat\/es\/llet-nostra-dona-la-recaudacion-de-el-nostre-festival-a-la-fundacion-catalunya-cultura\/#article","isPartOf":{"@id":"https:\/\/www.fundaciocatalunyacultura.cat\/es\/llet-nostra-dona-la-recaudacion-de-el-nostre-festival-a-la-fundacion-catalunya-cultura\/"},"author":{"name":"fundacio","@id":"https:\/\/www.fundaciocatalunyacultura.cat\/#\/schema\/person\/f30f60b8448aa2c1761a644f652a4744"},"headline":"Llet Nostra dona la recaudaci\u00f3n de \u201cEl Nostre Festival\u201d a la Fundaci\u00f3n Catalunya Cultura","datePublished":"2022-06-09T08:09:37+00:00","mainEntityOfPage":{"@id":"https:\/\/www.fundaciocatalunyacultura.cat\/es\/llet-nostra-dona-la-recaudacion-de-el-nostre-festival-a-la-fundacion-catalunya-cultura\/"},"wordCount":486,"publisher":{"@id":"https:\/\/www.fundaciocatalunyacultura.cat\/#organization"},"articleSection":["Noticias"],"inLanguage":"es"},{"@type":"WebPage","@id":"https:\/\/www.fundaciocatalunyacultura.cat\/es\/llet-nostra-dona-la-recaudacion-de-el-nostre-festival-a-la-fundacion-catalunya-cultura\/","url":"https:\/\/www.fundaciocatalunyacultura.cat\/es\/llet-nostra-dona-la-recaudacion-de-el-nostre-festival-a-la-fundacion-catalunya-cultura\/","name":"Llet Nostra dona la recaudaci\u00f3n de \u201cEl Nostre Festival\u201d a la Fundaci\u00f3n Catalunya Cultura | Fundaci\u00f3 Catalunya Cultura","isPartOf":{"@id":"https:\/\/www.fundaciocatalunyacultura.cat\/#website"},"datePublished":"2022-06-09T08:09:37+00:00","breadcrumb":{"@id":"https:\/\/www.fundaciocatalunyacultura.cat\/es\/llet-nostra-dona-la-recaudacion-de-el-nostre-festival-a-la-fundacion-catalunya-cultura\/#breadcrumb"},"inLanguage":"es","potentialAction":[{"@type":"ReadAction","target":["https:\/\/www.fundaciocatalunyacultura.cat\/es\/llet-nostra-dona-la-recaudacion-de-el-nostre-festival-a-la-fundacion-catalunya-cultura\/"]}]},{"@type":"BreadcrumbList","@id":"https:\/\/www.fundaciocatalunyacultura.cat\/es\/llet-nostra-dona-la-recaudacion-de-el-nostre-festival-a-la-fundacion-catalunya-cultura\/#breadcrumb","itemListElement":[{"@type":"ListItem","position":1,"name":"Inici","item":"https:\/\/www.fundaciocatalunyacultura.cat\/es\/"},{"@type":"ListItem","position":2,"name":"Llet Nostra dona la recaudaci\u00f3n de \u201cEl Nostre Festival\u201d a la Fundaci\u00f3n Catalunya Cultura"}]},{"@type":"WebSite","@id":"https:\/\/www.fundaciocatalunyacultura.cat\/#website","url":"https:\/\/www.fundaciocatalunyacultura.cat\/","name":"Fundaci\u00f3 Catalunya Cultura","description":"","publisher":{"@id":"https:\/\/www.fundaciocatalunyacultura.cat\/#organization"},"potentialAction":[{"@type":"SearchAction","target":{"@type":"EntryPoint","urlTemplate":"https:\/\/www.fundaciocatalunyacultura.cat\/?s={search_term_string}"},"query-input":{"@type":"PropertyValueSpecification","valueRequired":true,"valueName":"search_term_string"}}],"inLanguage":"es"},{"@type":"Organization","@id":"https:\/\/www.fundaciocatalunyacultura.cat\/#organization","name":"Fundaci\u00f3 Catalunya Cultura","url":"https:\/\/www.fundaciocatalunyacultura.cat\/","logo":{"@type":"ImageObject","inLanguage":"es","@id":"https:\/\/www.fundaciocatalunyacultura.cat\/#\/schema\/logo\/image\/","url":"https:\/\/hundreds-wordpress-uploads.s3.amazonaws.com\/fundacio-catalunya-cultura\/uploads\/2021\/03\/fcc_logo_blanc-scaled.jpeg","contentUrl":"https:\/\/hundreds-wordpress-uploads.s3.amazonaws.com\/fundacio-catalunya-cultura\/uploads\/2021\/03\/fcc_logo_blanc-scaled.jpeg","width":2560,"height":1785,"caption":"Fundaci\u00f3 Catalunya Cultura"},"image":{"@id":"https:\/\/www.fundaciocatalunyacultura.cat\/#\/schema\/logo\/image\/"},"sameAs":["https:\/\/www.facebook.com\/fundaciocatalunyacultura\/","https:\/\/x.com\/fcatcultura","https:\/\/www.linkedin.com\/company\/fundaci\u00f3-catalunya-cultura\/","https:\/\/ca.wikipedia.org\/wiki\/Fundaci\u00f3_Catalunya_Cultura"]},{"@type":"Person","@id":"https:\/\/www.fundaciocatalunyacultura.cat\/#\/schema\/person\/f30f60b8448aa2c1761a644f652a4744","name":"fundacio","image":{"@type":"ImageObject","inLanguage":"es","@id":"https:\/\/www.fundaciocatalunyacultura.cat\/#\/schema\/person\/image\/","url":"https:\/\/secure.gravatar.com\/avatar\/fe57a3f139ea81c65a338e37a8064b4e80844f839737532820c9107eb9e1966f?s=96&d=mm&r=g","contentUrl":"https:\/\/secure.gravatar.com\/avatar\/fe57a3f139ea81c65a338e37a8064b4e80844f839737532820c9107eb9e1966f?s=96&d=mm&r=g","caption":"fundacio"},"url":"https:\/\/www.fundaciocatalunyacultura.cat\/es\/author\/fundacio\/"}]}},"_links":{"self":[{"href":"https:\/\/www.fundaciocatalunyacultura.cat\/es\/wp-json\/wp\/v2\/posts\/9759","targetHints":{"allow":["GET"]}}],"collection":[{"href":"https:\/\/www.fundaciocatalunyacultura.cat\/es\/wp-json\/wp\/v2\/posts"}],"about":[{"href":"https:\/\/www.fundaciocatalunyacultura.cat\/es\/wp-json\/wp\/v2\/types\/post"}],"author":[{"embeddable":true,"href":"https:\/\/www.fundaciocatalunyacultura.cat\/es\/wp-json\/wp\/v2\/users\/1"}],"replies":[{"embeddable":true,"href":"https:\/\/www.fundaciocatalunyacultura.cat\/es\/wp-json\/wp\/v2\/comments?post=9759"}],"version-history":[{"count":2,"href":"https:\/\/www.fundaciocatalunyacultura.cat\/es\/wp-json\/wp\/v2\/posts\/9759\/revisions"}],"predecessor-version":[{"id":9761,"href":"https:\/\/www.fundaciocatalunyacultura.cat\/es\/wp-json\/wp\/v2\/posts\/9759\/revisions\/9761"}],"wp:attachment":[{"href":"https:\/\/www.fundaciocatalunyacultura.cat\/es\/wp-json\/wp\/v2\/media?parent=9759"}],"wp:term":[{"taxonomy":"category","embeddable":true,"href":"https:\/\/www.fundaciocatalunyacultura.cat\/es\/wp-json\/wp\/v2\/categories?post=9759"}],"curies":[{"name":"wp","href":"https:\/\/api.w.org\/{rel}","templated":true}]}}