{"id":7082,"date":"2022-01-24T14:01:30","date_gmt":"2022-01-24T14:01:30","guid":{"rendered":"https:\/\/www.fundaciocatalunyacultura.cat\/?p=7082"},"modified":"2022-01-24T16:09:37","modified_gmt":"2022-01-24T16:09:37","slug":"mahala-alzamora-miembro-del-jurado-del-premio-empresa-cultura-2021","status":"publish","type":"post","link":"https:\/\/www.fundaciocatalunyacultura.cat\/es\/mahala-alzamora-miembro-del-jurado-del-premio-empresa-cultura-2021\/","title":{"rendered":"Mahala Alzamora, miembro del jurado del Premio Empresa Cultura 2021: \u201cEs fundamental dar visibilidad a las organizaciones que apoyan la cultura\u201d"},"content":{"rendered":"<p>Socia directora y fundadora de <a href=\"https:\/\/www.mahala.es\/\">MAHALA Communication&amp;PR<\/a>, y miembro del <a href=\"https:\/\/www.fundaciocatalunyacultura.cat\/es\/qui-som\/\">Consejo de Mecenazgo de la Fundaci\u00f3n<\/a>, <strong>Mahala Alzamora<\/strong> es una de las cinco personalidades que tendr\u00e1n que escoger la compan\u00eda ganadora de la segunda edici\u00f3n del <strong><a href=\"https:\/\/www.fundaciocatalunyacultura.cat\/es\/premio-empresa-cultura\/\">Premio Empresa Cultura<\/a><\/strong>, Desde la Fundaci\u00f3n convocamos esta distinci\u00f3n con el objetivo de reconocer una empresa con un programa o proyecto innovador y singular que destaque por su compromiso con el fomento y apoyo a la cultura de Catalu\u00f1a. Se prev\u00e9 que el veredicto del jurado se haga p\u00fablico el pr\u00f3ximo mes de febrero.<\/p>\n<p>La implicaci\u00f3n y la sensibilidad entorno a la cultura es el sello de identidad de la empresa que Mahala Alzamora dirige y que centra su actividad en la organizaci\u00f3n y la comunicaci\u00f3n de actos y proyectos. Por este motivo es una gran conocedora del valor y del rol fundamental que desempe\u00f1an las alianzas entre la empresa y la cultura para el progreso de la sociedad y el territorio.<\/p>\n<h3><strong>C\u00f3mo definir\u00edas el esp\u00edritu del Premio Empresa Cultura?<\/strong><\/h3>\n<p>Es un galard\u00f3n muy necesario para vitalizar y contagiar a m\u00e1s empresas. Es fundamental poner en valor y dar visibilidad a las organizaciones que apoyan la cultura.<\/p>\n<h3><strong>Mahala, t\u00fa tienes una amplia experiencia comprobando los beneficios y el retorno que tiene la cultura para una empresa. <\/strong><strong>\u00bf<\/strong><strong>C\u00f3mo explicar\u00edas qu\u00e9 aporta apostar por la cultura a las empresas que todav\u00eda no la integran en <\/strong><strong>su Responsabilidad Social Corporativa?<\/strong><\/h3>\n<p>La cultura es un bien por ella misma, no tenemos que transformarla en un recurso econ\u00f3mico, pero necesita su apoyo porque puede tener espacios de libertad y, por lo tanto, desinteresados. El hecho que las empresas se aproximen a la cultura es lo mejor que les puede pasar si se trabaja conjuntamente en un proyecto <em>ad hoc<\/em>.<\/p>\n<p>Los departamentos de Recursos Humanos tienen que desarrollar acciones espec\u00edficas para todos los trabajadores que quieran participar y hacerlas extensivas a sus familias. El ejemplo y el compromiso de la direcci\u00f3n de la compa\u00f1\u00eda hacia la cultura es la mejor manera de aprender a quererla. Por otro lado, el rol activo de las administraciones p\u00fablicas hacia la cultura tiene que permitir incentivar las empresas con proyectos p\u00fablico-privados y fortalecer los v\u00ednculos entre todos.<\/p>\n","protected":false},"excerpt":{"rendered":"<p>Socia directora y fundadora de MAHALA Communication&amp;PR, y miembro del Consejo de Mecenazgo de la Fundaci\u00f3n, Mahala Alzamora es una de las cinco personalidades que tendr\u00e1n que escoger la compan\u00eda ganadora de la segunda edici\u00f3n del Premio Empresa Cultura, Desde la Fundaci\u00f3n convocamos esta distinci\u00f3n con el objetivo de reconocer una empresa con un programa [&hellip;]<\/p>\n","protected":false},"author":1,"featured_media":0,"comment_status":"closed","ping_status":"closed","sticky":false,"template":"","format":"standard","meta":{"_acf_changed":false,"footnotes":""},"categories":[51],"class_list":["post-7082","post","type-post","status-publish","format-standard","hentry","category-entrevistas"],"acf":[],"yoast_head":"<!-- This site is optimized with the Yoast SEO plugin v25.1 - https:\/\/yoast.com\/wordpress\/plugins\/seo\/ -->\n<title>Mahala Alzamora, miembro del jurado del Premio Empresa Cultura 2021: \u201cEs fundamental dar visibilidad a las organizaciones que apoyan la cultura\u201d | Fundaci\u00f3 Catalunya Cultura<\/title>\n<meta name=\"robots\" content=\"index, follow, max-snippet:-1, max-image-preview:large, max-video-preview:-1\" \/>\n<link rel=\"canonical\" href=\"https:\/\/www.fundaciocatalunyacultura.cat\/es\/mahala-alzamora-miembro-del-jurado-del-premio-empresa-cultura-2021\/\" \/>\n<meta property=\"og:locale\" content=\"es_ES\" \/>\n<meta property=\"og:type\" content=\"article\" \/>\n<meta property=\"og:title\" content=\"Mahala Alzamora, miembro del jurado del Premio Empresa Cultura 2021: \u201cEs fundamental dar visibilidad a las organizaciones que apoyan la cultura\u201d | Fundaci\u00f3 Catalunya Cultura\" \/>\n<meta property=\"og:description\" content=\"Socia directora y fundadora de MAHALA Communication&amp;PR, y miembro del Consejo de Mecenazgo de la Fundaci\u00f3n, Mahala Alzamora es una de las cinco personalidades que tendr\u00e1n que escoger la compan\u00eda ganadora de la segunda edici\u00f3n del Premio Empresa Cultura, Desde la Fundaci\u00f3n convocamos esta distinci\u00f3n con el objetivo de reconocer una empresa con un programa [&hellip;]\" \/>\n<meta property=\"og:url\" content=\"https:\/\/www.fundaciocatalunyacultura.cat\/es\/mahala-alzamora-miembro-del-jurado-del-premio-empresa-cultura-2021\/\" \/>\n<meta property=\"og:site_name\" content=\"Fundaci\u00f3 Catalunya Cultura\" \/>\n<meta property=\"article:publisher\" content=\"https:\/\/www.facebook.com\/fundaciocatalunyacultura\/\" \/>\n<meta property=\"article:published_time\" content=\"2022-01-24T14:01:30+00:00\" \/>\n<meta property=\"article:modified_time\" content=\"2022-01-24T16:09:37+00:00\" \/>\n<meta name=\"author\" content=\"fundacio\" \/>\n<meta name=\"twitter:card\" content=\"summary_large_image\" \/>\n<meta name=\"twitter:creator\" content=\"@fcatcultura\" \/>\n<meta name=\"twitter:site\" content=\"@fcatcultura\" \/>\n<meta name=\"twitter:label1\" content=\"Escrito por\" \/>\n\t<meta name=\"twitter:data1\" content=\"fundacio\" \/>\n\t<meta name=\"twitter:label2\" content=\"Tiempo de lectura\" \/>\n\t<meta name=\"twitter:data2\" content=\"2 minutos\" \/>\n<script type=\"application\/ld+json\" class=\"yoast-schema-graph\">{\"@context\":\"https:\/\/schema.org\",\"@graph\":[{\"@type\":\"Article\",\"@id\":\"https:\/\/www.fundaciocatalunyacultura.cat\/es\/mahala-alzamora-miembro-del-jurado-del-premio-empresa-cultura-2021\/#article\",\"isPartOf\":{\"@id\":\"https:\/\/www.fundaciocatalunyacultura.cat\/es\/mahala-alzamora-miembro-del-jurado-del-premio-empresa-cultura-2021\/\"},\"author\":{\"name\":\"fundacio\",\"@id\":\"https:\/\/fundaciocatalunyacultura.cat\/#\/schema\/person\/f30f60b8448aa2c1761a644f652a4744\"},\"headline\":\"Mahala Alzamora, miembro del jurado del Premio Empresa Cultura 2021: \u201cEs fundamental dar visibilidad a las organizaciones que apoyan la cultura\u201d\",\"datePublished\":\"2022-01-24T14:01:30+00:00\",\"dateModified\":\"2022-01-24T16:09:37+00:00\",\"mainEntityOfPage\":{\"@id\":\"https:\/\/www.fundaciocatalunyacultura.cat\/es\/mahala-alzamora-miembro-del-jurado-del-premio-empresa-cultura-2021\/\"},\"wordCount\":413,\"publisher\":{\"@id\":\"https:\/\/fundaciocatalunyacultura.cat\/#organization\"},\"articleSection\":[\"Entrevistas\"],\"inLanguage\":\"es\"},{\"@type\":\"WebPage\",\"@id\":\"https:\/\/www.fundaciocatalunyacultura.cat\/es\/mahala-alzamora-miembro-del-jurado-del-premio-empresa-cultura-2021\/\",\"url\":\"https:\/\/www.fundaciocatalunyacultura.cat\/es\/mahala-alzamora-miembro-del-jurado-del-premio-empresa-cultura-2021\/\",\"name\":\"Mahala Alzamora, miembro del jurado del Premio Empresa Cultura 2021: \u201cEs fundamental dar visibilidad a las organizaciones que apoyan la cultura\u201d | Fundaci\u00f3 Catalunya Cultura\",\"isPartOf\":{\"@id\":\"https:\/\/fundaciocatalunyacultura.cat\/#website\"},\"datePublished\":\"2022-01-24T14:01:30+00:00\",\"dateModified\":\"2022-01-24T16:09:37+00:00\",\"breadcrumb\":{\"@id\":\"https:\/\/www.fundaciocatalunyacultura.cat\/es\/mahala-alzamora-miembro-del-jurado-del-premio-empresa-cultura-2021\/#breadcrumb\"},\"inLanguage\":\"es\",\"potentialAction\":[{\"@type\":\"ReadAction\",\"target\":[\"https:\/\/www.fundaciocatalunyacultura.cat\/es\/mahala-alzamora-miembro-del-jurado-del-premio-empresa-cultura-2021\/\"]}]},{\"@type\":\"BreadcrumbList\",\"@id\":\"https:\/\/www.fundaciocatalunyacultura.cat\/es\/mahala-alzamora-miembro-del-jurado-del-premio-empresa-cultura-2021\/#breadcrumb\",\"itemListElement\":[{\"@type\":\"ListItem\",\"position\":1,\"name\":\"Inici\",\"item\":\"https:\/\/fundaciocatalunyacultura.cat\/es\/\"},{\"@type\":\"ListItem\",\"position\":2,\"name\":\"Mahala Alzamora, miembro del jurado del Premio Empresa Cultura 2021: \u201cEs fundamental dar visibilidad a las organizaciones que apoyan la cultura\u201d\"}]},{\"@type\":\"WebSite\",\"@id\":\"https:\/\/fundaciocatalunyacultura.cat\/#website\",\"url\":\"https:\/\/fundaciocatalunyacultura.cat\/\",\"name\":\"Fundaci\u00f3 Catalunya Cultura\",\"description\":\"\",\"publisher\":{\"@id\":\"https:\/\/fundaciocatalunyacultura.cat\/#organization\"},\"potentialAction\":[{\"@type\":\"SearchAction\",\"target\":{\"@type\":\"EntryPoint\",\"urlTemplate\":\"https:\/\/fundaciocatalunyacultura.cat\/?s={search_term_string}\"},\"query-input\":{\"@type\":\"PropertyValueSpecification\",\"valueRequired\":true,\"valueName\":\"search_term_string\"}}],\"inLanguage\":\"es\"},{\"@type\":\"Organization\",\"@id\":\"https:\/\/fundaciocatalunyacultura.cat\/#organization\",\"name\":\"Fundaci\u00f3 Catalunya Cultura\",\"url\":\"https:\/\/fundaciocatalunyacultura.cat\/\",\"logo\":{\"@type\":\"ImageObject\",\"inLanguage\":\"es\",\"@id\":\"https:\/\/fundaciocatalunyacultura.cat\/#\/schema\/logo\/image\/\",\"url\":\"https:\/\/hundreds-wordpress-uploads.s3.amazonaws.com\/fundacio-catalunya-cultura\/uploads\/2021\/03\/fcc_logo_blanc-scaled.jpeg\",\"contentUrl\":\"https:\/\/hundreds-wordpress-uploads.s3.amazonaws.com\/fundacio-catalunya-cultura\/uploads\/2021\/03\/fcc_logo_blanc-scaled.jpeg\",\"width\":2560,\"height\":1785,\"caption\":\"Fundaci\u00f3 Catalunya Cultura\"},\"image\":{\"@id\":\"https:\/\/fundaciocatalunyacultura.cat\/#\/schema\/logo\/image\/\"},\"sameAs\":[\"https:\/\/www.facebook.com\/fundaciocatalunyacultura\/\",\"https:\/\/x.com\/fcatcultura\",\"https:\/\/www.linkedin.com\/company\/fundaci\u00f3-catalunya-cultura\/\",\"https:\/\/ca.wikipedia.org\/wiki\/Fundaci\u00f3_Catalunya_Cultura\"]},{\"@type\":\"Person\",\"@id\":\"https:\/\/fundaciocatalunyacultura.cat\/#\/schema\/person\/f30f60b8448aa2c1761a644f652a4744\",\"name\":\"fundacio\",\"image\":{\"@type\":\"ImageObject\",\"inLanguage\":\"es\",\"@id\":\"https:\/\/fundaciocatalunyacultura.cat\/#\/schema\/person\/image\/\",\"url\":\"https:\/\/secure.gravatar.com\/avatar\/fe57a3f139ea81c65a338e37a8064b4e80844f839737532820c9107eb9e1966f?s=96&d=mm&r=g\",\"contentUrl\":\"https:\/\/secure.gravatar.com\/avatar\/fe57a3f139ea81c65a338e37a8064b4e80844f839737532820c9107eb9e1966f?s=96&d=mm&r=g\",\"caption\":\"fundacio\"},\"url\":\"https:\/\/www.fundaciocatalunyacultura.cat\/es\/author\/fundacio\/\"}]}<\/script>\n<!-- \/ Yoast SEO plugin. -->","yoast_head_json":{"title":"Mahala Alzamora, miembro del jurado del Premio Empresa Cultura 2021: \u201cEs fundamental dar visibilidad a las organizaciones que apoyan la cultura\u201d | Fundaci\u00f3 Catalunya Cultura","robots":{"index":"index","follow":"follow","max-snippet":"max-snippet:-1","max-image-preview":"max-image-preview:large","max-video-preview":"max-video-preview:-1"},"canonical":"https:\/\/www.fundaciocatalunyacultura.cat\/es\/mahala-alzamora-miembro-del-jurado-del-premio-empresa-cultura-2021\/","og_locale":"es_ES","og_type":"article","og_title":"Mahala Alzamora, miembro del jurado del Premio Empresa Cultura 2021: \u201cEs fundamental dar visibilidad a las organizaciones que apoyan la cultura\u201d | Fundaci\u00f3 Catalunya Cultura","og_description":"Socia directora y fundadora de MAHALA Communication&amp;PR, y miembro del Consejo de Mecenazgo de la Fundaci\u00f3n, Mahala Alzamora es una de las cinco personalidades que tendr\u00e1n que escoger la compan\u00eda ganadora de la segunda edici\u00f3n del Premio Empresa Cultura, Desde la Fundaci\u00f3n convocamos esta distinci\u00f3n con el objetivo de reconocer una empresa con un programa [&hellip;]","og_url":"https:\/\/www.fundaciocatalunyacultura.cat\/es\/mahala-alzamora-miembro-del-jurado-del-premio-empresa-cultura-2021\/","og_site_name":"Fundaci\u00f3 Catalunya Cultura","article_publisher":"https:\/\/www.facebook.com\/fundaciocatalunyacultura\/","article_published_time":"2022-01-24T14:01:30+00:00","article_modified_time":"2022-01-24T16:09:37+00:00","author":"fundacio","twitter_card":"summary_large_image","twitter_creator":"@fcatcultura","twitter_site":"@fcatcultura","twitter_misc":{"Escrito por":"fundacio","Tiempo de lectura":"2 minutos"},"schema":{"@context":"https:\/\/schema.org","@graph":[{"@type":"Article","@id":"https:\/\/www.fundaciocatalunyacultura.cat\/es\/mahala-alzamora-miembro-del-jurado-del-premio-empresa-cultura-2021\/#article","isPartOf":{"@id":"https:\/\/www.fundaciocatalunyacultura.cat\/es\/mahala-alzamora-miembro-del-jurado-del-premio-empresa-cultura-2021\/"},"author":{"name":"fundacio","@id":"https:\/\/fundaciocatalunyacultura.cat\/#\/schema\/person\/f30f60b8448aa2c1761a644f652a4744"},"headline":"Mahala Alzamora, miembro del jurado del Premio Empresa Cultura 2021: \u201cEs fundamental dar visibilidad a las organizaciones que apoyan la cultura\u201d","datePublished":"2022-01-24T14:01:30+00:00","dateModified":"2022-01-24T16:09:37+00:00","mainEntityOfPage":{"@id":"https:\/\/www.fundaciocatalunyacultura.cat\/es\/mahala-alzamora-miembro-del-jurado-del-premio-empresa-cultura-2021\/"},"wordCount":413,"publisher":{"@id":"https:\/\/fundaciocatalunyacultura.cat\/#organization"},"articleSection":["Entrevistas"],"inLanguage":"es"},{"@type":"WebPage","@id":"https:\/\/www.fundaciocatalunyacultura.cat\/es\/mahala-alzamora-miembro-del-jurado-del-premio-empresa-cultura-2021\/","url":"https:\/\/www.fundaciocatalunyacultura.cat\/es\/mahala-alzamora-miembro-del-jurado-del-premio-empresa-cultura-2021\/","name":"Mahala Alzamora, miembro del jurado del Premio Empresa Cultura 2021: \u201cEs fundamental dar visibilidad a las organizaciones que apoyan la cultura\u201d | Fundaci\u00f3 Catalunya Cultura","isPartOf":{"@id":"https:\/\/fundaciocatalunyacultura.cat\/#website"},"datePublished":"2022-01-24T14:01:30+00:00","dateModified":"2022-01-24T16:09:37+00:00","breadcrumb":{"@id":"https:\/\/www.fundaciocatalunyacultura.cat\/es\/mahala-alzamora-miembro-del-jurado-del-premio-empresa-cultura-2021\/#breadcrumb"},"inLanguage":"es","potentialAction":[{"@type":"ReadAction","target":["https:\/\/www.fundaciocatalunyacultura.cat\/es\/mahala-alzamora-miembro-del-jurado-del-premio-empresa-cultura-2021\/"]}]},{"@type":"BreadcrumbList","@id":"https:\/\/www.fundaciocatalunyacultura.cat\/es\/mahala-alzamora-miembro-del-jurado-del-premio-empresa-cultura-2021\/#breadcrumb","itemListElement":[{"@type":"ListItem","position":1,"name":"Inici","item":"https:\/\/fundaciocatalunyacultura.cat\/es\/"},{"@type":"ListItem","position":2,"name":"Mahala Alzamora, miembro del jurado del Premio Empresa Cultura 2021: \u201cEs fundamental dar visibilidad a las organizaciones que apoyan la cultura\u201d"}]},{"@type":"WebSite","@id":"https:\/\/fundaciocatalunyacultura.cat\/#website","url":"https:\/\/fundaciocatalunyacultura.cat\/","name":"Fundaci\u00f3 Catalunya Cultura","description":"","publisher":{"@id":"https:\/\/fundaciocatalunyacultura.cat\/#organization"},"potentialAction":[{"@type":"SearchAction","target":{"@type":"EntryPoint","urlTemplate":"https:\/\/fundaciocatalunyacultura.cat\/?s={search_term_string}"},"query-input":{"@type":"PropertyValueSpecification","valueRequired":true,"valueName":"search_term_string"}}],"inLanguage":"es"},{"@type":"Organization","@id":"https:\/\/fundaciocatalunyacultura.cat\/#organization","name":"Fundaci\u00f3 Catalunya Cultura","url":"https:\/\/fundaciocatalunyacultura.cat\/","logo":{"@type":"ImageObject","inLanguage":"es","@id":"https:\/\/fundaciocatalunyacultura.cat\/#\/schema\/logo\/image\/","url":"https:\/\/hundreds-wordpress-uploads.s3.amazonaws.com\/fundacio-catalunya-cultura\/uploads\/2021\/03\/fcc_logo_blanc-scaled.jpeg","contentUrl":"https:\/\/hundreds-wordpress-uploads.s3.amazonaws.com\/fundacio-catalunya-cultura\/uploads\/2021\/03\/fcc_logo_blanc-scaled.jpeg","width":2560,"height":1785,"caption":"Fundaci\u00f3 Catalunya Cultura"},"image":{"@id":"https:\/\/fundaciocatalunyacultura.cat\/#\/schema\/logo\/image\/"},"sameAs":["https:\/\/www.facebook.com\/fundaciocatalunyacultura\/","https:\/\/x.com\/fcatcultura","https:\/\/www.linkedin.com\/company\/fundaci\u00f3-catalunya-cultura\/","https:\/\/ca.wikipedia.org\/wiki\/Fundaci\u00f3_Catalunya_Cultura"]},{"@type":"Person","@id":"https:\/\/fundaciocatalunyacultura.cat\/#\/schema\/person\/f30f60b8448aa2c1761a644f652a4744","name":"fundacio","image":{"@type":"ImageObject","inLanguage":"es","@id":"https:\/\/fundaciocatalunyacultura.cat\/#\/schema\/person\/image\/","url":"https:\/\/secure.gravatar.com\/avatar\/fe57a3f139ea81c65a338e37a8064b4e80844f839737532820c9107eb9e1966f?s=96&d=mm&r=g","contentUrl":"https:\/\/secure.gravatar.com\/avatar\/fe57a3f139ea81c65a338e37a8064b4e80844f839737532820c9107eb9e1966f?s=96&d=mm&r=g","caption":"fundacio"},"url":"https:\/\/www.fundaciocatalunyacultura.cat\/es\/author\/fundacio\/"}]}},"_links":{"self":[{"href":"https:\/\/www.fundaciocatalunyacultura.cat\/es\/wp-json\/wp\/v2\/posts\/7082","targetHints":{"allow":["GET"]}}],"collection":[{"href":"https:\/\/www.fundaciocatalunyacultura.cat\/es\/wp-json\/wp\/v2\/posts"}],"about":[{"href":"https:\/\/www.fundaciocatalunyacultura.cat\/es\/wp-json\/wp\/v2\/types\/post"}],"author":[{"embeddable":true,"href":"https:\/\/www.fundaciocatalunyacultura.cat\/es\/wp-json\/wp\/v2\/users\/1"}],"replies":[{"embeddable":true,"href":"https:\/\/www.fundaciocatalunyacultura.cat\/es\/wp-json\/wp\/v2\/comments?post=7082"}],"version-history":[{"count":15,"href":"https:\/\/www.fundaciocatalunyacultura.cat\/es\/wp-json\/wp\/v2\/posts\/7082\/revisions"}],"predecessor-version":[{"id":7112,"href":"https:\/\/www.fundaciocatalunyacultura.cat\/es\/wp-json\/wp\/v2\/posts\/7082\/revisions\/7112"}],"wp:attachment":[{"href":"https:\/\/www.fundaciocatalunyacultura.cat\/es\/wp-json\/wp\/v2\/media?parent=7082"}],"wp:term":[{"taxonomy":"category","embeddable":true,"href":"https:\/\/www.fundaciocatalunyacultura.cat\/es\/wp-json\/wp\/v2\/categories?post=7082"}],"curies":[{"name":"wp","href":"https:\/\/api.w.org\/{rel}","templated":true}]}}