{"id":6897,"date":"2022-01-12T12:27:35","date_gmt":"2022-01-12T12:27:35","guid":{"rendered":"https:\/\/www.fundaciocatalunyacultura.cat\/?p=6897"},"modified":"2022-01-12T17:42:50","modified_gmt":"2022-01-12T17:42:50","slug":"georgina-ferri-miembro-del-jurado-del-premio-empresa-cultura-2021-la-mision-de-una-empresa-tiene-que-aportar-valor-anadido-a-la-sociedad","status":"publish","type":"post","link":"https:\/\/www.fundaciocatalunyacultura.cat\/es\/georgina-ferri-miembro-del-jurado-del-premio-empresa-cultura-2021-la-mision-de-una-empresa-tiene-que-aportar-valor-anadido-a-la-sociedad\/","title":{"rendered":"Georgina Ferri, miembro del jurado del Premio Empresa Cultura 2021: \u201cLa misi\u00f3n de una empresa tiene que ser, en cierta manera, aportar valor a\u00f1adido a la sociedad\u00bb"},"content":{"rendered":"<p>Una vez ha finalizado el plazo de presentaci\u00f3n de las candidaturas para optar al Premio Empresa Cultura 2021, comienza la fase de deliberaci\u00f3n del jurado, que este a\u00f1o lo integran <strong>Miquel Molins<\/strong> (<a href=\"https:\/\/www.fundacionbancosabadell.com\/\" target=\"_blank\" rel=\"noopener\">Fundaci\u00f3 Banc Sabadell<\/a>) que act\u00faa como presidente; <strong>Mahala Alzamora<\/strong> (<a href=\"https:\/\/www.mahala.es\/\" target=\"_blank\" rel=\"noopener\">Mahala Comunicaci\u00f3n y Relaciones P\u00fablicas<\/a>); <strong>Ana Vall\u00e9s<\/strong> (<a href=\"https:\/\/www.sorigue.com\/es\" target=\"_blank\" rel=\"noopener\">Sorigu\u00e9<\/a>);<strong> Georgina Ferri<\/strong> (<a href=\"https:\/\/es.ara.cat\/\" target=\"_blank\" rel=\"noopener\">diari Ara<\/a>), y <strong>Llu\u00eds Coromina<\/strong> (<a href=\"http:\/\/grupagrienergia.com\/es\/home\/\" target=\"_blank\" rel=\"noopener\">grup AgriEnergia<\/a> y <a href=\"http:\/\/www.fundaciolluiscoromina.org\/\" target=\"_blank\" rel=\"noopener\">Fundaci\u00f3 Llu\u00eds Coromina<\/a>).<\/p>\n<p>El galard\u00f3n, que impulsamos desde la Fundaci\u00f3n por segundo a\u00f1o consecutivo, tiene el objetivo de <strong>reconocer y dar visibilidad a una empresa que destaque por su compromiso y su contribuci\u00f3n en el fomento y soporte de la cultura<\/strong> en el \u00e1mbito geogr\u00e1fico de Catalu\u00f1a.<\/p>\n<p>El Premio Empresa Cultura quiere distinguir a las compa\u00f1\u00edas que no s\u00f3lo apoyan a la cultura, sino que incluyen la cultura en su identidad empresarial, tal y como explica <strong>Georgina Ferri<\/strong>, directora gerente del diari Ara y miembro del jurado del Premio: \u201cSe valoran aquellas empresas que fomentan la cultura a trav\u00e9s de iniciativas individuales o colectivas, que propicien iniciativas culturales entre sus trabajadores y que lo hagan extensivo al territorio donde est\u00e1n ubicadas\u201d.<\/p>\n<blockquote>\n<h3 style=\"text-align: center;\">\u00abValoramos aquellas empresas que no ven el gasto en el fomento de la cultura como un gasto, sino como una inversi\u00f3n de futuro\u00bb<\/h3>\n<\/blockquote>\n<p><img loading=\"lazy\" decoding=\"async\" class=\"size-full wp-image-6891 aligncenter\" src=\"https:\/\/hundreds-wordpress-uploads.s3.amazonaws.com\/fundacio-catalunya-cultura\/uploads\/2022\/01\/xFa60hvQ.jpeg\" alt=\"\" width=\"235\" height=\"320\" srcset=\"https:\/\/hundreds-wordpress-uploads.s3.amazonaws.com\/fundacio-catalunya-cultura\/uploads\/2022\/01\/xFa60hvQ.jpeg 235w, https:\/\/hundreds-wordpress-uploads.s3.amazonaws.com\/fundacio-catalunya-cultura\/uploads\/2022\/01\/xFa60hvQ-220x300.jpeg 220w\" sizes=\"auto, (max-width: 235px) 100vw, 235px\" \/><\/p>\n<p>Para Ferri, la apuesta de las empresas para incorporar y formentar la cultura en su estrategia corporativa es primordial dado que \u201cla cultura es un derecho clave para hacer real la igualdad de oportunidades, ya no es suficiente con la educaci\u00f3n o la sanidad. Adem\u00e1s, lo cultural es un sector econ\u00f3mico clave para el progreso colectivo\u201d. En cuanto al rol de las empresas como agentes responsables y comprometidos con la sociedad y el territorio, la directora gerente del diari Ara destaca: \u201cLa misi\u00f3n de una empresa, la raz\u00f3n de ser de la empresa, el motivo por el que existe, tiene que ser, en cierta manera, aportar valor a\u00f1adido a la sociedad con la que convive y en este sentido es imprescindible la cultura y fomentarla\u201d.<\/p>\n<p>El veredicto del Premio Empresa Cultura 2021 se dar\u00e1 a conocer durante el mes de febrero. <strong>En la primera edici\u00f3n del galard\u00f3n, la iniciativa ganadora fue <a href=\"http:\/\/grupagrienergia.com\/es\/home\/\">AgriEnergia<\/a><\/strong>, que destac\u00f3 por su aportaci\u00f3n decidida e innovadora al mundo de la cultura, a trav\u00e9s de las artes.<\/p>\n<h3>\u00a1Mucha suerte a los candidatos del Premio Empresa Cultura 2021!<\/h3>\n","protected":false},"excerpt":{"rendered":"<p>Una vez ha finalizado el plazo de presentaci\u00f3n de las candidaturas para optar al Premio Empresa Cultura 2021, comienza la fase de deliberaci\u00f3n del jurado, que este a\u00f1o lo integran Miquel Molins (Fundaci\u00f3 Banc Sabadell) que act\u00faa como presidente; Mahala Alzamora (Mahala Comunicaci\u00f3n y Relaciones P\u00fablicas); Ana Vall\u00e9s (Sorigu\u00e9); Georgina Ferri (diari Ara), y Llu\u00eds [&hellip;]<\/p>\n","protected":false},"author":1,"featured_media":0,"comment_status":"closed","ping_status":"closed","sticky":false,"template":"","format":"standard","meta":{"_acf_changed":false,"footnotes":""},"categories":[44],"class_list":["post-6897","post","type-post","status-publish","format-standard","hentry","category-noticias"],"acf":[],"yoast_head":"<!-- This site is optimized with the Yoast SEO plugin v25.1 - https:\/\/yoast.com\/wordpress\/plugins\/seo\/ -->\n<title>Georgina Ferri, miembro del jurado del Premio Empresa Cultura 2021: \u201cLa misi\u00f3n de una empresa tiene que ser, en cierta manera, aportar valor a\u00f1adido a la sociedad&quot; | Fundaci\u00f3 Catalunya Cultura<\/title>\n<meta name=\"robots\" content=\"index, follow, max-snippet:-1, max-image-preview:large, max-video-preview:-1\" \/>\n<link rel=\"canonical\" href=\"https:\/\/www.fundaciocatalunyacultura.cat\/es\/georgina-ferri-miembro-del-jurado-del-premio-empresa-cultura-2021-la-mision-de-una-empresa-tiene-que-aportar-valor-anadido-a-la-sociedad\/\" \/>\n<meta property=\"og:locale\" content=\"es_ES\" \/>\n<meta property=\"og:type\" content=\"article\" \/>\n<meta property=\"og:title\" content=\"Georgina Ferri, miembro del jurado del Premio Empresa Cultura 2021: \u201cLa misi\u00f3n de una empresa tiene que ser, en cierta manera, aportar valor a\u00f1adido a la sociedad&quot; | Fundaci\u00f3 Catalunya Cultura\" \/>\n<meta property=\"og:description\" content=\"Una vez ha finalizado el plazo de presentaci\u00f3n de las candidaturas para optar al Premio Empresa Cultura 2021, comienza la fase de deliberaci\u00f3n del jurado, que este a\u00f1o lo integran Miquel Molins (Fundaci\u00f3 Banc Sabadell) que act\u00faa como presidente; Mahala Alzamora (Mahala Comunicaci\u00f3n y Relaciones P\u00fablicas); Ana Vall\u00e9s (Sorigu\u00e9); Georgina Ferri (diari Ara), y Llu\u00eds [&hellip;]\" \/>\n<meta property=\"og:url\" content=\"https:\/\/www.fundaciocatalunyacultura.cat\/es\/georgina-ferri-miembro-del-jurado-del-premio-empresa-cultura-2021-la-mision-de-una-empresa-tiene-que-aportar-valor-anadido-a-la-sociedad\/\" \/>\n<meta property=\"og:site_name\" content=\"Fundaci\u00f3 Catalunya Cultura\" \/>\n<meta property=\"article:publisher\" content=\"https:\/\/www.facebook.com\/fundaciocatalunyacultura\/\" \/>\n<meta property=\"article:published_time\" content=\"2022-01-12T12:27:35+00:00\" \/>\n<meta property=\"article:modified_time\" content=\"2022-01-12T17:42:50+00:00\" \/>\n<meta property=\"og:image\" content=\"https:\/\/hundreds-wordpress-uploads.s3.amazonaws.com\/fundacio-catalunya-cultura\/uploads\/2022\/01\/xFa60hvQ.jpeg\" \/>\n<meta name=\"author\" content=\"fundacio\" \/>\n<meta name=\"twitter:card\" content=\"summary_large_image\" \/>\n<meta name=\"twitter:creator\" content=\"@fcatcultura\" \/>\n<meta name=\"twitter:site\" content=\"@fcatcultura\" \/>\n<meta name=\"twitter:label1\" content=\"Escrito por\" \/>\n\t<meta name=\"twitter:data1\" content=\"fundacio\" \/>\n\t<meta name=\"twitter:label2\" content=\"Tiempo de lectura\" \/>\n\t<meta name=\"twitter:data2\" content=\"2 minutos\" \/>\n<script type=\"application\/ld+json\" class=\"yoast-schema-graph\">{\"@context\":\"https:\/\/schema.org\",\"@graph\":[{\"@type\":\"Article\",\"@id\":\"https:\/\/www.fundaciocatalunyacultura.cat\/es\/georgina-ferri-miembro-del-jurado-del-premio-empresa-cultura-2021-la-mision-de-una-empresa-tiene-que-aportar-valor-anadido-a-la-sociedad\/#article\",\"isPartOf\":{\"@id\":\"https:\/\/www.fundaciocatalunyacultura.cat\/es\/georgina-ferri-miembro-del-jurado-del-premio-empresa-cultura-2021-la-mision-de-una-empresa-tiene-que-aportar-valor-anadido-a-la-sociedad\/\"},\"author\":{\"name\":\"fundacio\",\"@id\":\"https:\/\/www.fundaciocatalunyacultura.cat\/#\/schema\/person\/f30f60b8448aa2c1761a644f652a4744\"},\"headline\":\"Georgina Ferri, miembro del jurado del Premio Empresa Cultura 2021: \u201cLa misi\u00f3n de una empresa tiene que ser, en cierta manera, aportar valor a\u00f1adido a la sociedad\u00bb\",\"datePublished\":\"2022-01-12T12:27:35+00:00\",\"dateModified\":\"2022-01-12T17:42:50+00:00\",\"mainEntityOfPage\":{\"@id\":\"https:\/\/www.fundaciocatalunyacultura.cat\/es\/georgina-ferri-miembro-del-jurado-del-premio-empresa-cultura-2021-la-mision-de-una-empresa-tiene-que-aportar-valor-anadido-a-la-sociedad\/\"},\"wordCount\":438,\"publisher\":{\"@id\":\"https:\/\/www.fundaciocatalunyacultura.cat\/#organization\"},\"image\":{\"@id\":\"https:\/\/www.fundaciocatalunyacultura.cat\/es\/georgina-ferri-miembro-del-jurado-del-premio-empresa-cultura-2021-la-mision-de-una-empresa-tiene-que-aportar-valor-anadido-a-la-sociedad\/#primaryimage\"},\"thumbnailUrl\":\"https:\/\/hundreds-wordpress-uploads.s3.amazonaws.com\/fundacio-catalunya-cultura\/uploads\/2022\/01\/xFa60hvQ.jpeg\",\"articleSection\":[\"Noticias\"],\"inLanguage\":\"es\"},{\"@type\":\"WebPage\",\"@id\":\"https:\/\/www.fundaciocatalunyacultura.cat\/es\/georgina-ferri-miembro-del-jurado-del-premio-empresa-cultura-2021-la-mision-de-una-empresa-tiene-que-aportar-valor-anadido-a-la-sociedad\/\",\"url\":\"https:\/\/www.fundaciocatalunyacultura.cat\/es\/georgina-ferri-miembro-del-jurado-del-premio-empresa-cultura-2021-la-mision-de-una-empresa-tiene-que-aportar-valor-anadido-a-la-sociedad\/\",\"name\":\"Georgina Ferri, miembro del jurado del Premio Empresa Cultura 2021: \u201cLa misi\u00f3n de una empresa tiene que ser, en cierta manera, aportar valor a\u00f1adido a la sociedad\\\" | Fundaci\u00f3 Catalunya Cultura\",\"isPartOf\":{\"@id\":\"https:\/\/www.fundaciocatalunyacultura.cat\/#website\"},\"primaryImageOfPage\":{\"@id\":\"https:\/\/www.fundaciocatalunyacultura.cat\/es\/georgina-ferri-miembro-del-jurado-del-premio-empresa-cultura-2021-la-mision-de-una-empresa-tiene-que-aportar-valor-anadido-a-la-sociedad\/#primaryimage\"},\"image\":{\"@id\":\"https:\/\/www.fundaciocatalunyacultura.cat\/es\/georgina-ferri-miembro-del-jurado-del-premio-empresa-cultura-2021-la-mision-de-una-empresa-tiene-que-aportar-valor-anadido-a-la-sociedad\/#primaryimage\"},\"thumbnailUrl\":\"https:\/\/hundreds-wordpress-uploads.s3.amazonaws.com\/fundacio-catalunya-cultura\/uploads\/2022\/01\/xFa60hvQ.jpeg\",\"datePublished\":\"2022-01-12T12:27:35+00:00\",\"dateModified\":\"2022-01-12T17:42:50+00:00\",\"breadcrumb\":{\"@id\":\"https:\/\/www.fundaciocatalunyacultura.cat\/es\/georgina-ferri-miembro-del-jurado-del-premio-empresa-cultura-2021-la-mision-de-una-empresa-tiene-que-aportar-valor-anadido-a-la-sociedad\/#breadcrumb\"},\"inLanguage\":\"es\",\"potentialAction\":[{\"@type\":\"ReadAction\",\"target\":[\"https:\/\/www.fundaciocatalunyacultura.cat\/es\/georgina-ferri-miembro-del-jurado-del-premio-empresa-cultura-2021-la-mision-de-una-empresa-tiene-que-aportar-valor-anadido-a-la-sociedad\/\"]}]},{\"@type\":\"ImageObject\",\"inLanguage\":\"es\",\"@id\":\"https:\/\/www.fundaciocatalunyacultura.cat\/es\/georgina-ferri-miembro-del-jurado-del-premio-empresa-cultura-2021-la-mision-de-una-empresa-tiene-que-aportar-valor-anadido-a-la-sociedad\/#primaryimage\",\"url\":\"https:\/\/hundreds-wordpress-uploads.s3.amazonaws.com\/fundacio-catalunya-cultura\/uploads\/2022\/01\/xFa60hvQ.jpeg\",\"contentUrl\":\"https:\/\/hundreds-wordpress-uploads.s3.amazonaws.com\/fundacio-catalunya-cultura\/uploads\/2022\/01\/xFa60hvQ.jpeg\"},{\"@type\":\"BreadcrumbList\",\"@id\":\"https:\/\/www.fundaciocatalunyacultura.cat\/es\/georgina-ferri-miembro-del-jurado-del-premio-empresa-cultura-2021-la-mision-de-una-empresa-tiene-que-aportar-valor-anadido-a-la-sociedad\/#breadcrumb\",\"itemListElement\":[{\"@type\":\"ListItem\",\"position\":1,\"name\":\"Inici\",\"item\":\"https:\/\/www.fundaciocatalunyacultura.cat\/es\/\"},{\"@type\":\"ListItem\",\"position\":2,\"name\":\"Georgina Ferri, miembro del jurado del Premio Empresa Cultura 2021: \u201cLa misi\u00f3n de una empresa tiene que ser, en cierta manera, aportar valor a\u00f1adido a la sociedad\u00bb\"}]},{\"@type\":\"WebSite\",\"@id\":\"https:\/\/www.fundaciocatalunyacultura.cat\/#website\",\"url\":\"https:\/\/www.fundaciocatalunyacultura.cat\/\",\"name\":\"Fundaci\u00f3 Catalunya Cultura\",\"description\":\"\",\"publisher\":{\"@id\":\"https:\/\/www.fundaciocatalunyacultura.cat\/#organization\"},\"potentialAction\":[{\"@type\":\"SearchAction\",\"target\":{\"@type\":\"EntryPoint\",\"urlTemplate\":\"https:\/\/www.fundaciocatalunyacultura.cat\/?s={search_term_string}\"},\"query-input\":{\"@type\":\"PropertyValueSpecification\",\"valueRequired\":true,\"valueName\":\"search_term_string\"}}],\"inLanguage\":\"es\"},{\"@type\":\"Organization\",\"@id\":\"https:\/\/www.fundaciocatalunyacultura.cat\/#organization\",\"name\":\"Fundaci\u00f3 Catalunya Cultura\",\"url\":\"https:\/\/www.fundaciocatalunyacultura.cat\/\",\"logo\":{\"@type\":\"ImageObject\",\"inLanguage\":\"es\",\"@id\":\"https:\/\/www.fundaciocatalunyacultura.cat\/#\/schema\/logo\/image\/\",\"url\":\"https:\/\/hundreds-wordpress-uploads.s3.amazonaws.com\/fundacio-catalunya-cultura\/uploads\/2021\/03\/fcc_logo_blanc-scaled.jpeg\",\"contentUrl\":\"https:\/\/hundreds-wordpress-uploads.s3.amazonaws.com\/fundacio-catalunya-cultura\/uploads\/2021\/03\/fcc_logo_blanc-scaled.jpeg\",\"width\":2560,\"height\":1785,\"caption\":\"Fundaci\u00f3 Catalunya Cultura\"},\"image\":{\"@id\":\"https:\/\/www.fundaciocatalunyacultura.cat\/#\/schema\/logo\/image\/\"},\"sameAs\":[\"https:\/\/www.facebook.com\/fundaciocatalunyacultura\/\",\"https:\/\/x.com\/fcatcultura\",\"https:\/\/www.linkedin.com\/company\/fundaci\u00f3-catalunya-cultura\/\",\"https:\/\/ca.wikipedia.org\/wiki\/Fundaci\u00f3_Catalunya_Cultura\"]},{\"@type\":\"Person\",\"@id\":\"https:\/\/www.fundaciocatalunyacultura.cat\/#\/schema\/person\/f30f60b8448aa2c1761a644f652a4744\",\"name\":\"fundacio\",\"image\":{\"@type\":\"ImageObject\",\"inLanguage\":\"es\",\"@id\":\"https:\/\/www.fundaciocatalunyacultura.cat\/#\/schema\/person\/image\/\",\"url\":\"https:\/\/secure.gravatar.com\/avatar\/fe57a3f139ea81c65a338e37a8064b4e80844f839737532820c9107eb9e1966f?s=96&d=mm&r=g\",\"contentUrl\":\"https:\/\/secure.gravatar.com\/avatar\/fe57a3f139ea81c65a338e37a8064b4e80844f839737532820c9107eb9e1966f?s=96&d=mm&r=g\",\"caption\":\"fundacio\"},\"url\":\"https:\/\/www.fundaciocatalunyacultura.cat\/es\/author\/fundacio\/\"}]}<\/script>\n<!-- \/ Yoast SEO plugin. -->","yoast_head_json":{"title":"Georgina Ferri, miembro del jurado del Premio Empresa Cultura 2021: \u201cLa misi\u00f3n de una empresa tiene que ser, en cierta manera, aportar valor a\u00f1adido a la sociedad\" | Fundaci\u00f3 Catalunya Cultura","robots":{"index":"index","follow":"follow","max-snippet":"max-snippet:-1","max-image-preview":"max-image-preview:large","max-video-preview":"max-video-preview:-1"},"canonical":"https:\/\/www.fundaciocatalunyacultura.cat\/es\/georgina-ferri-miembro-del-jurado-del-premio-empresa-cultura-2021-la-mision-de-una-empresa-tiene-que-aportar-valor-anadido-a-la-sociedad\/","og_locale":"es_ES","og_type":"article","og_title":"Georgina Ferri, miembro del jurado del Premio Empresa Cultura 2021: \u201cLa misi\u00f3n de una empresa tiene que ser, en cierta manera, aportar valor a\u00f1adido a la sociedad\" | Fundaci\u00f3 Catalunya Cultura","og_description":"Una vez ha finalizado el plazo de presentaci\u00f3n de las candidaturas para optar al Premio Empresa Cultura 2021, comienza la fase de deliberaci\u00f3n del jurado, que este a\u00f1o lo integran Miquel Molins (Fundaci\u00f3 Banc Sabadell) que act\u00faa como presidente; Mahala Alzamora (Mahala Comunicaci\u00f3n y Relaciones P\u00fablicas); Ana Vall\u00e9s (Sorigu\u00e9); Georgina Ferri (diari Ara), y Llu\u00eds [&hellip;]","og_url":"https:\/\/www.fundaciocatalunyacultura.cat\/es\/georgina-ferri-miembro-del-jurado-del-premio-empresa-cultura-2021-la-mision-de-una-empresa-tiene-que-aportar-valor-anadido-a-la-sociedad\/","og_site_name":"Fundaci\u00f3 Catalunya Cultura","article_publisher":"https:\/\/www.facebook.com\/fundaciocatalunyacultura\/","article_published_time":"2022-01-12T12:27:35+00:00","article_modified_time":"2022-01-12T17:42:50+00:00","og_image":[{"url":"https:\/\/hundreds-wordpress-uploads.s3.amazonaws.com\/fundacio-catalunya-cultura\/uploads\/2022\/01\/xFa60hvQ.jpeg","type":"","width":"","height":""}],"author":"fundacio","twitter_card":"summary_large_image","twitter_creator":"@fcatcultura","twitter_site":"@fcatcultura","twitter_misc":{"Escrito por":"fundacio","Tiempo de lectura":"2 minutos"},"schema":{"@context":"https:\/\/schema.org","@graph":[{"@type":"Article","@id":"https:\/\/www.fundaciocatalunyacultura.cat\/es\/georgina-ferri-miembro-del-jurado-del-premio-empresa-cultura-2021-la-mision-de-una-empresa-tiene-que-aportar-valor-anadido-a-la-sociedad\/#article","isPartOf":{"@id":"https:\/\/www.fundaciocatalunyacultura.cat\/es\/georgina-ferri-miembro-del-jurado-del-premio-empresa-cultura-2021-la-mision-de-una-empresa-tiene-que-aportar-valor-anadido-a-la-sociedad\/"},"author":{"name":"fundacio","@id":"https:\/\/www.fundaciocatalunyacultura.cat\/#\/schema\/person\/f30f60b8448aa2c1761a644f652a4744"},"headline":"Georgina Ferri, miembro del jurado del Premio Empresa Cultura 2021: \u201cLa misi\u00f3n de una empresa tiene que ser, en cierta manera, aportar valor a\u00f1adido a la sociedad\u00bb","datePublished":"2022-01-12T12:27:35+00:00","dateModified":"2022-01-12T17:42:50+00:00","mainEntityOfPage":{"@id":"https:\/\/www.fundaciocatalunyacultura.cat\/es\/georgina-ferri-miembro-del-jurado-del-premio-empresa-cultura-2021-la-mision-de-una-empresa-tiene-que-aportar-valor-anadido-a-la-sociedad\/"},"wordCount":438,"publisher":{"@id":"https:\/\/www.fundaciocatalunyacultura.cat\/#organization"},"image":{"@id":"https:\/\/www.fundaciocatalunyacultura.cat\/es\/georgina-ferri-miembro-del-jurado-del-premio-empresa-cultura-2021-la-mision-de-una-empresa-tiene-que-aportar-valor-anadido-a-la-sociedad\/#primaryimage"},"thumbnailUrl":"https:\/\/hundreds-wordpress-uploads.s3.amazonaws.com\/fundacio-catalunya-cultura\/uploads\/2022\/01\/xFa60hvQ.jpeg","articleSection":["Noticias"],"inLanguage":"es"},{"@type":"WebPage","@id":"https:\/\/www.fundaciocatalunyacultura.cat\/es\/georgina-ferri-miembro-del-jurado-del-premio-empresa-cultura-2021-la-mision-de-una-empresa-tiene-que-aportar-valor-anadido-a-la-sociedad\/","url":"https:\/\/www.fundaciocatalunyacultura.cat\/es\/georgina-ferri-miembro-del-jurado-del-premio-empresa-cultura-2021-la-mision-de-una-empresa-tiene-que-aportar-valor-anadido-a-la-sociedad\/","name":"Georgina Ferri, miembro del jurado del Premio Empresa Cultura 2021: \u201cLa misi\u00f3n de una empresa tiene que ser, en cierta manera, aportar valor a\u00f1adido a la sociedad\" | Fundaci\u00f3 Catalunya Cultura","isPartOf":{"@id":"https:\/\/www.fundaciocatalunyacultura.cat\/#website"},"primaryImageOfPage":{"@id":"https:\/\/www.fundaciocatalunyacultura.cat\/es\/georgina-ferri-miembro-del-jurado-del-premio-empresa-cultura-2021-la-mision-de-una-empresa-tiene-que-aportar-valor-anadido-a-la-sociedad\/#primaryimage"},"image":{"@id":"https:\/\/www.fundaciocatalunyacultura.cat\/es\/georgina-ferri-miembro-del-jurado-del-premio-empresa-cultura-2021-la-mision-de-una-empresa-tiene-que-aportar-valor-anadido-a-la-sociedad\/#primaryimage"},"thumbnailUrl":"https:\/\/hundreds-wordpress-uploads.s3.amazonaws.com\/fundacio-catalunya-cultura\/uploads\/2022\/01\/xFa60hvQ.jpeg","datePublished":"2022-01-12T12:27:35+00:00","dateModified":"2022-01-12T17:42:50+00:00","breadcrumb":{"@id":"https:\/\/www.fundaciocatalunyacultura.cat\/es\/georgina-ferri-miembro-del-jurado-del-premio-empresa-cultura-2021-la-mision-de-una-empresa-tiene-que-aportar-valor-anadido-a-la-sociedad\/#breadcrumb"},"inLanguage":"es","potentialAction":[{"@type":"ReadAction","target":["https:\/\/www.fundaciocatalunyacultura.cat\/es\/georgina-ferri-miembro-del-jurado-del-premio-empresa-cultura-2021-la-mision-de-una-empresa-tiene-que-aportar-valor-anadido-a-la-sociedad\/"]}]},{"@type":"ImageObject","inLanguage":"es","@id":"https:\/\/www.fundaciocatalunyacultura.cat\/es\/georgina-ferri-miembro-del-jurado-del-premio-empresa-cultura-2021-la-mision-de-una-empresa-tiene-que-aportar-valor-anadido-a-la-sociedad\/#primaryimage","url":"https:\/\/hundreds-wordpress-uploads.s3.amazonaws.com\/fundacio-catalunya-cultura\/uploads\/2022\/01\/xFa60hvQ.jpeg","contentUrl":"https:\/\/hundreds-wordpress-uploads.s3.amazonaws.com\/fundacio-catalunya-cultura\/uploads\/2022\/01\/xFa60hvQ.jpeg"},{"@type":"BreadcrumbList","@id":"https:\/\/www.fundaciocatalunyacultura.cat\/es\/georgina-ferri-miembro-del-jurado-del-premio-empresa-cultura-2021-la-mision-de-una-empresa-tiene-que-aportar-valor-anadido-a-la-sociedad\/#breadcrumb","itemListElement":[{"@type":"ListItem","position":1,"name":"Inici","item":"https:\/\/www.fundaciocatalunyacultura.cat\/es\/"},{"@type":"ListItem","position":2,"name":"Georgina Ferri, miembro del jurado del Premio Empresa Cultura 2021: \u201cLa misi\u00f3n de una empresa tiene que ser, en cierta manera, aportar valor a\u00f1adido a la sociedad\u00bb"}]},{"@type":"WebSite","@id":"https:\/\/www.fundaciocatalunyacultura.cat\/#website","url":"https:\/\/www.fundaciocatalunyacultura.cat\/","name":"Fundaci\u00f3 Catalunya Cultura","description":"","publisher":{"@id":"https:\/\/www.fundaciocatalunyacultura.cat\/#organization"},"potentialAction":[{"@type":"SearchAction","target":{"@type":"EntryPoint","urlTemplate":"https:\/\/www.fundaciocatalunyacultura.cat\/?s={search_term_string}"},"query-input":{"@type":"PropertyValueSpecification","valueRequired":true,"valueName":"search_term_string"}}],"inLanguage":"es"},{"@type":"Organization","@id":"https:\/\/www.fundaciocatalunyacultura.cat\/#organization","name":"Fundaci\u00f3 Catalunya Cultura","url":"https:\/\/www.fundaciocatalunyacultura.cat\/","logo":{"@type":"ImageObject","inLanguage":"es","@id":"https:\/\/www.fundaciocatalunyacultura.cat\/#\/schema\/logo\/image\/","url":"https:\/\/hundreds-wordpress-uploads.s3.amazonaws.com\/fundacio-catalunya-cultura\/uploads\/2021\/03\/fcc_logo_blanc-scaled.jpeg","contentUrl":"https:\/\/hundreds-wordpress-uploads.s3.amazonaws.com\/fundacio-catalunya-cultura\/uploads\/2021\/03\/fcc_logo_blanc-scaled.jpeg","width":2560,"height":1785,"caption":"Fundaci\u00f3 Catalunya Cultura"},"image":{"@id":"https:\/\/www.fundaciocatalunyacultura.cat\/#\/schema\/logo\/image\/"},"sameAs":["https:\/\/www.facebook.com\/fundaciocatalunyacultura\/","https:\/\/x.com\/fcatcultura","https:\/\/www.linkedin.com\/company\/fundaci\u00f3-catalunya-cultura\/","https:\/\/ca.wikipedia.org\/wiki\/Fundaci\u00f3_Catalunya_Cultura"]},{"@type":"Person","@id":"https:\/\/www.fundaciocatalunyacultura.cat\/#\/schema\/person\/f30f60b8448aa2c1761a644f652a4744","name":"fundacio","image":{"@type":"ImageObject","inLanguage":"es","@id":"https:\/\/www.fundaciocatalunyacultura.cat\/#\/schema\/person\/image\/","url":"https:\/\/secure.gravatar.com\/avatar\/fe57a3f139ea81c65a338e37a8064b4e80844f839737532820c9107eb9e1966f?s=96&d=mm&r=g","contentUrl":"https:\/\/secure.gravatar.com\/avatar\/fe57a3f139ea81c65a338e37a8064b4e80844f839737532820c9107eb9e1966f?s=96&d=mm&r=g","caption":"fundacio"},"url":"https:\/\/www.fundaciocatalunyacultura.cat\/es\/author\/fundacio\/"}]}},"_links":{"self":[{"href":"https:\/\/www.fundaciocatalunyacultura.cat\/es\/wp-json\/wp\/v2\/posts\/6897","targetHints":{"allow":["GET"]}}],"collection":[{"href":"https:\/\/www.fundaciocatalunyacultura.cat\/es\/wp-json\/wp\/v2\/posts"}],"about":[{"href":"https:\/\/www.fundaciocatalunyacultura.cat\/es\/wp-json\/wp\/v2\/types\/post"}],"author":[{"embeddable":true,"href":"https:\/\/www.fundaciocatalunyacultura.cat\/es\/wp-json\/wp\/v2\/users\/1"}],"replies":[{"embeddable":true,"href":"https:\/\/www.fundaciocatalunyacultura.cat\/es\/wp-json\/wp\/v2\/comments?post=6897"}],"version-history":[{"count":24,"href":"https:\/\/www.fundaciocatalunyacultura.cat\/es\/wp-json\/wp\/v2\/posts\/6897\/revisions"}],"predecessor-version":[{"id":6942,"href":"https:\/\/www.fundaciocatalunyacultura.cat\/es\/wp-json\/wp\/v2\/posts\/6897\/revisions\/6942"}],"wp:attachment":[{"href":"https:\/\/www.fundaciocatalunyacultura.cat\/es\/wp-json\/wp\/v2\/media?parent=6897"}],"wp:term":[{"taxonomy":"category","embeddable":true,"href":"https:\/\/www.fundaciocatalunyacultura.cat\/es\/wp-json\/wp\/v2\/categories?post=6897"}],"curies":[{"name":"wp","href":"https:\/\/api.w.org\/{rel}","templated":true}]}}