{"id":6366,"date":"2021-11-17T09:20:10","date_gmt":"2021-11-17T09:20:10","guid":{"rendered":"https:\/\/www.fundaciocatalunyacultura.cat\/?p=6366"},"modified":"2021-11-17T09:36:37","modified_gmt":"2021-11-17T09:36:37","slug":"la-innovacion-como-herramienta-de-transformacion-social","status":"publish","type":"post","link":"https:\/\/www.fundaciocatalunyacultura.cat\/es\/la-innovacion-como-herramienta-de-transformacion-social\/","title":{"rendered":"La innovaci\u00f3n como herramienta de transformaci\u00f3n social"},"content":{"rendered":"<p>Esta ma\u00f1ana se ha celebrado en <a href=\"https:\/\/cosmocaixa.org\/es\/\">CosmoCaixa<\/a>\u00a0la mesa redonda \u201cLa cultura despr\u00e9s de la pand\u00e8mia\u201d, moderada por la directora de la Fundaci\u00f3n, <strong>Maite Esteve<\/strong>, en el marco de la <strong>Diada<\/strong> <a href=\"https:\/\/graustic.cat\/es\/home-esp\/\">GrausTIC<\/a>: \u201cLas TIC: eje de la transformaci\u00f3n econ\u00f3mica y social \u201d. En el encuentro han participado <strong>David Xirau<\/strong>, responsable de Mediapro Exhibitions;<strong> Blanca Gallo<\/strong>, CEO de Gaudiu M\u00fasica y Project Manager de Sant Andreu Jazz Band;<strong> Miquel Rutllan<\/strong>, Director General de Grupo Lavinia y Presidente del Cl\u00faster Audiovisual de Catalu\u00f1a, y <strong>Marisol L\u00f3pez<\/strong>, Directora General de Innovaci\u00f3n y Cultura Digital del Departamento de Cultura de la Generalitat.<\/p>\n<p>El sector de la cultura se est\u00e1 adaptando a la transformaci\u00f3n digital a gran velocidad con una amplia oferta de plataformas y aplicaciones que ofrecen multitud de contenidos audiovisuales. \u00bfC\u00f3mo ser\u00e1 la cultura despu\u00e9s de la pandemia? \u00bfQu\u00e9 cambios deben implementarse para mantener la oferta y poder asistir a eventos culturales?<\/p>\n<h4>LA IMPORTANCIA DE LAS TIC<\/h4>\n<p>Este oto\u00f1o en Catalu\u00f1a se celebrar\u00e1n un gran n\u00famero de actividades para disfrutar de la cultura en clave digital. Cada vez m\u00e1s, las ferias, charlas, proyecciones o conciertos ponen de manifiesto la innovaci\u00f3n como herramienta transformadora en un mundo, el cultural, que ha vivido, en parte, alejado de la tecnolog\u00eda. Durante la pandemia, aunque las cifras de empleo cayeron, la actividad cultural creci\u00f3. Muy destacable ha sido el caso de los videojuegos y plataformas digitales. Todos somos conscientes de la importancia de las TIC para el desarrollo de la cultura y Catalu\u00f1a es reconocida por su polo de atracci\u00f3n cultural e innovador.<\/p>\n<p>Marisol L\u00f3pez ha explicado que las empresas de fuera vienen a Barcelona porque hay un ecosistema que trabaja muy conjuntamente por la innovaci\u00f3n. \u00abDebemos hacer planes a corto plazo y ser muy r\u00e1pidos para adaptarnos a las TIC\u00bb, ha a\u00f1adido.<\/p>\n<p>Miquel Rutllant ha recordado que \u201ccada vez es m\u00e1s dif\u00edcil definir qu\u00e9 es el audiovisual. Es un sector m\u00e1s rico y complejo de lo que piensa la gente. La tecnolog\u00eda tiene cada vez un papel m\u00e1s importante. Lo audiovisual lo impregna todo\u201d. Mientras que David Xirau ha indicado que \u00abestamos en una \u00e9poca de dobles tensiones: virtualizaci\u00f3n versus vivir experiencias reales\u00bb.<\/p>\n<p>Por su parte, Maite Esteve ha apuntado que \u201cen la <a href=\"https:\/\/www.fundaciocatalunyacultura.cat\/es\/comunidad-impulsa\/\">Comunidad IMPULSA CULTURA<\/a> de la Fundaci\u00f3n tenemos 174 proyectos culturales de gente que no tiene tiempo ni recursos para ir m\u00e1s all\u00e1 del d\u00eda a d\u00eda. No tienen el tiempo ni los recursos para llegar a las nuevas tecnolog\u00edas. Si tienes un hecho cultural m\u00e1s cl\u00e1sico o alejado del mundo de las TIC, cada vez la separaci\u00f3n es mayor\u201d.<\/p>\n","protected":false},"excerpt":{"rendered":"<p>Esta ma\u00f1ana se ha celebrado en CosmoCaixa\u00a0la mesa redonda \u201cLa cultura despr\u00e9s de la pand\u00e8mia\u201d, moderada por la directora de la Fundaci\u00f3n, Maite Esteve, en el marco de la Diada GrausTIC: \u201cLas TIC: eje de la transformaci\u00f3n econ\u00f3mica y social \u201d. En el encuentro han participado David Xirau, responsable de Mediapro Exhibitions; Blanca Gallo, CEO [&hellip;]<\/p>\n","protected":false},"author":1,"featured_media":0,"comment_status":"closed","ping_status":"closed","sticky":false,"template":"","format":"standard","meta":{"_acf_changed":false,"footnotes":""},"categories":[50,54],"class_list":["post-6366","post","type-post","status-publish","format-standard","hentry","category-actividades","category-conclusiones"],"acf":[],"yoast_head":"<!-- This site is optimized with the Yoast SEO plugin v25.1 - https:\/\/yoast.com\/wordpress\/plugins\/seo\/ -->\n<title>La innovaci\u00f3n como herramienta de transformaci\u00f3n social | Fundaci\u00f3 Catalunya Cultura<\/title>\n<meta name=\"robots\" content=\"index, follow, max-snippet:-1, max-image-preview:large, max-video-preview:-1\" \/>\n<link rel=\"canonical\" href=\"https:\/\/www.fundaciocatalunyacultura.cat\/es\/la-innovacion-como-herramienta-de-transformacion-social\/\" \/>\n<meta property=\"og:locale\" content=\"es_ES\" \/>\n<meta property=\"og:type\" content=\"article\" \/>\n<meta property=\"og:title\" content=\"La innovaci\u00f3n como herramienta de transformaci\u00f3n social | Fundaci\u00f3 Catalunya Cultura\" \/>\n<meta property=\"og:description\" content=\"Esta ma\u00f1ana se ha celebrado en CosmoCaixa\u00a0la mesa redonda \u201cLa cultura despr\u00e9s de la pand\u00e8mia\u201d, moderada por la directora de la Fundaci\u00f3n, Maite Esteve, en el marco de la Diada GrausTIC: \u201cLas TIC: eje de la transformaci\u00f3n econ\u00f3mica y social \u201d. En el encuentro han participado David Xirau, responsable de Mediapro Exhibitions; Blanca Gallo, CEO [&hellip;]\" \/>\n<meta property=\"og:url\" content=\"https:\/\/www.fundaciocatalunyacultura.cat\/es\/la-innovacion-como-herramienta-de-transformacion-social\/\" \/>\n<meta property=\"og:site_name\" content=\"Fundaci\u00f3 Catalunya Cultura\" \/>\n<meta property=\"article:publisher\" content=\"https:\/\/www.facebook.com\/fundaciocatalunyacultura\/\" \/>\n<meta property=\"article:published_time\" content=\"2021-11-17T09:20:10+00:00\" \/>\n<meta property=\"article:modified_time\" content=\"2021-11-17T09:36:37+00:00\" \/>\n<meta name=\"author\" content=\"fundacio\" \/>\n<meta name=\"twitter:card\" content=\"summary_large_image\" \/>\n<meta name=\"twitter:creator\" content=\"@fcatcultura\" \/>\n<meta name=\"twitter:site\" content=\"@fcatcultura\" \/>\n<meta name=\"twitter:label1\" content=\"Escrito por\" \/>\n\t<meta name=\"twitter:data1\" content=\"fundacio\" \/>\n\t<meta name=\"twitter:label2\" content=\"Tiempo de lectura\" \/>\n\t<meta name=\"twitter:data2\" content=\"2 minutos\" \/>\n<script type=\"application\/ld+json\" class=\"yoast-schema-graph\">{\"@context\":\"https:\/\/schema.org\",\"@graph\":[{\"@type\":\"Article\",\"@id\":\"https:\/\/www.fundaciocatalunyacultura.cat\/es\/la-innovacion-como-herramienta-de-transformacion-social\/#article\",\"isPartOf\":{\"@id\":\"https:\/\/www.fundaciocatalunyacultura.cat\/es\/la-innovacion-como-herramienta-de-transformacion-social\/\"},\"author\":{\"name\":\"fundacio\",\"@id\":\"https:\/\/www.fundaciocatalunyacultura.cat\/#\/schema\/person\/f30f60b8448aa2c1761a644f652a4744\"},\"headline\":\"La innovaci\u00f3n como herramienta de transformaci\u00f3n social\",\"datePublished\":\"2021-11-17T09:20:10+00:00\",\"dateModified\":\"2021-11-17T09:36:37+00:00\",\"mainEntityOfPage\":{\"@id\":\"https:\/\/www.fundaciocatalunyacultura.cat\/es\/la-innovacion-como-herramienta-de-transformacion-social\/\"},\"wordCount\":474,\"publisher\":{\"@id\":\"https:\/\/www.fundaciocatalunyacultura.cat\/#organization\"},\"articleSection\":[\"Actividades\",\"Conclusiones actos\"],\"inLanguage\":\"es\"},{\"@type\":\"WebPage\",\"@id\":\"https:\/\/www.fundaciocatalunyacultura.cat\/es\/la-innovacion-como-herramienta-de-transformacion-social\/\",\"url\":\"https:\/\/www.fundaciocatalunyacultura.cat\/es\/la-innovacion-como-herramienta-de-transformacion-social\/\",\"name\":\"La innovaci\u00f3n como herramienta de transformaci\u00f3n social | Fundaci\u00f3 Catalunya Cultura\",\"isPartOf\":{\"@id\":\"https:\/\/www.fundaciocatalunyacultura.cat\/#website\"},\"datePublished\":\"2021-11-17T09:20:10+00:00\",\"dateModified\":\"2021-11-17T09:36:37+00:00\",\"breadcrumb\":{\"@id\":\"https:\/\/www.fundaciocatalunyacultura.cat\/es\/la-innovacion-como-herramienta-de-transformacion-social\/#breadcrumb\"},\"inLanguage\":\"es\",\"potentialAction\":[{\"@type\":\"ReadAction\",\"target\":[\"https:\/\/www.fundaciocatalunyacultura.cat\/es\/la-innovacion-como-herramienta-de-transformacion-social\/\"]}]},{\"@type\":\"BreadcrumbList\",\"@id\":\"https:\/\/www.fundaciocatalunyacultura.cat\/es\/la-innovacion-como-herramienta-de-transformacion-social\/#breadcrumb\",\"itemListElement\":[{\"@type\":\"ListItem\",\"position\":1,\"name\":\"Inici\",\"item\":\"https:\/\/www.fundaciocatalunyacultura.cat\/es\/\"},{\"@type\":\"ListItem\",\"position\":2,\"name\":\"La innovaci\u00f3n como herramienta de transformaci\u00f3n social\"}]},{\"@type\":\"WebSite\",\"@id\":\"https:\/\/www.fundaciocatalunyacultura.cat\/#website\",\"url\":\"https:\/\/www.fundaciocatalunyacultura.cat\/\",\"name\":\"Fundaci\u00f3 Catalunya Cultura\",\"description\":\"\",\"publisher\":{\"@id\":\"https:\/\/www.fundaciocatalunyacultura.cat\/#organization\"},\"potentialAction\":[{\"@type\":\"SearchAction\",\"target\":{\"@type\":\"EntryPoint\",\"urlTemplate\":\"https:\/\/www.fundaciocatalunyacultura.cat\/?s={search_term_string}\"},\"query-input\":{\"@type\":\"PropertyValueSpecification\",\"valueRequired\":true,\"valueName\":\"search_term_string\"}}],\"inLanguage\":\"es\"},{\"@type\":\"Organization\",\"@id\":\"https:\/\/www.fundaciocatalunyacultura.cat\/#organization\",\"name\":\"Fundaci\u00f3 Catalunya Cultura\",\"url\":\"https:\/\/www.fundaciocatalunyacultura.cat\/\",\"logo\":{\"@type\":\"ImageObject\",\"inLanguage\":\"es\",\"@id\":\"https:\/\/www.fundaciocatalunyacultura.cat\/#\/schema\/logo\/image\/\",\"url\":\"https:\/\/hundreds-wordpress-uploads.s3.amazonaws.com\/fundacio-catalunya-cultura\/uploads\/2021\/03\/fcc_logo_blanc-scaled.jpeg\",\"contentUrl\":\"https:\/\/hundreds-wordpress-uploads.s3.amazonaws.com\/fundacio-catalunya-cultura\/uploads\/2021\/03\/fcc_logo_blanc-scaled.jpeg\",\"width\":2560,\"height\":1785,\"caption\":\"Fundaci\u00f3 Catalunya Cultura\"},\"image\":{\"@id\":\"https:\/\/www.fundaciocatalunyacultura.cat\/#\/schema\/logo\/image\/\"},\"sameAs\":[\"https:\/\/www.facebook.com\/fundaciocatalunyacultura\/\",\"https:\/\/x.com\/fcatcultura\",\"https:\/\/www.linkedin.com\/company\/fundaci\u00f3-catalunya-cultura\/\",\"https:\/\/ca.wikipedia.org\/wiki\/Fundaci\u00f3_Catalunya_Cultura\"]},{\"@type\":\"Person\",\"@id\":\"https:\/\/www.fundaciocatalunyacultura.cat\/#\/schema\/person\/f30f60b8448aa2c1761a644f652a4744\",\"name\":\"fundacio\",\"image\":{\"@type\":\"ImageObject\",\"inLanguage\":\"es\",\"@id\":\"https:\/\/www.fundaciocatalunyacultura.cat\/#\/schema\/person\/image\/\",\"url\":\"https:\/\/secure.gravatar.com\/avatar\/fe57a3f139ea81c65a338e37a8064b4e80844f839737532820c9107eb9e1966f?s=96&d=mm&r=g\",\"contentUrl\":\"https:\/\/secure.gravatar.com\/avatar\/fe57a3f139ea81c65a338e37a8064b4e80844f839737532820c9107eb9e1966f?s=96&d=mm&r=g\",\"caption\":\"fundacio\"},\"url\":\"https:\/\/www.fundaciocatalunyacultura.cat\/es\/author\/fundacio\/\"}]}<\/script>\n<!-- \/ Yoast SEO plugin. -->","yoast_head_json":{"title":"La innovaci\u00f3n como herramienta de transformaci\u00f3n social | Fundaci\u00f3 Catalunya Cultura","robots":{"index":"index","follow":"follow","max-snippet":"max-snippet:-1","max-image-preview":"max-image-preview:large","max-video-preview":"max-video-preview:-1"},"canonical":"https:\/\/www.fundaciocatalunyacultura.cat\/es\/la-innovacion-como-herramienta-de-transformacion-social\/","og_locale":"es_ES","og_type":"article","og_title":"La innovaci\u00f3n como herramienta de transformaci\u00f3n social | Fundaci\u00f3 Catalunya Cultura","og_description":"Esta ma\u00f1ana se ha celebrado en CosmoCaixa\u00a0la mesa redonda \u201cLa cultura despr\u00e9s de la pand\u00e8mia\u201d, moderada por la directora de la Fundaci\u00f3n, Maite Esteve, en el marco de la Diada GrausTIC: \u201cLas TIC: eje de la transformaci\u00f3n econ\u00f3mica y social \u201d. En el encuentro han participado David Xirau, responsable de Mediapro Exhibitions; Blanca Gallo, CEO [&hellip;]","og_url":"https:\/\/www.fundaciocatalunyacultura.cat\/es\/la-innovacion-como-herramienta-de-transformacion-social\/","og_site_name":"Fundaci\u00f3 Catalunya Cultura","article_publisher":"https:\/\/www.facebook.com\/fundaciocatalunyacultura\/","article_published_time":"2021-11-17T09:20:10+00:00","article_modified_time":"2021-11-17T09:36:37+00:00","author":"fundacio","twitter_card":"summary_large_image","twitter_creator":"@fcatcultura","twitter_site":"@fcatcultura","twitter_misc":{"Escrito por":"fundacio","Tiempo de lectura":"2 minutos"},"schema":{"@context":"https:\/\/schema.org","@graph":[{"@type":"Article","@id":"https:\/\/www.fundaciocatalunyacultura.cat\/es\/la-innovacion-como-herramienta-de-transformacion-social\/#article","isPartOf":{"@id":"https:\/\/www.fundaciocatalunyacultura.cat\/es\/la-innovacion-como-herramienta-de-transformacion-social\/"},"author":{"name":"fundacio","@id":"https:\/\/www.fundaciocatalunyacultura.cat\/#\/schema\/person\/f30f60b8448aa2c1761a644f652a4744"},"headline":"La innovaci\u00f3n como herramienta de transformaci\u00f3n social","datePublished":"2021-11-17T09:20:10+00:00","dateModified":"2021-11-17T09:36:37+00:00","mainEntityOfPage":{"@id":"https:\/\/www.fundaciocatalunyacultura.cat\/es\/la-innovacion-como-herramienta-de-transformacion-social\/"},"wordCount":474,"publisher":{"@id":"https:\/\/www.fundaciocatalunyacultura.cat\/#organization"},"articleSection":["Actividades","Conclusiones actos"],"inLanguage":"es"},{"@type":"WebPage","@id":"https:\/\/www.fundaciocatalunyacultura.cat\/es\/la-innovacion-como-herramienta-de-transformacion-social\/","url":"https:\/\/www.fundaciocatalunyacultura.cat\/es\/la-innovacion-como-herramienta-de-transformacion-social\/","name":"La innovaci\u00f3n como herramienta de transformaci\u00f3n social | Fundaci\u00f3 Catalunya Cultura","isPartOf":{"@id":"https:\/\/www.fundaciocatalunyacultura.cat\/#website"},"datePublished":"2021-11-17T09:20:10+00:00","dateModified":"2021-11-17T09:36:37+00:00","breadcrumb":{"@id":"https:\/\/www.fundaciocatalunyacultura.cat\/es\/la-innovacion-como-herramienta-de-transformacion-social\/#breadcrumb"},"inLanguage":"es","potentialAction":[{"@type":"ReadAction","target":["https:\/\/www.fundaciocatalunyacultura.cat\/es\/la-innovacion-como-herramienta-de-transformacion-social\/"]}]},{"@type":"BreadcrumbList","@id":"https:\/\/www.fundaciocatalunyacultura.cat\/es\/la-innovacion-como-herramienta-de-transformacion-social\/#breadcrumb","itemListElement":[{"@type":"ListItem","position":1,"name":"Inici","item":"https:\/\/www.fundaciocatalunyacultura.cat\/es\/"},{"@type":"ListItem","position":2,"name":"La innovaci\u00f3n como herramienta de transformaci\u00f3n social"}]},{"@type":"WebSite","@id":"https:\/\/www.fundaciocatalunyacultura.cat\/#website","url":"https:\/\/www.fundaciocatalunyacultura.cat\/","name":"Fundaci\u00f3 Catalunya Cultura","description":"","publisher":{"@id":"https:\/\/www.fundaciocatalunyacultura.cat\/#organization"},"potentialAction":[{"@type":"SearchAction","target":{"@type":"EntryPoint","urlTemplate":"https:\/\/www.fundaciocatalunyacultura.cat\/?s={search_term_string}"},"query-input":{"@type":"PropertyValueSpecification","valueRequired":true,"valueName":"search_term_string"}}],"inLanguage":"es"},{"@type":"Organization","@id":"https:\/\/www.fundaciocatalunyacultura.cat\/#organization","name":"Fundaci\u00f3 Catalunya Cultura","url":"https:\/\/www.fundaciocatalunyacultura.cat\/","logo":{"@type":"ImageObject","inLanguage":"es","@id":"https:\/\/www.fundaciocatalunyacultura.cat\/#\/schema\/logo\/image\/","url":"https:\/\/hundreds-wordpress-uploads.s3.amazonaws.com\/fundacio-catalunya-cultura\/uploads\/2021\/03\/fcc_logo_blanc-scaled.jpeg","contentUrl":"https:\/\/hundreds-wordpress-uploads.s3.amazonaws.com\/fundacio-catalunya-cultura\/uploads\/2021\/03\/fcc_logo_blanc-scaled.jpeg","width":2560,"height":1785,"caption":"Fundaci\u00f3 Catalunya Cultura"},"image":{"@id":"https:\/\/www.fundaciocatalunyacultura.cat\/#\/schema\/logo\/image\/"},"sameAs":["https:\/\/www.facebook.com\/fundaciocatalunyacultura\/","https:\/\/x.com\/fcatcultura","https:\/\/www.linkedin.com\/company\/fundaci\u00f3-catalunya-cultura\/","https:\/\/ca.wikipedia.org\/wiki\/Fundaci\u00f3_Catalunya_Cultura"]},{"@type":"Person","@id":"https:\/\/www.fundaciocatalunyacultura.cat\/#\/schema\/person\/f30f60b8448aa2c1761a644f652a4744","name":"fundacio","image":{"@type":"ImageObject","inLanguage":"es","@id":"https:\/\/www.fundaciocatalunyacultura.cat\/#\/schema\/person\/image\/","url":"https:\/\/secure.gravatar.com\/avatar\/fe57a3f139ea81c65a338e37a8064b4e80844f839737532820c9107eb9e1966f?s=96&d=mm&r=g","contentUrl":"https:\/\/secure.gravatar.com\/avatar\/fe57a3f139ea81c65a338e37a8064b4e80844f839737532820c9107eb9e1966f?s=96&d=mm&r=g","caption":"fundacio"},"url":"https:\/\/www.fundaciocatalunyacultura.cat\/es\/author\/fundacio\/"}]}},"_links":{"self":[{"href":"https:\/\/www.fundaciocatalunyacultura.cat\/es\/wp-json\/wp\/v2\/posts\/6366","targetHints":{"allow":["GET"]}}],"collection":[{"href":"https:\/\/www.fundaciocatalunyacultura.cat\/es\/wp-json\/wp\/v2\/posts"}],"about":[{"href":"https:\/\/www.fundaciocatalunyacultura.cat\/es\/wp-json\/wp\/v2\/types\/post"}],"author":[{"embeddable":true,"href":"https:\/\/www.fundaciocatalunyacultura.cat\/es\/wp-json\/wp\/v2\/users\/1"}],"replies":[{"embeddable":true,"href":"https:\/\/www.fundaciocatalunyacultura.cat\/es\/wp-json\/wp\/v2\/comments?post=6366"}],"version-history":[{"count":3,"href":"https:\/\/www.fundaciocatalunyacultura.cat\/es\/wp-json\/wp\/v2\/posts\/6366\/revisions"}],"predecessor-version":[{"id":6373,"href":"https:\/\/www.fundaciocatalunyacultura.cat\/es\/wp-json\/wp\/v2\/posts\/6366\/revisions\/6373"}],"wp:attachment":[{"href":"https:\/\/www.fundaciocatalunyacultura.cat\/es\/wp-json\/wp\/v2\/media?parent=6366"}],"wp:term":[{"taxonomy":"category","embeddable":true,"href":"https:\/\/www.fundaciocatalunyacultura.cat\/es\/wp-json\/wp\/v2\/categories?post=6366"}],"curies":[{"name":"wp","href":"https:\/\/api.w.org\/{rel}","templated":true}]}}