{"id":4282,"date":"2019-07-11T00:00:00","date_gmt":"2019-07-11T00:00:00","guid":{"rendered":"https:\/\/www.fundaciocatalunyacultura.cat\/la-comunitat-impulsa\/"},"modified":"2021-04-16T10:04:16","modified_gmt":"2021-04-16T10:04:16","slug":"la-comunitat-impulsa","status":"publish","type":"post","link":"https:\/\/www.fundaciocatalunyacultura.cat\/es\/la-comunitat-impulsa\/","title":{"rendered":"La comunidad impulsa"},"content":{"rendered":"<p>La Fundaci\u00f3 Catalunya Cultura est\u00e0 representada per un gran nombre d\u2019empreses compromeses amb la cultura, per\u00f2\u00a0el nostre \u00e8xit resideix en l\u2019\u00e8xit que assoleixen els\u00a0projectes culturals acompanyats per la Fundaci\u00f3. El seu \u00e8xit \u00e9s el nostre \u00e8xit.<\/p>\n<p>Amb aquesta premissa hem dut a terme la primera trobada de la Comunitat IMPULSA amb l\u2019objectiu d\u2019enxarxar aquesta gran fam\u00edlia i ampliar el seu ventall relacional i ecosistema de finan\u00e7ament a trav\u00e9s de la jornada \u00abUn nou paradigma de finan\u00e7ament\u00bb.<\/p>\n<p>L\u2019empresa i la cultura poden semblar a priori \u00e0mbits molt allunyats, per\u00f2 molt sovint comparteixen les mateixes preocupacions i obligacions per ser sostenibles i solvents.<\/p>\n<p>La consultora Salto con Red ha fet de mestre de cerim\u00f2nies de la jornada, coordinant les diferents din\u00e0miques pensades per enxarxar els projectes de la Comunitat de la Fundaci\u00f3 i directius d\u2019empreses de diferents \u00e0mbits, que en tot moment hem treballat i col\u00b7laborat en equip per arribar a conclusions viables i estrat\u00e8giques sobre possibles models de finan\u00e7ament.<\/p>\n<p>Durant l\u2019acte hem comptat amb el testimoni de Carlus Padrissa, cofundador i membre de la Fura dels Baus, que amb gran dinamisme i entusiasme ens ha explicat les diferents experi\u00e8ncies i la traject\u00f2ria transgressora de la companyia.<\/p>\n<p>L\u2019acte ha finalitzat amb una visita a la Fundaci\u00f3 T\u00e0pies guiats pel seu director, Carles Guerra. Un tancament rod\u00f3 per una jornada intensa i fruct\u00edfera per a tots els implicats.<\/p>\n<p>Aquesta primera jornada ajuda, per una banda, a fer cr\u00e9ixer les interrelacions de la Comunitat IMPULSA, i per l\u2019altra, que el m\u00f3n empresarial i cultural estableixin la seva activitat col\u00b7laborant juntament de forma cohesionada i beneficiosa pels dos sectors.<\/p>\n<p>&nbsp;<\/p>\n<p>https:\/\/vimeo.com\/349012213<\/p>\n","protected":false},"excerpt":{"rendered":"<p>La Fundaci\u00f3 Catalunya Cultura est\u00e0 representada per un gran nombre d\u2019empreses compromeses amb la cultura, per\u00f2\u00a0el nostre \u00e8xit resideix en l\u2019\u00e8xit que assoleixen els\u00a0projectes culturals acompanyats per la Fundaci\u00f3. El seu \u00e8xit \u00e9s el nostre \u00e8xit. Amb aquesta premissa hem dut a terme la primera trobada de la Comunitat IMPULSA amb l\u2019objectiu d\u2019enxarxar aquesta gran [&hellip;]<\/p>\n","protected":false},"author":1,"featured_media":0,"comment_status":"closed","ping_status":"closed","sticky":false,"template":"","format":"standard","meta":{"_acf_changed":false,"footnotes":""},"categories":[54],"class_list":["post-4282","post","type-post","status-publish","format-standard","hentry","category-conclusiones"],"acf":[],"yoast_head":"<!-- This site is optimized with the Yoast SEO plugin v25.1 - https:\/\/yoast.com\/wordpress\/plugins\/seo\/ -->\n<title>La comunidad impulsa | Fundaci\u00f3 Catalunya Cultura<\/title>\n<meta name=\"robots\" content=\"index, follow, max-snippet:-1, max-image-preview:large, max-video-preview:-1\" \/>\n<link rel=\"canonical\" href=\"https:\/\/www.fundaciocatalunyacultura.cat\/es\/la-comunitat-impulsa\/\" \/>\n<meta property=\"og:locale\" content=\"es_ES\" \/>\n<meta property=\"og:type\" content=\"article\" \/>\n<meta property=\"og:title\" content=\"La comunidad impulsa | Fundaci\u00f3 Catalunya Cultura\" \/>\n<meta property=\"og:description\" content=\"La Fundaci\u00f3 Catalunya Cultura est\u00e0 representada per un gran nombre d\u2019empreses compromeses amb la cultura, per\u00f2\u00a0el nostre \u00e8xit resideix en l\u2019\u00e8xit que assoleixen els\u00a0projectes culturals acompanyats per la Fundaci\u00f3. El seu \u00e8xit \u00e9s el nostre \u00e8xit. Amb aquesta premissa hem dut a terme la primera trobada de la Comunitat IMPULSA amb l\u2019objectiu d\u2019enxarxar aquesta gran [&hellip;]\" \/>\n<meta property=\"og:url\" content=\"https:\/\/www.fundaciocatalunyacultura.cat\/es\/la-comunitat-impulsa\/\" \/>\n<meta property=\"og:site_name\" content=\"Fundaci\u00f3 Catalunya Cultura\" \/>\n<meta property=\"article:publisher\" content=\"https:\/\/www.facebook.com\/fundaciocatalunyacultura\/\" \/>\n<meta property=\"article:published_time\" content=\"2019-07-11T00:00:00+00:00\" \/>\n<meta property=\"article:modified_time\" content=\"2021-04-16T10:04:16+00:00\" \/>\n<meta name=\"author\" content=\"fundacio\" \/>\n<meta name=\"twitter:card\" content=\"summary_large_image\" \/>\n<meta name=\"twitter:creator\" content=\"@fcatcultura\" \/>\n<meta name=\"twitter:site\" content=\"@fcatcultura\" \/>\n<meta name=\"twitter:label1\" content=\"Escrito por\" \/>\n\t<meta name=\"twitter:data1\" content=\"fundacio\" \/>\n\t<meta name=\"twitter:label2\" content=\"Tiempo de lectura\" \/>\n\t<meta name=\"twitter:data2\" content=\"1 minuto\" \/>\n<script type=\"application\/ld+json\" class=\"yoast-schema-graph\">{\"@context\":\"https:\/\/schema.org\",\"@graph\":[{\"@type\":\"Article\",\"@id\":\"https:\/\/www.fundaciocatalunyacultura.cat\/es\/la-comunitat-impulsa\/#article\",\"isPartOf\":{\"@id\":\"https:\/\/www.fundaciocatalunyacultura.cat\/es\/la-comunitat-impulsa\/\"},\"author\":{\"name\":\"fundacio\",\"@id\":\"https:\/\/fundaciocatalunyacultura.cat\/#\/schema\/person\/f30f60b8448aa2c1761a644f652a4744\"},\"headline\":\"La comunidad impulsa\",\"datePublished\":\"2019-07-11T00:00:00+00:00\",\"dateModified\":\"2021-04-16T10:04:16+00:00\",\"mainEntityOfPage\":{\"@id\":\"https:\/\/www.fundaciocatalunyacultura.cat\/es\/la-comunitat-impulsa\/\"},\"wordCount\":298,\"publisher\":{\"@id\":\"https:\/\/fundaciocatalunyacultura.cat\/#organization\"},\"articleSection\":[\"Conclusiones actos\"],\"inLanguage\":\"es\"},{\"@type\":\"WebPage\",\"@id\":\"https:\/\/www.fundaciocatalunyacultura.cat\/es\/la-comunitat-impulsa\/\",\"url\":\"https:\/\/www.fundaciocatalunyacultura.cat\/es\/la-comunitat-impulsa\/\",\"name\":\"La comunidad impulsa | Fundaci\u00f3 Catalunya Cultura\",\"isPartOf\":{\"@id\":\"https:\/\/fundaciocatalunyacultura.cat\/#website\"},\"datePublished\":\"2019-07-11T00:00:00+00:00\",\"dateModified\":\"2021-04-16T10:04:16+00:00\",\"breadcrumb\":{\"@id\":\"https:\/\/www.fundaciocatalunyacultura.cat\/es\/la-comunitat-impulsa\/#breadcrumb\"},\"inLanguage\":\"es\",\"potentialAction\":[{\"@type\":\"ReadAction\",\"target\":[\"https:\/\/www.fundaciocatalunyacultura.cat\/es\/la-comunitat-impulsa\/\"]}]},{\"@type\":\"BreadcrumbList\",\"@id\":\"https:\/\/www.fundaciocatalunyacultura.cat\/es\/la-comunitat-impulsa\/#breadcrumb\",\"itemListElement\":[{\"@type\":\"ListItem\",\"position\":1,\"name\":\"Inici\",\"item\":\"https:\/\/fundaciocatalunyacultura.cat\/es\/\"},{\"@type\":\"ListItem\",\"position\":2,\"name\":\"La comunidad impulsa\"}]},{\"@type\":\"WebSite\",\"@id\":\"https:\/\/fundaciocatalunyacultura.cat\/#website\",\"url\":\"https:\/\/fundaciocatalunyacultura.cat\/\",\"name\":\"Fundaci\u00f3 Catalunya Cultura\",\"description\":\"\",\"publisher\":{\"@id\":\"https:\/\/fundaciocatalunyacultura.cat\/#organization\"},\"potentialAction\":[{\"@type\":\"SearchAction\",\"target\":{\"@type\":\"EntryPoint\",\"urlTemplate\":\"https:\/\/fundaciocatalunyacultura.cat\/?s={search_term_string}\"},\"query-input\":{\"@type\":\"PropertyValueSpecification\",\"valueRequired\":true,\"valueName\":\"search_term_string\"}}],\"inLanguage\":\"es\"},{\"@type\":\"Organization\",\"@id\":\"https:\/\/fundaciocatalunyacultura.cat\/#organization\",\"name\":\"Fundaci\u00f3 Catalunya Cultura\",\"url\":\"https:\/\/fundaciocatalunyacultura.cat\/\",\"logo\":{\"@type\":\"ImageObject\",\"inLanguage\":\"es\",\"@id\":\"https:\/\/fundaciocatalunyacultura.cat\/#\/schema\/logo\/image\/\",\"url\":\"https:\/\/hundreds-wordpress-uploads.s3.amazonaws.com\/fundacio-catalunya-cultura\/uploads\/2021\/03\/fcc_logo_blanc-scaled.jpeg\",\"contentUrl\":\"https:\/\/hundreds-wordpress-uploads.s3.amazonaws.com\/fundacio-catalunya-cultura\/uploads\/2021\/03\/fcc_logo_blanc-scaled.jpeg\",\"width\":2560,\"height\":1785,\"caption\":\"Fundaci\u00f3 Catalunya Cultura\"},\"image\":{\"@id\":\"https:\/\/fundaciocatalunyacultura.cat\/#\/schema\/logo\/image\/\"},\"sameAs\":[\"https:\/\/www.facebook.com\/fundaciocatalunyacultura\/\",\"https:\/\/x.com\/fcatcultura\",\"https:\/\/www.linkedin.com\/company\/fundaci\u00f3-catalunya-cultura\/\",\"https:\/\/ca.wikipedia.org\/wiki\/Fundaci\u00f3_Catalunya_Cultura\"]},{\"@type\":\"Person\",\"@id\":\"https:\/\/fundaciocatalunyacultura.cat\/#\/schema\/person\/f30f60b8448aa2c1761a644f652a4744\",\"name\":\"fundacio\",\"image\":{\"@type\":\"ImageObject\",\"inLanguage\":\"es\",\"@id\":\"https:\/\/fundaciocatalunyacultura.cat\/#\/schema\/person\/image\/\",\"url\":\"https:\/\/secure.gravatar.com\/avatar\/fe57a3f139ea81c65a338e37a8064b4e80844f839737532820c9107eb9e1966f?s=96&d=mm&r=g\",\"contentUrl\":\"https:\/\/secure.gravatar.com\/avatar\/fe57a3f139ea81c65a338e37a8064b4e80844f839737532820c9107eb9e1966f?s=96&d=mm&r=g\",\"caption\":\"fundacio\"},\"url\":\"https:\/\/www.fundaciocatalunyacultura.cat\/es\/author\/fundacio\/\"}]}<\/script>\n<!-- \/ Yoast SEO plugin. -->","yoast_head_json":{"title":"La comunidad impulsa | Fundaci\u00f3 Catalunya Cultura","robots":{"index":"index","follow":"follow","max-snippet":"max-snippet:-1","max-image-preview":"max-image-preview:large","max-video-preview":"max-video-preview:-1"},"canonical":"https:\/\/www.fundaciocatalunyacultura.cat\/es\/la-comunitat-impulsa\/","og_locale":"es_ES","og_type":"article","og_title":"La comunidad impulsa | Fundaci\u00f3 Catalunya Cultura","og_description":"La Fundaci\u00f3 Catalunya Cultura est\u00e0 representada per un gran nombre d\u2019empreses compromeses amb la cultura, per\u00f2\u00a0el nostre \u00e8xit resideix en l\u2019\u00e8xit que assoleixen els\u00a0projectes culturals acompanyats per la Fundaci\u00f3. El seu \u00e8xit \u00e9s el nostre \u00e8xit. Amb aquesta premissa hem dut a terme la primera trobada de la Comunitat IMPULSA amb l\u2019objectiu d\u2019enxarxar aquesta gran [&hellip;]","og_url":"https:\/\/www.fundaciocatalunyacultura.cat\/es\/la-comunitat-impulsa\/","og_site_name":"Fundaci\u00f3 Catalunya Cultura","article_publisher":"https:\/\/www.facebook.com\/fundaciocatalunyacultura\/","article_published_time":"2019-07-11T00:00:00+00:00","article_modified_time":"2021-04-16T10:04:16+00:00","author":"fundacio","twitter_card":"summary_large_image","twitter_creator":"@fcatcultura","twitter_site":"@fcatcultura","twitter_misc":{"Escrito por":"fundacio","Tiempo de lectura":"1 minuto"},"schema":{"@context":"https:\/\/schema.org","@graph":[{"@type":"Article","@id":"https:\/\/www.fundaciocatalunyacultura.cat\/es\/la-comunitat-impulsa\/#article","isPartOf":{"@id":"https:\/\/www.fundaciocatalunyacultura.cat\/es\/la-comunitat-impulsa\/"},"author":{"name":"fundacio","@id":"https:\/\/fundaciocatalunyacultura.cat\/#\/schema\/person\/f30f60b8448aa2c1761a644f652a4744"},"headline":"La comunidad impulsa","datePublished":"2019-07-11T00:00:00+00:00","dateModified":"2021-04-16T10:04:16+00:00","mainEntityOfPage":{"@id":"https:\/\/www.fundaciocatalunyacultura.cat\/es\/la-comunitat-impulsa\/"},"wordCount":298,"publisher":{"@id":"https:\/\/fundaciocatalunyacultura.cat\/#organization"},"articleSection":["Conclusiones actos"],"inLanguage":"es"},{"@type":"WebPage","@id":"https:\/\/www.fundaciocatalunyacultura.cat\/es\/la-comunitat-impulsa\/","url":"https:\/\/www.fundaciocatalunyacultura.cat\/es\/la-comunitat-impulsa\/","name":"La comunidad impulsa | Fundaci\u00f3 Catalunya Cultura","isPartOf":{"@id":"https:\/\/fundaciocatalunyacultura.cat\/#website"},"datePublished":"2019-07-11T00:00:00+00:00","dateModified":"2021-04-16T10:04:16+00:00","breadcrumb":{"@id":"https:\/\/www.fundaciocatalunyacultura.cat\/es\/la-comunitat-impulsa\/#breadcrumb"},"inLanguage":"es","potentialAction":[{"@type":"ReadAction","target":["https:\/\/www.fundaciocatalunyacultura.cat\/es\/la-comunitat-impulsa\/"]}]},{"@type":"BreadcrumbList","@id":"https:\/\/www.fundaciocatalunyacultura.cat\/es\/la-comunitat-impulsa\/#breadcrumb","itemListElement":[{"@type":"ListItem","position":1,"name":"Inici","item":"https:\/\/fundaciocatalunyacultura.cat\/es\/"},{"@type":"ListItem","position":2,"name":"La comunidad impulsa"}]},{"@type":"WebSite","@id":"https:\/\/fundaciocatalunyacultura.cat\/#website","url":"https:\/\/fundaciocatalunyacultura.cat\/","name":"Fundaci\u00f3 Catalunya Cultura","description":"","publisher":{"@id":"https:\/\/fundaciocatalunyacultura.cat\/#organization"},"potentialAction":[{"@type":"SearchAction","target":{"@type":"EntryPoint","urlTemplate":"https:\/\/fundaciocatalunyacultura.cat\/?s={search_term_string}"},"query-input":{"@type":"PropertyValueSpecification","valueRequired":true,"valueName":"search_term_string"}}],"inLanguage":"es"},{"@type":"Organization","@id":"https:\/\/fundaciocatalunyacultura.cat\/#organization","name":"Fundaci\u00f3 Catalunya Cultura","url":"https:\/\/fundaciocatalunyacultura.cat\/","logo":{"@type":"ImageObject","inLanguage":"es","@id":"https:\/\/fundaciocatalunyacultura.cat\/#\/schema\/logo\/image\/","url":"https:\/\/hundreds-wordpress-uploads.s3.amazonaws.com\/fundacio-catalunya-cultura\/uploads\/2021\/03\/fcc_logo_blanc-scaled.jpeg","contentUrl":"https:\/\/hundreds-wordpress-uploads.s3.amazonaws.com\/fundacio-catalunya-cultura\/uploads\/2021\/03\/fcc_logo_blanc-scaled.jpeg","width":2560,"height":1785,"caption":"Fundaci\u00f3 Catalunya Cultura"},"image":{"@id":"https:\/\/fundaciocatalunyacultura.cat\/#\/schema\/logo\/image\/"},"sameAs":["https:\/\/www.facebook.com\/fundaciocatalunyacultura\/","https:\/\/x.com\/fcatcultura","https:\/\/www.linkedin.com\/company\/fundaci\u00f3-catalunya-cultura\/","https:\/\/ca.wikipedia.org\/wiki\/Fundaci\u00f3_Catalunya_Cultura"]},{"@type":"Person","@id":"https:\/\/fundaciocatalunyacultura.cat\/#\/schema\/person\/f30f60b8448aa2c1761a644f652a4744","name":"fundacio","image":{"@type":"ImageObject","inLanguage":"es","@id":"https:\/\/fundaciocatalunyacultura.cat\/#\/schema\/person\/image\/","url":"https:\/\/secure.gravatar.com\/avatar\/fe57a3f139ea81c65a338e37a8064b4e80844f839737532820c9107eb9e1966f?s=96&d=mm&r=g","contentUrl":"https:\/\/secure.gravatar.com\/avatar\/fe57a3f139ea81c65a338e37a8064b4e80844f839737532820c9107eb9e1966f?s=96&d=mm&r=g","caption":"fundacio"},"url":"https:\/\/www.fundaciocatalunyacultura.cat\/es\/author\/fundacio\/"}]}},"_links":{"self":[{"href":"https:\/\/www.fundaciocatalunyacultura.cat\/es\/wp-json\/wp\/v2\/posts\/4282","targetHints":{"allow":["GET"]}}],"collection":[{"href":"https:\/\/www.fundaciocatalunyacultura.cat\/es\/wp-json\/wp\/v2\/posts"}],"about":[{"href":"https:\/\/www.fundaciocatalunyacultura.cat\/es\/wp-json\/wp\/v2\/types\/post"}],"author":[{"embeddable":true,"href":"https:\/\/www.fundaciocatalunyacultura.cat\/es\/wp-json\/wp\/v2\/users\/1"}],"replies":[{"embeddable":true,"href":"https:\/\/www.fundaciocatalunyacultura.cat\/es\/wp-json\/wp\/v2\/comments?post=4282"}],"version-history":[{"count":0,"href":"https:\/\/www.fundaciocatalunyacultura.cat\/es\/wp-json\/wp\/v2\/posts\/4282\/revisions"}],"wp:attachment":[{"href":"https:\/\/www.fundaciocatalunyacultura.cat\/es\/wp-json\/wp\/v2\/media?parent=4282"}],"wp:term":[{"taxonomy":"category","embeddable":true,"href":"https:\/\/www.fundaciocatalunyacultura.cat\/es\/wp-json\/wp\/v2\/categories?post=4282"}],"curies":[{"name":"wp","href":"https:\/\/api.w.org\/{rel}","templated":true}]}}