{"id":4279,"date":"2019-07-29T09:53:50","date_gmt":"2019-07-29T09:53:50","guid":{"rendered":"https:\/\/www.fundaciocatalunyacultura.cat\/la-fundaci-catalunya-cultura-accelerar-10-projectes-culturals\/"},"modified":"2019-07-29T09:53:50","modified_gmt":"2019-07-29T09:53:50","slug":"la-fundaci-catalunya-cultura-accelerar-10-projectes-culturals","status":"publish","type":"post","link":"https:\/\/www.fundaciocatalunyacultura.cat\/es\/la-fundaci-catalunya-cultura-accelerar-10-projectes-culturals\/","title":{"rendered":"La Fundaci\u00f3 Catalunya Cultura accelerar\u00e0 10 projectes culturals"},"content":{"rendered":"<ul>\n<li><strong>10 projectes han estat seleccionats per a participar en la segona fase del Programa IMPULSA Cultura que l\u2019entitat ofereix anualment i de manera gratu\u00efta a iniciatives culturals d\u2019arreu del territori.<\/strong><\/li>\n<\/ul>\n<ul>\n<li><strong>Durant el mes d\u2019octubre, els 10 projectes seleccionats participaran a les Jornades de formaci\u00f3 IMPULSA, on rebran mentories d\u2019experts en els \u00e0mbits de l\u2019empresa i de la cultura per dissenyar la seva estrat\u00e8gia de negoci per esdevenir m\u00e9s sostenibles<\/strong><\/li>\n<\/ul>\n<p><strong>El Programa IMPULSA Cultura (PIC) d\u00f3na a con\u00e8ixer els 10 projectes culturals que seguiran el proc\u00e9s d\u2019acceleraci\u00f3 d\u2019aquest programa de formaci\u00f3 i acompanyament gratu\u00eft que organitza la Fundaci\u00f3 Catalunya Cultura. Els projectes seleccionats s\u00f3n: Bridge 48, Catalonia Sacra, Cicle Gaud\u00ed, Escola de Circ Rogelio Rivel, Festival Internacional de Fotografia IN Cadaqu\u00e9s, Galacticat-Mostra de Cinema Fant\u00e0stic i de Terror de Ponent, La Nit M\u00e9s In, Sant Andreu Jazz Band, Silencis al Territori, i Teatre del Raval. <\/strong><\/p>\n<p>L\u2019objectiu d\u2019aquesta segona fase del PIC \u00e9s treballar amb els projectes un pla d\u2019acceleraci\u00f3 personalitzat amb aspectes clau que els ajudaran a impulsar el seu projecte, desenvolupant de manera integral la seva estrat\u00e8gia per esdevenir m\u00e9s sostenibles. Aquests 10 projectes participaran a unes jornades de formaci\u00f3 presencial (Jornades IMPULSA) que tindran lloc els dies 2, 3 i 4 d\u2019octubre a Caixaforum, on rebran mentories individuals i col\u00b7lectives d\u2019experts en diversos \u00e0mbits d\u2019empresa i cultura en format de tallers, <em>workshops<\/em>, <em>masterclass<\/em>, espais de<em> networking<\/em> i altres.<\/p>\n<p>La Fundaci\u00f3 Catalunya Cultura ha comptat amb un Comit\u00e8 d\u2019avaluaci\u00f3 que reuneix professionals de diversos \u00e0mbits, que s\u00f3n: Pepe Zapata (Club TRESC), Sonia Mulero (Fundaci\u00f3 Banc Sabadell), Bel\u00e9n Latorre (Fundaci\u00f3 Antigues Caixes Catalanes), Edgar Garcia (Director \u00c0rea de Desenvolupament Empresarial de l\u2019ICEC), Jordi Ser\u00e9s (Responsable T\u00e8cnic de Cultura de l\u2019Institut d\u2019Estudis Ilerdencs, Diputaci\u00f3 de Lleida), Emili Serra (Relacions P\u00fabliques i Comunicaci\u00f3 de HP), Xavier Servat (Gerent de la Fundaci\u00f3 Fluidra), Sergi Bru (CEO &amp; Founder Consultoria Relevance), Isabel Custodio (Consultora, Directora Fundaci\u00f3 Llu\u00eds Artigues), David Camps (Responsable Innovaci\u00f3 Social DKV Seguros), Anna Monr\u00e0s (Analista financera de ICF), Anna Font (Cap d\u2019activitats culturals Fundaci\u00f3 Banc\u00e0ria La Caixa), Jaume Bar\u00f3 (Director Operatiu Serveis a les Empreses Barcelona Activa), Eva Blanco (Public Affaris Manager HP), \u00c0ngel Hermosilla (Gerent \u00c0rea-Instituci\u00f3 PIMEC), i Beth Espinalt (HQ Director Relevance Marketing). Aquest comit\u00e8 ha avaluat els 26 projectes que han format part de la primera fase del Programa IMPULSA Cultura amb criteris com l\u2019excel\u00b7l\u00e8ncia, la gesti\u00f3 del projecte, la qualitat, l\u2019impacte social, la innovaci\u00f3, la sostenibilitat, la projecci\u00f3 i l\u2019equip.<\/p>\n<p>Durant la primera fase del programa, aquests 26 projectes han participat en un pla formatiu col\u00b7lectiu dividit en onze sessions formatives en les quals han treballat temaris clau de la gesti\u00f3 cultural com el model de negoci i la proposta de valor, m\u00e0rqueting i comunicaci\u00f3, el finan\u00e7ament privat, el lideratge i la gesti\u00f3 d\u2019equips. Aquestes sessions han estat impartides per un professorat heterogeni amb distingides traject\u00f2ries professionals en el camp de la ind\u00fastria cultural.<\/p>\n<p>Els projectes que no han estat seleccionats per a fer aquesta segona fase d\u2019aquest programa entren a formar part de la Comunitat IMPULSA de projectes culturals de la Fundaci\u00f3 Catalunya Cultura. Se&#8217;ls oferir\u00e0, entre d&#8217;altres coses, poder assistir a actes formatius organitzats per la Fundaci\u00f3, aix\u00ed com trobades de <em>networking<\/em> que els permetran con\u00e8ixer i enxarxar-se amb altres projectes culturals.<\/p>\n<p>Maite Esteve, directora de la Fundaci\u00f3 Catalunya Cultura, destaca que \u201cel PIC proporciona eines i capacita aquests projectes amb continguts de valor i incideix tamb\u00e9 en la necessitat d\u2019atraure l\u2019inter\u00e8s de les empreses, facilitant aix\u00ed l\u2019acc\u00e9s del sector cultural al finan\u00e7ament privat. A m\u00e9s, contribueix a consolidar projectes de diversos \u00e0mbits i especialitats com les arts esc\u00e8niques, la m\u00fasica, la literatura, les arts visuals, la cultura popular, la dansa o l\u2019arquitectura.\u201d<\/p>\n<p>En aquesta edici\u00f3, la Fundaci\u00f3 Catalunya Cultura ha volgut eixamplar la geolocalitzaci\u00f3 del PIC presentant-lo a les quatre capitals de les prov\u00edncies catalanes per donar m\u00e9s oportunitat i visibilitat a projectes culturals del territori. L\u2019organitzaci\u00f3 es mostra molt optimista de cara l\u2019any que ve, ja que l\u2019inter\u00e8s que han rebut aquest primer any durant les presentacions del PIC han estat molt positives i han comptat amb m\u00e9s de 80 projectes de totes les demarcacions.<\/p>\n","protected":false},"excerpt":{"rendered":"<p>10 projectes han estat seleccionats per a participar en la segona fase del Programa IMPULSA Cultura que l\u2019entitat ofereix anualment i de manera gratu\u00efta a iniciatives culturals d\u2019arreu del territori. Durant el mes d\u2019octubre, els 10 projectes seleccionats participaran a les Jornades de formaci\u00f3 IMPULSA, on rebran mentories d\u2019experts en els \u00e0mbits de l\u2019empresa i [&hellip;]<\/p>\n","protected":false},"author":1,"featured_media":0,"comment_status":"closed","ping_status":"closed","sticky":false,"template":"","format":"standard","meta":{"_acf_changed":false,"footnotes":""},"categories":[44],"class_list":["post-4279","post","type-post","status-publish","format-standard","hentry","category-noticias"],"acf":[],"yoast_head":"<!-- This site is optimized with the Yoast SEO plugin v25.1 - https:\/\/yoast.com\/wordpress\/plugins\/seo\/ -->\n<title>La Fundaci\u00f3 Catalunya Cultura accelerar\u00e0 10 projectes culturals | Fundaci\u00f3 Catalunya Cultura<\/title>\n<meta name=\"robots\" content=\"index, follow, max-snippet:-1, max-image-preview:large, max-video-preview:-1\" \/>\n<link rel=\"canonical\" href=\"https:\/\/www.fundaciocatalunyacultura.cat\/es\/la-fundaci-catalunya-cultura-accelerar-10-projectes-culturals\/\" \/>\n<meta property=\"og:locale\" content=\"es_ES\" \/>\n<meta property=\"og:type\" content=\"article\" \/>\n<meta property=\"og:title\" content=\"La Fundaci\u00f3 Catalunya Cultura accelerar\u00e0 10 projectes culturals | Fundaci\u00f3 Catalunya Cultura\" \/>\n<meta property=\"og:description\" content=\"10 projectes han estat seleccionats per a participar en la segona fase del Programa IMPULSA Cultura que l\u2019entitat ofereix anualment i de manera gratu\u00efta a iniciatives culturals d\u2019arreu del territori. Durant el mes d\u2019octubre, els 10 projectes seleccionats participaran a les Jornades de formaci\u00f3 IMPULSA, on rebran mentories d\u2019experts en els \u00e0mbits de l\u2019empresa i [&hellip;]\" \/>\n<meta property=\"og:url\" content=\"https:\/\/www.fundaciocatalunyacultura.cat\/es\/la-fundaci-catalunya-cultura-accelerar-10-projectes-culturals\/\" \/>\n<meta property=\"og:site_name\" content=\"Fundaci\u00f3 Catalunya Cultura\" \/>\n<meta property=\"article:publisher\" content=\"https:\/\/www.facebook.com\/fundaciocatalunyacultura\/\" \/>\n<meta property=\"article:published_time\" content=\"2019-07-29T09:53:50+00:00\" \/>\n<meta name=\"author\" content=\"fundacio\" \/>\n<meta name=\"twitter:card\" content=\"summary_large_image\" \/>\n<meta name=\"twitter:creator\" content=\"@fcatcultura\" \/>\n<meta name=\"twitter:site\" content=\"@fcatcultura\" \/>\n<meta name=\"twitter:label1\" content=\"Escrito por\" \/>\n\t<meta name=\"twitter:data1\" content=\"fundacio\" \/>\n\t<meta name=\"twitter:label2\" content=\"Tiempo de lectura\" \/>\n\t<meta name=\"twitter:data2\" content=\"4 minutos\" \/>\n<script type=\"application\/ld+json\" class=\"yoast-schema-graph\">{\"@context\":\"https:\/\/schema.org\",\"@graph\":[{\"@type\":\"Article\",\"@id\":\"https:\/\/www.fundaciocatalunyacultura.cat\/es\/la-fundaci-catalunya-cultura-accelerar-10-projectes-culturals\/#article\",\"isPartOf\":{\"@id\":\"https:\/\/www.fundaciocatalunyacultura.cat\/es\/la-fundaci-catalunya-cultura-accelerar-10-projectes-culturals\/\"},\"author\":{\"name\":\"fundacio\",\"@id\":\"https:\/\/www.fundaciocatalunyacultura.cat\/#\/schema\/person\/f30f60b8448aa2c1761a644f652a4744\"},\"headline\":\"La Fundaci\u00f3 Catalunya Cultura accelerar\u00e0 10 projectes culturals\",\"datePublished\":\"2019-07-29T09:53:50+00:00\",\"mainEntityOfPage\":{\"@id\":\"https:\/\/www.fundaciocatalunyacultura.cat\/es\/la-fundaci-catalunya-cultura-accelerar-10-projectes-culturals\/\"},\"wordCount\":747,\"publisher\":{\"@id\":\"https:\/\/www.fundaciocatalunyacultura.cat\/#organization\"},\"articleSection\":[\"Noticias\"],\"inLanguage\":\"es\"},{\"@type\":\"WebPage\",\"@id\":\"https:\/\/www.fundaciocatalunyacultura.cat\/es\/la-fundaci-catalunya-cultura-accelerar-10-projectes-culturals\/\",\"url\":\"https:\/\/www.fundaciocatalunyacultura.cat\/es\/la-fundaci-catalunya-cultura-accelerar-10-projectes-culturals\/\",\"name\":\"La Fundaci\u00f3 Catalunya Cultura accelerar\u00e0 10 projectes culturals | Fundaci\u00f3 Catalunya Cultura\",\"isPartOf\":{\"@id\":\"https:\/\/www.fundaciocatalunyacultura.cat\/#website\"},\"datePublished\":\"2019-07-29T09:53:50+00:00\",\"breadcrumb\":{\"@id\":\"https:\/\/www.fundaciocatalunyacultura.cat\/es\/la-fundaci-catalunya-cultura-accelerar-10-projectes-culturals\/#breadcrumb\"},\"inLanguage\":\"es\",\"potentialAction\":[{\"@type\":\"ReadAction\",\"target\":[\"https:\/\/www.fundaciocatalunyacultura.cat\/es\/la-fundaci-catalunya-cultura-accelerar-10-projectes-culturals\/\"]}]},{\"@type\":\"BreadcrumbList\",\"@id\":\"https:\/\/www.fundaciocatalunyacultura.cat\/es\/la-fundaci-catalunya-cultura-accelerar-10-projectes-culturals\/#breadcrumb\",\"itemListElement\":[{\"@type\":\"ListItem\",\"position\":1,\"name\":\"Inici\",\"item\":\"https:\/\/www.fundaciocatalunyacultura.cat\/es\/\"},{\"@type\":\"ListItem\",\"position\":2,\"name\":\"La Fundaci\u00f3 Catalunya Cultura accelerar\u00e0 10 projectes culturals\"}]},{\"@type\":\"WebSite\",\"@id\":\"https:\/\/www.fundaciocatalunyacultura.cat\/#website\",\"url\":\"https:\/\/www.fundaciocatalunyacultura.cat\/\",\"name\":\"Fundaci\u00f3 Catalunya Cultura\",\"description\":\"\",\"publisher\":{\"@id\":\"https:\/\/www.fundaciocatalunyacultura.cat\/#organization\"},\"potentialAction\":[{\"@type\":\"SearchAction\",\"target\":{\"@type\":\"EntryPoint\",\"urlTemplate\":\"https:\/\/www.fundaciocatalunyacultura.cat\/?s={search_term_string}\"},\"query-input\":{\"@type\":\"PropertyValueSpecification\",\"valueRequired\":true,\"valueName\":\"search_term_string\"}}],\"inLanguage\":\"es\"},{\"@type\":\"Organization\",\"@id\":\"https:\/\/www.fundaciocatalunyacultura.cat\/#organization\",\"name\":\"Fundaci\u00f3 Catalunya Cultura\",\"url\":\"https:\/\/www.fundaciocatalunyacultura.cat\/\",\"logo\":{\"@type\":\"ImageObject\",\"inLanguage\":\"es\",\"@id\":\"https:\/\/www.fundaciocatalunyacultura.cat\/#\/schema\/logo\/image\/\",\"url\":\"https:\/\/hundreds-wordpress-uploads.s3.amazonaws.com\/fundacio-catalunya-cultura\/uploads\/2021\/03\/fcc_logo_blanc-scaled.jpeg\",\"contentUrl\":\"https:\/\/hundreds-wordpress-uploads.s3.amazonaws.com\/fundacio-catalunya-cultura\/uploads\/2021\/03\/fcc_logo_blanc-scaled.jpeg\",\"width\":2560,\"height\":1785,\"caption\":\"Fundaci\u00f3 Catalunya Cultura\"},\"image\":{\"@id\":\"https:\/\/www.fundaciocatalunyacultura.cat\/#\/schema\/logo\/image\/\"},\"sameAs\":[\"https:\/\/www.facebook.com\/fundaciocatalunyacultura\/\",\"https:\/\/x.com\/fcatcultura\",\"https:\/\/www.linkedin.com\/company\/fundaci\u00f3-catalunya-cultura\/\",\"https:\/\/ca.wikipedia.org\/wiki\/Fundaci\u00f3_Catalunya_Cultura\"]},{\"@type\":\"Person\",\"@id\":\"https:\/\/www.fundaciocatalunyacultura.cat\/#\/schema\/person\/f30f60b8448aa2c1761a644f652a4744\",\"name\":\"fundacio\",\"image\":{\"@type\":\"ImageObject\",\"inLanguage\":\"es\",\"@id\":\"https:\/\/www.fundaciocatalunyacultura.cat\/#\/schema\/person\/image\/\",\"url\":\"https:\/\/secure.gravatar.com\/avatar\/fe57a3f139ea81c65a338e37a8064b4e80844f839737532820c9107eb9e1966f?s=96&d=mm&r=g\",\"contentUrl\":\"https:\/\/secure.gravatar.com\/avatar\/fe57a3f139ea81c65a338e37a8064b4e80844f839737532820c9107eb9e1966f?s=96&d=mm&r=g\",\"caption\":\"fundacio\"},\"url\":\"https:\/\/www.fundaciocatalunyacultura.cat\/es\/author\/fundacio\/\"}]}<\/script>\n<!-- \/ Yoast SEO plugin. -->","yoast_head_json":{"title":"La Fundaci\u00f3 Catalunya Cultura accelerar\u00e0 10 projectes culturals | Fundaci\u00f3 Catalunya Cultura","robots":{"index":"index","follow":"follow","max-snippet":"max-snippet:-1","max-image-preview":"max-image-preview:large","max-video-preview":"max-video-preview:-1"},"canonical":"https:\/\/www.fundaciocatalunyacultura.cat\/es\/la-fundaci-catalunya-cultura-accelerar-10-projectes-culturals\/","og_locale":"es_ES","og_type":"article","og_title":"La Fundaci\u00f3 Catalunya Cultura accelerar\u00e0 10 projectes culturals | Fundaci\u00f3 Catalunya Cultura","og_description":"10 projectes han estat seleccionats per a participar en la segona fase del Programa IMPULSA Cultura que l\u2019entitat ofereix anualment i de manera gratu\u00efta a iniciatives culturals d\u2019arreu del territori. Durant el mes d\u2019octubre, els 10 projectes seleccionats participaran a les Jornades de formaci\u00f3 IMPULSA, on rebran mentories d\u2019experts en els \u00e0mbits de l\u2019empresa i [&hellip;]","og_url":"https:\/\/www.fundaciocatalunyacultura.cat\/es\/la-fundaci-catalunya-cultura-accelerar-10-projectes-culturals\/","og_site_name":"Fundaci\u00f3 Catalunya Cultura","article_publisher":"https:\/\/www.facebook.com\/fundaciocatalunyacultura\/","article_published_time":"2019-07-29T09:53:50+00:00","author":"fundacio","twitter_card":"summary_large_image","twitter_creator":"@fcatcultura","twitter_site":"@fcatcultura","twitter_misc":{"Escrito por":"fundacio","Tiempo de lectura":"4 minutos"},"schema":{"@context":"https:\/\/schema.org","@graph":[{"@type":"Article","@id":"https:\/\/www.fundaciocatalunyacultura.cat\/es\/la-fundaci-catalunya-cultura-accelerar-10-projectes-culturals\/#article","isPartOf":{"@id":"https:\/\/www.fundaciocatalunyacultura.cat\/es\/la-fundaci-catalunya-cultura-accelerar-10-projectes-culturals\/"},"author":{"name":"fundacio","@id":"https:\/\/www.fundaciocatalunyacultura.cat\/#\/schema\/person\/f30f60b8448aa2c1761a644f652a4744"},"headline":"La Fundaci\u00f3 Catalunya Cultura accelerar\u00e0 10 projectes culturals","datePublished":"2019-07-29T09:53:50+00:00","mainEntityOfPage":{"@id":"https:\/\/www.fundaciocatalunyacultura.cat\/es\/la-fundaci-catalunya-cultura-accelerar-10-projectes-culturals\/"},"wordCount":747,"publisher":{"@id":"https:\/\/www.fundaciocatalunyacultura.cat\/#organization"},"articleSection":["Noticias"],"inLanguage":"es"},{"@type":"WebPage","@id":"https:\/\/www.fundaciocatalunyacultura.cat\/es\/la-fundaci-catalunya-cultura-accelerar-10-projectes-culturals\/","url":"https:\/\/www.fundaciocatalunyacultura.cat\/es\/la-fundaci-catalunya-cultura-accelerar-10-projectes-culturals\/","name":"La Fundaci\u00f3 Catalunya Cultura accelerar\u00e0 10 projectes culturals | Fundaci\u00f3 Catalunya Cultura","isPartOf":{"@id":"https:\/\/www.fundaciocatalunyacultura.cat\/#website"},"datePublished":"2019-07-29T09:53:50+00:00","breadcrumb":{"@id":"https:\/\/www.fundaciocatalunyacultura.cat\/es\/la-fundaci-catalunya-cultura-accelerar-10-projectes-culturals\/#breadcrumb"},"inLanguage":"es","potentialAction":[{"@type":"ReadAction","target":["https:\/\/www.fundaciocatalunyacultura.cat\/es\/la-fundaci-catalunya-cultura-accelerar-10-projectes-culturals\/"]}]},{"@type":"BreadcrumbList","@id":"https:\/\/www.fundaciocatalunyacultura.cat\/es\/la-fundaci-catalunya-cultura-accelerar-10-projectes-culturals\/#breadcrumb","itemListElement":[{"@type":"ListItem","position":1,"name":"Inici","item":"https:\/\/www.fundaciocatalunyacultura.cat\/es\/"},{"@type":"ListItem","position":2,"name":"La Fundaci\u00f3 Catalunya Cultura accelerar\u00e0 10 projectes culturals"}]},{"@type":"WebSite","@id":"https:\/\/www.fundaciocatalunyacultura.cat\/#website","url":"https:\/\/www.fundaciocatalunyacultura.cat\/","name":"Fundaci\u00f3 Catalunya Cultura","description":"","publisher":{"@id":"https:\/\/www.fundaciocatalunyacultura.cat\/#organization"},"potentialAction":[{"@type":"SearchAction","target":{"@type":"EntryPoint","urlTemplate":"https:\/\/www.fundaciocatalunyacultura.cat\/?s={search_term_string}"},"query-input":{"@type":"PropertyValueSpecification","valueRequired":true,"valueName":"search_term_string"}}],"inLanguage":"es"},{"@type":"Organization","@id":"https:\/\/www.fundaciocatalunyacultura.cat\/#organization","name":"Fundaci\u00f3 Catalunya Cultura","url":"https:\/\/www.fundaciocatalunyacultura.cat\/","logo":{"@type":"ImageObject","inLanguage":"es","@id":"https:\/\/www.fundaciocatalunyacultura.cat\/#\/schema\/logo\/image\/","url":"https:\/\/hundreds-wordpress-uploads.s3.amazonaws.com\/fundacio-catalunya-cultura\/uploads\/2021\/03\/fcc_logo_blanc-scaled.jpeg","contentUrl":"https:\/\/hundreds-wordpress-uploads.s3.amazonaws.com\/fundacio-catalunya-cultura\/uploads\/2021\/03\/fcc_logo_blanc-scaled.jpeg","width":2560,"height":1785,"caption":"Fundaci\u00f3 Catalunya Cultura"},"image":{"@id":"https:\/\/www.fundaciocatalunyacultura.cat\/#\/schema\/logo\/image\/"},"sameAs":["https:\/\/www.facebook.com\/fundaciocatalunyacultura\/","https:\/\/x.com\/fcatcultura","https:\/\/www.linkedin.com\/company\/fundaci\u00f3-catalunya-cultura\/","https:\/\/ca.wikipedia.org\/wiki\/Fundaci\u00f3_Catalunya_Cultura"]},{"@type":"Person","@id":"https:\/\/www.fundaciocatalunyacultura.cat\/#\/schema\/person\/f30f60b8448aa2c1761a644f652a4744","name":"fundacio","image":{"@type":"ImageObject","inLanguage":"es","@id":"https:\/\/www.fundaciocatalunyacultura.cat\/#\/schema\/person\/image\/","url":"https:\/\/secure.gravatar.com\/avatar\/fe57a3f139ea81c65a338e37a8064b4e80844f839737532820c9107eb9e1966f?s=96&d=mm&r=g","contentUrl":"https:\/\/secure.gravatar.com\/avatar\/fe57a3f139ea81c65a338e37a8064b4e80844f839737532820c9107eb9e1966f?s=96&d=mm&r=g","caption":"fundacio"},"url":"https:\/\/www.fundaciocatalunyacultura.cat\/es\/author\/fundacio\/"}]}},"_links":{"self":[{"href":"https:\/\/www.fundaciocatalunyacultura.cat\/es\/wp-json\/wp\/v2\/posts\/4279","targetHints":{"allow":["GET"]}}],"collection":[{"href":"https:\/\/www.fundaciocatalunyacultura.cat\/es\/wp-json\/wp\/v2\/posts"}],"about":[{"href":"https:\/\/www.fundaciocatalunyacultura.cat\/es\/wp-json\/wp\/v2\/types\/post"}],"author":[{"embeddable":true,"href":"https:\/\/www.fundaciocatalunyacultura.cat\/es\/wp-json\/wp\/v2\/users\/1"}],"replies":[{"embeddable":true,"href":"https:\/\/www.fundaciocatalunyacultura.cat\/es\/wp-json\/wp\/v2\/comments?post=4279"}],"version-history":[{"count":0,"href":"https:\/\/www.fundaciocatalunyacultura.cat\/es\/wp-json\/wp\/v2\/posts\/4279\/revisions"}],"wp:attachment":[{"href":"https:\/\/www.fundaciocatalunyacultura.cat\/es\/wp-json\/wp\/v2\/media?parent=4279"}],"wp:term":[{"taxonomy":"category","embeddable":true,"href":"https:\/\/www.fundaciocatalunyacultura.cat\/es\/wp-json\/wp\/v2\/categories?post=4279"}],"curies":[{"name":"wp","href":"https:\/\/api.w.org\/{rel}","templated":true}]}}