{"id":27339,"date":"2025-10-17T09:10:09","date_gmt":"2025-10-17T09:10:09","guid":{"rendered":"https:\/\/www.fundaciocatalunyacultura.cat\/?p=27339"},"modified":"2025-10-17T09:28:18","modified_gmt":"2025-10-17T09:28:18","slug":"27339","status":"publish","type":"post","link":"https:\/\/www.fundaciocatalunyacultura.cat\/es\/27339\/","title":{"rendered":"M\u00e1s de 500 personas llenan al completo el Petit Palau del Palau de la M\u00fasica para celebrar La Nit de l&#8217;Empresa i la Cultura"},"content":{"rendered":"<h2>El Festival Fastt \u2013 Festival d&#8217;Arts Esc\u00e8niques dels Micropobles\u2013, Borges International Group y Montana Colors han sido los protagonistas de La Nit de l&#8217;Empresa i la Cultura 2025<\/h2>\n<h3>Premio IMPULSA CULTURA 2025 para el Festival Fastt<\/h3>\n<p>El <strong>Premio IMPULSA CULTURA 2025<\/strong>, dotado con <strong>15.000 euros<\/strong>, se ha concedido al <strong>Festival Fastt<\/strong>, una propuesta que lleva las artes esc\u00e9nicas profesionales a los micropueblos catalanes. El jurado ha valorado especialmente<strong> su capacidad de combatir el aislamiento territorial mediante la cultura<\/strong>, promoviendo la cohesi\u00f3n social a trav\u00e9s de una programaci\u00f3n art\u00edstica descentralizada, talleres comunitarios y un modelo arraigado, sostenible y replicable.<\/p>\n<p><img loading=\"lazy\" decoding=\"async\" class=\"aligncenter wp-image-27319\" src=\"https:\/\/hundreds-wordpress-uploads.s3.amazonaws.com\/fundacio-catalunya-cultura\/uploads\/2025\/10\/Fastt-2-1024x683.jpg\" alt=\"\" width=\"743\" height=\"495\" srcset=\"https:\/\/hundreds-wordpress-uploads.s3.amazonaws.com\/fundacio-catalunya-cultura\/uploads\/2025\/10\/Fastt-2-1024x683.jpg 1024w, https:\/\/hundreds-wordpress-uploads.s3.amazonaws.com\/fundacio-catalunya-cultura\/uploads\/2025\/10\/Fastt-2-300x200.jpg 300w, https:\/\/hundreds-wordpress-uploads.s3.amazonaws.com\/fundacio-catalunya-cultura\/uploads\/2025\/10\/Fastt-2-768x512.jpg 768w, https:\/\/hundreds-wordpress-uploads.s3.amazonaws.com\/fundacio-catalunya-cultura\/uploads\/2025\/10\/Fastt-2-1536x1024.jpg 1536w, https:\/\/hundreds-wordpress-uploads.s3.amazonaws.com\/fundacio-catalunya-cultura\/uploads\/2025\/10\/Fastt-2-2048x1365.jpg 2048w\" sizes=\"auto, (max-width: 743px) 100vw, 743px\" \/><\/p>\n<p>Los otros proyectos finalistas del Programa IMPULSA CULTURA 2025 han sido:<\/p>\n<p>\ud83d\udd39<strong> GIO Symphonia<\/strong><br \/>\n<strong>\ud83d\udd39 Girem Full! Llibres contra el c\u00e0ncer<\/strong><br \/>\n<strong>\ud83d\udd39 Sin\u00e8rgic<\/strong><br \/>\n<strong>\ud83d\udd39 Vibez Festival<\/strong><\/p>\n<h3>Premios EMPRESA CULTURA 2025: Borges International Group y Montana Colors<\/h3>\n<p>En la categor\u00eda <strong>gran empresa<\/strong>, el jurado ha reconocido a <strong>Borges International Group<\/strong> por su compromiso con una cultura <strong>diversa, cercana y con impacto territorial<\/strong>, alineada con sus valores corporativos. La compa\u00f1\u00eda ha sabido integrar la cultura en su estrategia de responsabilidad empresarial, generando un impacto social relevante y sostenido.<\/p>\n<p><img loading=\"lazy\" decoding=\"async\" class=\"aligncenter wp-image-26733\" src=\"https:\/\/hundreds-wordpress-uploads.s3.amazonaws.com\/fundacio-catalunya-cultura\/uploads\/2025\/10\/Borges-1024x683.jpg\" alt=\"\" width=\"720\" height=\"480\" srcset=\"https:\/\/hundreds-wordpress-uploads.s3.amazonaws.com\/fundacio-catalunya-cultura\/uploads\/2025\/10\/Borges-1024x683.jpg 1024w, https:\/\/hundreds-wordpress-uploads.s3.amazonaws.com\/fundacio-catalunya-cultura\/uploads\/2025\/10\/Borges-300x200.jpg 300w, https:\/\/hundreds-wordpress-uploads.s3.amazonaws.com\/fundacio-catalunya-cultura\/uploads\/2025\/10\/Borges-768x512.jpg 768w, https:\/\/hundreds-wordpress-uploads.s3.amazonaws.com\/fundacio-catalunya-cultura\/uploads\/2025\/10\/Borges-1536x1024.jpg 1536w, https:\/\/hundreds-wordpress-uploads.s3.amazonaws.com\/fundacio-catalunya-cultura\/uploads\/2025\/10\/Borges-2048x1365.jpg 2048w\" sizes=\"auto, (max-width: 720px) 100vw, 720px\" \/><\/p>\n<p>En la categor\u00eda de <strong>peque\u00f1a y mediana empresa<\/strong>, el galard\u00f3n ha sido para<strong> Montana Colors<\/strong>, por su trayectoria en <strong>fomentar y dignificar el arte urbano<\/strong> a nivel internacional, conectando su \u00e1mbito industrial con la creaci\u00f3n contempor\u00e1nea y abriendo nuevos espacios de expresi\u00f3n art\u00edstica para las nuevas generaciones.<\/p>\n<p><img loading=\"lazy\" decoding=\"async\" class=\"aligncenter wp-image-26735\" src=\"https:\/\/hundreds-wordpress-uploads.s3.amazonaws.com\/fundacio-catalunya-cultura\/uploads\/2025\/10\/Montana-Colors-1024x639.jpg\" alt=\"\" width=\"725\" height=\"452\" srcset=\"https:\/\/hundreds-wordpress-uploads.s3.amazonaws.com\/fundacio-catalunya-cultura\/uploads\/2025\/10\/Montana-Colors-1024x639.jpg 1024w, https:\/\/hundreds-wordpress-uploads.s3.amazonaws.com\/fundacio-catalunya-cultura\/uploads\/2025\/10\/Montana-Colors-300x187.jpg 300w, https:\/\/hundreds-wordpress-uploads.s3.amazonaws.com\/fundacio-catalunya-cultura\/uploads\/2025\/10\/Montana-Colors-768x479.jpg 768w, https:\/\/hundreds-wordpress-uploads.s3.amazonaws.com\/fundacio-catalunya-cultura\/uploads\/2025\/10\/Montana-Colors.jpg 1058w\" sizes=\"auto, (max-width: 725px) 100vw, 725px\" \/><\/p>\n<p>En su discurso, <strong>el presidente de la Fundaci\u00f3n, Eloi Planes<\/strong>, ha invitado al p\u00fablico a imaginar una Catalunya sin cultura ni mecenazgo. <strong>\u00abLa cultura no es ning\u00fan lujo ni decoraci\u00f3n, es identidad y privilegio, y sin ella somos un pa\u00eds triste y pobre\u00bb<\/strong>, ha afirmado. Tambi\u00e9n<strong> ha puesto en valor el papel del mecenazgo<\/strong> como motor de progreso colectivo: \u00ab<strong>Todos somos o podemos ser mecenas, y cada gesto cuenta. Como en una sardana, cada paso y cada mano entrelazada hace crecer el c\u00edrculo.\u00bb<\/strong><\/p>\n<p>Planes <strong>ha concluido<\/strong> su intervenci\u00f3n reclamando una <strong>ley de mecenazgo catalana<\/strong> que permita <strong>\u00abentrar de una vez en una rueda virtuosa que genere m\u00e1s cultura, m\u00e1s oportunidades y m\u00e1s vida\u00bb<\/strong>, una demanda que ha sido recibida con un largo aplauso por parte del p\u00fablico.<\/p>\n<p><img loading=\"lazy\" decoding=\"async\" class=\"aligncenter wp-image-27141\" src=\"https:\/\/hundreds-wordpress-uploads.s3.amazonaws.com\/fundacio-catalunya-cultura\/uploads\/2025\/10\/DSC_1167-1024x683.jpg\" alt=\"\" width=\"723\" height=\"482\" srcset=\"https:\/\/hundreds-wordpress-uploads.s3.amazonaws.com\/fundacio-catalunya-cultura\/uploads\/2025\/10\/DSC_1167-1024x683.jpg 1024w, https:\/\/hundreds-wordpress-uploads.s3.amazonaws.com\/fundacio-catalunya-cultura\/uploads\/2025\/10\/DSC_1167-300x200.jpg 300w, https:\/\/hundreds-wordpress-uploads.s3.amazonaws.com\/fundacio-catalunya-cultura\/uploads\/2025\/10\/DSC_1167-768x512.jpg 768w, https:\/\/hundreds-wordpress-uploads.s3.amazonaws.com\/fundacio-catalunya-cultura\/uploads\/2025\/10\/DSC_1167-1536x1024.jpg 1536w, https:\/\/hundreds-wordpress-uploads.s3.amazonaws.com\/fundacio-catalunya-cultura\/uploads\/2025\/10\/DSC_1167-2048x1365.jpg 2048w\" sizes=\"auto, (max-width: 723px) 100vw, 723px\" \/><\/p>\n<p>Entre las autoridades han asistido <strong>presidente del Parlament de Catalunya, <\/strong>el<strong> M. Hble. Sr. Josep Rull; <\/strong>la<strong> consejera de Cultura, Hble. Sra. Sonia Hern\u00e1ndez Almod\u00f3var,<\/strong> y el<strong> consejero de Empresa y Trabajo, Hble. Sr. Miquel S\u00e0mper<\/strong>, entre otros.<\/p>\n<p><img loading=\"lazy\" decoding=\"async\" class=\"aligncenter wp-image-27341\" src=\"https:\/\/hundreds-wordpress-uploads.s3.amazonaws.com\/fundacio-catalunya-cultura\/uploads\/2025\/10\/DSC_0566-1-1024x683.jpg\" alt=\"\" width=\"726\" height=\"484\" srcset=\"https:\/\/hundreds-wordpress-uploads.s3.amazonaws.com\/fundacio-catalunya-cultura\/uploads\/2025\/10\/DSC_0566-1-1024x683.jpg 1024w, https:\/\/hundreds-wordpress-uploads.s3.amazonaws.com\/fundacio-catalunya-cultura\/uploads\/2025\/10\/DSC_0566-1-300x200.jpg 300w, https:\/\/hundreds-wordpress-uploads.s3.amazonaws.com\/fundacio-catalunya-cultura\/uploads\/2025\/10\/DSC_0566-1-768x512.jpg 768w, https:\/\/hundreds-wordpress-uploads.s3.amazonaws.com\/fundacio-catalunya-cultura\/uploads\/2025\/10\/DSC_0566-1-1536x1024.jpg 1536w, https:\/\/hundreds-wordpress-uploads.s3.amazonaws.com\/fundacio-catalunya-cultura\/uploads\/2025\/10\/DSC_0566-1-2048x1365.jpg 2048w\" sizes=\"auto, (max-width: 726px) 100vw, 726px\" \/><\/p>\n<p>En la gala, presentada por el comunicador <strong>Borja Nicolau<\/strong>, han actuado alumnos del <strong>Conservatori del Liceu<\/strong>, as\u00ed como dos proyectos de la Comunidad IMPULSA: <strong>EIDART \u2013 Escola Integrada de Dansa d\u2019Alt Rendiment<\/strong>, menci\u00f3n especial del Premio IMPULSA CULTURA 2024, y <strong>Aupa Strings<\/strong>.<\/p>\n","protected":false},"excerpt":{"rendered":"<p>El Festival Fastt \u2013 Festival d&#8217;Arts Esc\u00e8niques dels Micropobles\u2013, Borges International Group y Montana Colors han sido los protagonistas de La Nit de l&#8217;Empresa i la Cultura 2025 Premio IMPULSA CULTURA 2025 para el Festival Fastt El Premio IMPULSA CULTURA 2025, dotado con 15.000 euros, se ha concedido al Festival Fastt, una propuesta que lleva [&hellip;]<\/p>\n","protected":false},"author":1,"featured_media":0,"comment_status":"closed","ping_status":"closed","sticky":false,"template":"","format":"standard","meta":{"_acf_changed":false,"footnotes":""},"categories":[44],"class_list":["post-27339","post","type-post","status-publish","format-standard","hentry","category-noticias"],"acf":[],"yoast_head":"<!-- This site is optimized with the Yoast SEO plugin v25.1 - https:\/\/yoast.com\/wordpress\/plugins\/seo\/ -->\n<title>M\u00e1s de 500 personas llenan al completo el Petit Palau del Palau de la M\u00fasica para celebrar La Nit de l&#039;Empresa i la Cultura | Fundaci\u00f3 Catalunya Cultura<\/title>\n<meta name=\"robots\" content=\"index, follow, max-snippet:-1, max-image-preview:large, max-video-preview:-1\" \/>\n<link rel=\"canonical\" href=\"https:\/\/www.fundaciocatalunyacultura.cat\/es\/27339\/\" \/>\n<meta property=\"og:locale\" content=\"es_ES\" \/>\n<meta property=\"og:type\" content=\"article\" \/>\n<meta property=\"og:title\" content=\"M\u00e1s de 500 personas llenan al completo el Petit Palau del Palau de la M\u00fasica para celebrar La Nit de l&#039;Empresa i la Cultura | Fundaci\u00f3 Catalunya Cultura\" \/>\n<meta property=\"og:description\" content=\"El Festival Fastt \u2013 Festival d&#8217;Arts Esc\u00e8niques dels Micropobles\u2013, Borges International Group y Montana Colors han sido los protagonistas de La Nit de l&#8217;Empresa i la Cultura 2025 Premio IMPULSA CULTURA 2025 para el Festival Fastt El Premio IMPULSA CULTURA 2025, dotado con 15.000 euros, se ha concedido al Festival Fastt, una propuesta que lleva [&hellip;]\" \/>\n<meta property=\"og:url\" content=\"https:\/\/www.fundaciocatalunyacultura.cat\/es\/27339\/\" \/>\n<meta property=\"og:site_name\" content=\"Fundaci\u00f3 Catalunya Cultura\" \/>\n<meta property=\"article:publisher\" content=\"https:\/\/www.facebook.com\/fundaciocatalunyacultura\/\" \/>\n<meta property=\"article:published_time\" content=\"2025-10-17T09:10:09+00:00\" \/>\n<meta property=\"article:modified_time\" content=\"2025-10-17T09:28:18+00:00\" \/>\n<meta property=\"og:image\" content=\"https:\/\/hundreds-wordpress-uploads.s3.amazonaws.com\/fundacio-catalunya-cultura\/uploads\/2025\/10\/Fastt-2-1024x683.jpg\" \/>\n<meta name=\"author\" content=\"fundacio\" \/>\n<meta name=\"twitter:card\" content=\"summary_large_image\" \/>\n<meta name=\"twitter:creator\" content=\"@fcatcultura\" \/>\n<meta name=\"twitter:site\" content=\"@fcatcultura\" \/>\n<meta name=\"twitter:label1\" content=\"Escrito por\" \/>\n\t<meta name=\"twitter:data1\" content=\"fundacio\" \/>\n\t<meta name=\"twitter:label2\" content=\"Tiempo de lectura\" \/>\n\t<meta name=\"twitter:data2\" content=\"4 minutos\" \/>\n<script type=\"application\/ld+json\" class=\"yoast-schema-graph\">{\"@context\":\"https:\/\/schema.org\",\"@graph\":[{\"@type\":\"Article\",\"@id\":\"https:\/\/www.fundaciocatalunyacultura.cat\/es\/27339\/#article\",\"isPartOf\":{\"@id\":\"https:\/\/www.fundaciocatalunyacultura.cat\/es\/27339\/\"},\"author\":{\"name\":\"fundacio\",\"@id\":\"https:\/\/www.fundaciocatalunyacultura.cat\/es\/#\/schema\/person\/f30f60b8448aa2c1761a644f652a4744\"},\"headline\":\"M\u00e1s de 500 personas llenan al completo el Petit Palau del Palau de la M\u00fasica para celebrar La Nit de l&#8217;Empresa i la Cultura\",\"datePublished\":\"2025-10-17T09:10:09+00:00\",\"dateModified\":\"2025-10-17T09:28:18+00:00\",\"mainEntityOfPage\":{\"@id\":\"https:\/\/www.fundaciocatalunyacultura.cat\/es\/27339\/\"},\"wordCount\":484,\"publisher\":{\"@id\":\"https:\/\/www.fundaciocatalunyacultura.cat\/es\/#organization\"},\"image\":{\"@id\":\"https:\/\/www.fundaciocatalunyacultura.cat\/es\/27339\/#primaryimage\"},\"thumbnailUrl\":\"https:\/\/hundreds-wordpress-uploads.s3.amazonaws.com\/fundacio-catalunya-cultura\/uploads\/2025\/10\/Fastt-2-1024x683.jpg\",\"articleSection\":[\"Noticias\"],\"inLanguage\":\"es\"},{\"@type\":\"WebPage\",\"@id\":\"https:\/\/www.fundaciocatalunyacultura.cat\/es\/27339\/\",\"url\":\"https:\/\/www.fundaciocatalunyacultura.cat\/es\/27339\/\",\"name\":\"M\u00e1s de 500 personas llenan al completo el Petit Palau del Palau de la M\u00fasica para celebrar La Nit de l'Empresa i la Cultura | Fundaci\u00f3 Catalunya Cultura\",\"isPartOf\":{\"@id\":\"https:\/\/www.fundaciocatalunyacultura.cat\/es\/#website\"},\"primaryImageOfPage\":{\"@id\":\"https:\/\/www.fundaciocatalunyacultura.cat\/es\/27339\/#primaryimage\"},\"image\":{\"@id\":\"https:\/\/www.fundaciocatalunyacultura.cat\/es\/27339\/#primaryimage\"},\"thumbnailUrl\":\"https:\/\/hundreds-wordpress-uploads.s3.amazonaws.com\/fundacio-catalunya-cultura\/uploads\/2025\/10\/Fastt-2-1024x683.jpg\",\"datePublished\":\"2025-10-17T09:10:09+00:00\",\"dateModified\":\"2025-10-17T09:28:18+00:00\",\"breadcrumb\":{\"@id\":\"https:\/\/www.fundaciocatalunyacultura.cat\/es\/27339\/#breadcrumb\"},\"inLanguage\":\"es\",\"potentialAction\":[{\"@type\":\"ReadAction\",\"target\":[\"https:\/\/www.fundaciocatalunyacultura.cat\/es\/27339\/\"]}]},{\"@type\":\"ImageObject\",\"inLanguage\":\"es\",\"@id\":\"https:\/\/www.fundaciocatalunyacultura.cat\/es\/27339\/#primaryimage\",\"url\":\"https:\/\/hundreds-wordpress-uploads.s3.amazonaws.com\/fundacio-catalunya-cultura\/uploads\/2025\/10\/Fastt-2-1024x683.jpg\",\"contentUrl\":\"https:\/\/hundreds-wordpress-uploads.s3.amazonaws.com\/fundacio-catalunya-cultura\/uploads\/2025\/10\/Fastt-2-1024x683.jpg\"},{\"@type\":\"BreadcrumbList\",\"@id\":\"https:\/\/www.fundaciocatalunyacultura.cat\/es\/27339\/#breadcrumb\",\"itemListElement\":[{\"@type\":\"ListItem\",\"position\":1,\"name\":\"Inici\",\"item\":\"https:\/\/www.fundaciocatalunyacultura.cat\/es\/\"},{\"@type\":\"ListItem\",\"position\":2,\"name\":\"M\u00e1s de 500 personas llenan al completo el Petit Palau del Palau de la M\u00fasica para celebrar La Nit de l&#8217;Empresa i la Cultura\"}]},{\"@type\":\"WebSite\",\"@id\":\"https:\/\/www.fundaciocatalunyacultura.cat\/es\/#website\",\"url\":\"https:\/\/www.fundaciocatalunyacultura.cat\/es\/\",\"name\":\"Fundaci\u00f3 Catalunya Cultura\",\"description\":\"\",\"publisher\":{\"@id\":\"https:\/\/www.fundaciocatalunyacultura.cat\/es\/#organization\"},\"potentialAction\":[{\"@type\":\"SearchAction\",\"target\":{\"@type\":\"EntryPoint\",\"urlTemplate\":\"https:\/\/www.fundaciocatalunyacultura.cat\/es\/?s={search_term_string}\"},\"query-input\":{\"@type\":\"PropertyValueSpecification\",\"valueRequired\":true,\"valueName\":\"search_term_string\"}}],\"inLanguage\":\"es\"},{\"@type\":\"Organization\",\"@id\":\"https:\/\/www.fundaciocatalunyacultura.cat\/es\/#organization\",\"name\":\"Fundaci\u00f3 Catalunya Cultura\",\"url\":\"https:\/\/www.fundaciocatalunyacultura.cat\/es\/\",\"logo\":{\"@type\":\"ImageObject\",\"inLanguage\":\"es\",\"@id\":\"https:\/\/www.fundaciocatalunyacultura.cat\/es\/#\/schema\/logo\/image\/\",\"url\":\"https:\/\/hundreds-wordpress-uploads.s3.amazonaws.com\/fundacio-catalunya-cultura\/uploads\/2021\/03\/fcc_logo_blanc-scaled.jpeg\",\"contentUrl\":\"https:\/\/hundreds-wordpress-uploads.s3.amazonaws.com\/fundacio-catalunya-cultura\/uploads\/2021\/03\/fcc_logo_blanc-scaled.jpeg\",\"width\":2560,\"height\":1785,\"caption\":\"Fundaci\u00f3 Catalunya Cultura\"},\"image\":{\"@id\":\"https:\/\/www.fundaciocatalunyacultura.cat\/es\/#\/schema\/logo\/image\/\"},\"sameAs\":[\"https:\/\/www.facebook.com\/fundaciocatalunyacultura\/\",\"https:\/\/x.com\/fcatcultura\",\"https:\/\/www.linkedin.com\/company\/fundaci\u00f3-catalunya-cultura\/\",\"https:\/\/ca.wikipedia.org\/wiki\/Fundaci\u00f3_Catalunya_Cultura\"]},{\"@type\":\"Person\",\"@id\":\"https:\/\/www.fundaciocatalunyacultura.cat\/es\/#\/schema\/person\/f30f60b8448aa2c1761a644f652a4744\",\"name\":\"fundacio\",\"image\":{\"@type\":\"ImageObject\",\"inLanguage\":\"es\",\"@id\":\"https:\/\/www.fundaciocatalunyacultura.cat\/es\/#\/schema\/person\/image\/\",\"url\":\"https:\/\/secure.gravatar.com\/avatar\/fe57a3f139ea81c65a338e37a8064b4e80844f839737532820c9107eb9e1966f?s=96&d=mm&r=g\",\"contentUrl\":\"https:\/\/secure.gravatar.com\/avatar\/fe57a3f139ea81c65a338e37a8064b4e80844f839737532820c9107eb9e1966f?s=96&d=mm&r=g\",\"caption\":\"fundacio\"},\"url\":\"https:\/\/www.fundaciocatalunyacultura.cat\/es\/author\/fundacio\/\"}]}<\/script>\n<!-- \/ Yoast SEO plugin. -->","yoast_head_json":{"title":"M\u00e1s de 500 personas llenan al completo el Petit Palau del Palau de la M\u00fasica para celebrar La Nit de l'Empresa i la Cultura | Fundaci\u00f3 Catalunya Cultura","robots":{"index":"index","follow":"follow","max-snippet":"max-snippet:-1","max-image-preview":"max-image-preview:large","max-video-preview":"max-video-preview:-1"},"canonical":"https:\/\/www.fundaciocatalunyacultura.cat\/es\/27339\/","og_locale":"es_ES","og_type":"article","og_title":"M\u00e1s de 500 personas llenan al completo el Petit Palau del Palau de la M\u00fasica para celebrar La Nit de l'Empresa i la Cultura | Fundaci\u00f3 Catalunya Cultura","og_description":"El Festival Fastt \u2013 Festival d&#8217;Arts Esc\u00e8niques dels Micropobles\u2013, Borges International Group y Montana Colors han sido los protagonistas de La Nit de l&#8217;Empresa i la Cultura 2025 Premio IMPULSA CULTURA 2025 para el Festival Fastt El Premio IMPULSA CULTURA 2025, dotado con 15.000 euros, se ha concedido al Festival Fastt, una propuesta que lleva [&hellip;]","og_url":"https:\/\/www.fundaciocatalunyacultura.cat\/es\/27339\/","og_site_name":"Fundaci\u00f3 Catalunya Cultura","article_publisher":"https:\/\/www.facebook.com\/fundaciocatalunyacultura\/","article_published_time":"2025-10-17T09:10:09+00:00","article_modified_time":"2025-10-17T09:28:18+00:00","og_image":[{"url":"https:\/\/hundreds-wordpress-uploads.s3.amazonaws.com\/fundacio-catalunya-cultura\/uploads\/2025\/10\/Fastt-2-1024x683.jpg","type":"","width":"","height":""}],"author":"fundacio","twitter_card":"summary_large_image","twitter_creator":"@fcatcultura","twitter_site":"@fcatcultura","twitter_misc":{"Escrito por":"fundacio","Tiempo de lectura":"4 minutos"},"schema":{"@context":"https:\/\/schema.org","@graph":[{"@type":"Article","@id":"https:\/\/www.fundaciocatalunyacultura.cat\/es\/27339\/#article","isPartOf":{"@id":"https:\/\/www.fundaciocatalunyacultura.cat\/es\/27339\/"},"author":{"name":"fundacio","@id":"https:\/\/www.fundaciocatalunyacultura.cat\/es\/#\/schema\/person\/f30f60b8448aa2c1761a644f652a4744"},"headline":"M\u00e1s de 500 personas llenan al completo el Petit Palau del Palau de la M\u00fasica para celebrar La Nit de l&#8217;Empresa i la Cultura","datePublished":"2025-10-17T09:10:09+00:00","dateModified":"2025-10-17T09:28:18+00:00","mainEntityOfPage":{"@id":"https:\/\/www.fundaciocatalunyacultura.cat\/es\/27339\/"},"wordCount":484,"publisher":{"@id":"https:\/\/www.fundaciocatalunyacultura.cat\/es\/#organization"},"image":{"@id":"https:\/\/www.fundaciocatalunyacultura.cat\/es\/27339\/#primaryimage"},"thumbnailUrl":"https:\/\/hundreds-wordpress-uploads.s3.amazonaws.com\/fundacio-catalunya-cultura\/uploads\/2025\/10\/Fastt-2-1024x683.jpg","articleSection":["Noticias"],"inLanguage":"es"},{"@type":"WebPage","@id":"https:\/\/www.fundaciocatalunyacultura.cat\/es\/27339\/","url":"https:\/\/www.fundaciocatalunyacultura.cat\/es\/27339\/","name":"M\u00e1s de 500 personas llenan al completo el Petit Palau del Palau de la M\u00fasica para celebrar La Nit de l'Empresa i la Cultura | Fundaci\u00f3 Catalunya Cultura","isPartOf":{"@id":"https:\/\/www.fundaciocatalunyacultura.cat\/es\/#website"},"primaryImageOfPage":{"@id":"https:\/\/www.fundaciocatalunyacultura.cat\/es\/27339\/#primaryimage"},"image":{"@id":"https:\/\/www.fundaciocatalunyacultura.cat\/es\/27339\/#primaryimage"},"thumbnailUrl":"https:\/\/hundreds-wordpress-uploads.s3.amazonaws.com\/fundacio-catalunya-cultura\/uploads\/2025\/10\/Fastt-2-1024x683.jpg","datePublished":"2025-10-17T09:10:09+00:00","dateModified":"2025-10-17T09:28:18+00:00","breadcrumb":{"@id":"https:\/\/www.fundaciocatalunyacultura.cat\/es\/27339\/#breadcrumb"},"inLanguage":"es","potentialAction":[{"@type":"ReadAction","target":["https:\/\/www.fundaciocatalunyacultura.cat\/es\/27339\/"]}]},{"@type":"ImageObject","inLanguage":"es","@id":"https:\/\/www.fundaciocatalunyacultura.cat\/es\/27339\/#primaryimage","url":"https:\/\/hundreds-wordpress-uploads.s3.amazonaws.com\/fundacio-catalunya-cultura\/uploads\/2025\/10\/Fastt-2-1024x683.jpg","contentUrl":"https:\/\/hundreds-wordpress-uploads.s3.amazonaws.com\/fundacio-catalunya-cultura\/uploads\/2025\/10\/Fastt-2-1024x683.jpg"},{"@type":"BreadcrumbList","@id":"https:\/\/www.fundaciocatalunyacultura.cat\/es\/27339\/#breadcrumb","itemListElement":[{"@type":"ListItem","position":1,"name":"Inici","item":"https:\/\/www.fundaciocatalunyacultura.cat\/es\/"},{"@type":"ListItem","position":2,"name":"M\u00e1s de 500 personas llenan al completo el Petit Palau del Palau de la M\u00fasica para celebrar La Nit de l&#8217;Empresa i la Cultura"}]},{"@type":"WebSite","@id":"https:\/\/www.fundaciocatalunyacultura.cat\/es\/#website","url":"https:\/\/www.fundaciocatalunyacultura.cat\/es\/","name":"Fundaci\u00f3 Catalunya Cultura","description":"","publisher":{"@id":"https:\/\/www.fundaciocatalunyacultura.cat\/es\/#organization"},"potentialAction":[{"@type":"SearchAction","target":{"@type":"EntryPoint","urlTemplate":"https:\/\/www.fundaciocatalunyacultura.cat\/es\/?s={search_term_string}"},"query-input":{"@type":"PropertyValueSpecification","valueRequired":true,"valueName":"search_term_string"}}],"inLanguage":"es"},{"@type":"Organization","@id":"https:\/\/www.fundaciocatalunyacultura.cat\/es\/#organization","name":"Fundaci\u00f3 Catalunya Cultura","url":"https:\/\/www.fundaciocatalunyacultura.cat\/es\/","logo":{"@type":"ImageObject","inLanguage":"es","@id":"https:\/\/www.fundaciocatalunyacultura.cat\/es\/#\/schema\/logo\/image\/","url":"https:\/\/hundreds-wordpress-uploads.s3.amazonaws.com\/fundacio-catalunya-cultura\/uploads\/2021\/03\/fcc_logo_blanc-scaled.jpeg","contentUrl":"https:\/\/hundreds-wordpress-uploads.s3.amazonaws.com\/fundacio-catalunya-cultura\/uploads\/2021\/03\/fcc_logo_blanc-scaled.jpeg","width":2560,"height":1785,"caption":"Fundaci\u00f3 Catalunya Cultura"},"image":{"@id":"https:\/\/www.fundaciocatalunyacultura.cat\/es\/#\/schema\/logo\/image\/"},"sameAs":["https:\/\/www.facebook.com\/fundaciocatalunyacultura\/","https:\/\/x.com\/fcatcultura","https:\/\/www.linkedin.com\/company\/fundaci\u00f3-catalunya-cultura\/","https:\/\/ca.wikipedia.org\/wiki\/Fundaci\u00f3_Catalunya_Cultura"]},{"@type":"Person","@id":"https:\/\/www.fundaciocatalunyacultura.cat\/es\/#\/schema\/person\/f30f60b8448aa2c1761a644f652a4744","name":"fundacio","image":{"@type":"ImageObject","inLanguage":"es","@id":"https:\/\/www.fundaciocatalunyacultura.cat\/es\/#\/schema\/person\/image\/","url":"https:\/\/secure.gravatar.com\/avatar\/fe57a3f139ea81c65a338e37a8064b4e80844f839737532820c9107eb9e1966f?s=96&d=mm&r=g","contentUrl":"https:\/\/secure.gravatar.com\/avatar\/fe57a3f139ea81c65a338e37a8064b4e80844f839737532820c9107eb9e1966f?s=96&d=mm&r=g","caption":"fundacio"},"url":"https:\/\/www.fundaciocatalunyacultura.cat\/es\/author\/fundacio\/"}]}},"_links":{"self":[{"href":"https:\/\/www.fundaciocatalunyacultura.cat\/es\/wp-json\/wp\/v2\/posts\/27339","targetHints":{"allow":["GET"]}}],"collection":[{"href":"https:\/\/www.fundaciocatalunyacultura.cat\/es\/wp-json\/wp\/v2\/posts"}],"about":[{"href":"https:\/\/www.fundaciocatalunyacultura.cat\/es\/wp-json\/wp\/v2\/types\/post"}],"author":[{"embeddable":true,"href":"https:\/\/www.fundaciocatalunyacultura.cat\/es\/wp-json\/wp\/v2\/users\/1"}],"replies":[{"embeddable":true,"href":"https:\/\/www.fundaciocatalunyacultura.cat\/es\/wp-json\/wp\/v2\/comments?post=27339"}],"version-history":[{"count":2,"href":"https:\/\/www.fundaciocatalunyacultura.cat\/es\/wp-json\/wp\/v2\/posts\/27339\/revisions"}],"predecessor-version":[{"id":27345,"href":"https:\/\/www.fundaciocatalunyacultura.cat\/es\/wp-json\/wp\/v2\/posts\/27339\/revisions\/27345"}],"wp:attachment":[{"href":"https:\/\/www.fundaciocatalunyacultura.cat\/es\/wp-json\/wp\/v2\/media?parent=27339"}],"wp:term":[{"taxonomy":"category","embeddable":true,"href":"https:\/\/www.fundaciocatalunyacultura.cat\/es\/wp-json\/wp\/v2\/categories?post=27339"}],"curies":[{"name":"wp","href":"https:\/\/api.w.org\/{rel}","templated":true}]}}