{"id":23154,"date":"2025-01-23T10:13:13","date_gmt":"2025-01-23T10:13:13","guid":{"rendered":"https:\/\/www.fundaciocatalunyacultura.cat\/?p=23154"},"modified":"2025-01-23T10:17:58","modified_gmt":"2025-01-23T10:17:58","slug":"junts-toma-la-iniciativa-y-registra-la-propuesta-de-ley-de-mecenazgo-catalana-de-la-fundacion","status":"publish","type":"post","link":"https:\/\/www.fundaciocatalunyacultura.cat\/es\/junts-toma-la-iniciativa-y-registra-la-propuesta-de-ley-de-mecenazgo-catalana-de-la-fundacion\/","title":{"rendered":"Junts toma la iniciativa y registra la propuesta de Ley de Mecenazgo catalana de la Fundaci\u00f3n"},"content":{"rendered":"<p><span style=\"font-size: 14pt;\"><strong>El grupo parlamentario de Junts ha registrado, con algunos matices, la Proposici\u00f3n de Ley de Mecenazgo<\/strong><\/span><br \/>\n<span style=\"font-size: 14pt;\"><strong>catalana que hemos hecho llegar a todos los partidos representados en el Parlamento.<\/strong><\/span><\/p>\n<p><span style=\"font-size: 14pt;\"><strong>Intensificamos ahora las consultas para alcanzar el consenso de todo el arco parlamentario en esta propuesta tan necesaria, esperando que se apruebe en la presente legislatura.<\/strong><\/span><\/p>\n<p>&nbsp;<\/p>\n<p><span style=\"font-weight: 400;\">Desde la aprobaci\u00f3n de la Reforma de la Ley 49\/2002, se ha podido constatar que, si ha sido posible llegar a acuerdos en una reforma del marco legal y fiscal del mecenazgo en el Estado espa\u00f1ol, tambi\u00e9n debe haber predisposici\u00f3n para encontrar un consenso en el debate y tramitaci\u00f3n de una Ley de Mecenazgo de \u00e1mbito catal\u00e1n.<\/span><\/p>\n<p><span style=\"font-weight: 400;\">La <strong>propuesta legislativa<\/strong> que la Fundaci\u00f3n ha redactado tiene estos <strong>objetivos:<\/strong><\/span><\/p>\n<ul>\n<li style=\"font-weight: 400;\" aria-level=\"1\"><span style=\"font-weight: 400;\">Adaptar a la realidad socioecon\u00f3mica actual los incentivos fiscales para la participaci\u00f3n privada de personas f\u00edsicas y jur\u00eddicas en actividades y causas de inter\u00e9s general en todos los \u00e1mbitos: cultural, social, investigaci\u00f3n, educativo, medioambiental, etc.<\/span><\/li>\n<li style=\"font-weight: 400;\" aria-level=\"1\"><span style=\"font-weight: 400;\">Crear las bases para el desarrollo de la filantrop\u00eda y el mecenazgo en Catalu\u00f1a mediante un nuevo marco legislativo con el consenso y la participaci\u00f3n de todos los actores.<\/span><\/li>\n<li style=\"font-weight: 400;\" aria-level=\"1\"><span style=\"font-weight: 400;\">Reconocer el mecenazgo y darle visibilidad.<\/span><\/li>\n<\/ul>\n<p><span style=\"font-weight: 400;\">Desde sus inicios, la Fundaci\u00f3n ha asumido el compromiso de concienciar a la ciudadan\u00eda sobre los beneficios del mecenazgo y la filantrop\u00eda para la sociedad. Seguiremos trabajando firmemente para que en Catalu\u00f1a se logre un <strong>marco normativo propio<\/strong> que favorezca las iniciativas de mecenazgo.<\/span><\/p>\n<p><span style=\"font-weight: 400;\">Cabe destacar que la Fundaci\u00f3n lidera la <a href=\"https:\/\/www.fundaciocatalunyacultura.cat\/es\/ley-del-mecenazgo\/\"><strong>Plataforma por el Mecenazgo<\/strong><\/a>, integrada por m\u00e1s de 190 entidades de los \u00e1mbitos cultural, social y de investigaci\u00f3n, que comparten una misma visi\u00f3n sobre la promoci\u00f3n del mecenazgo y reivindican un marco legislativo propio para Catalu\u00f1a.<\/span><\/p>\n","protected":false},"excerpt":{"rendered":"<p>El grupo parlamentario de Junts ha registrado, con algunos matices, la Proposici\u00f3n de Ley de Mecenazgo catalana que hemos hecho llegar a todos los partidos representados en el Parlamento. Intensificamos ahora las consultas para alcanzar el consenso de todo el arco parlamentario en esta propuesta tan necesaria, esperando que se apruebe en la presente legislatura. [&hellip;]<\/p>\n","protected":false},"author":1,"featured_media":0,"comment_status":"closed","ping_status":"closed","sticky":false,"template":"","format":"standard","meta":{"_acf_changed":false,"footnotes":""},"categories":[44],"class_list":["post-23154","post","type-post","status-publish","format-standard","hentry","category-noticias"],"acf":[],"yoast_head":"<!-- This site is optimized with the Yoast SEO plugin v25.1 - https:\/\/yoast.com\/wordpress\/plugins\/seo\/ -->\n<title>Junts toma la iniciativa y registra la propuesta de Ley de Mecenazgo catalana de la Fundaci\u00f3n | Fundaci\u00f3 Catalunya Cultura<\/title>\n<meta name=\"robots\" content=\"index, follow, max-snippet:-1, max-image-preview:large, max-video-preview:-1\" \/>\n<link rel=\"canonical\" href=\"https:\/\/www.fundaciocatalunyacultura.cat\/es\/junts-toma-la-iniciativa-y-registra-la-propuesta-de-ley-de-mecenazgo-catalana-de-la-fundacion\/\" \/>\n<meta property=\"og:locale\" content=\"es_ES\" \/>\n<meta property=\"og:type\" content=\"article\" \/>\n<meta property=\"og:title\" content=\"Junts toma la iniciativa y registra la propuesta de Ley de Mecenazgo catalana de la Fundaci\u00f3n | Fundaci\u00f3 Catalunya Cultura\" \/>\n<meta property=\"og:description\" content=\"El grupo parlamentario de Junts ha registrado, con algunos matices, la Proposici\u00f3n de Ley de Mecenazgo catalana que hemos hecho llegar a todos los partidos representados en el Parlamento. Intensificamos ahora las consultas para alcanzar el consenso de todo el arco parlamentario en esta propuesta tan necesaria, esperando que se apruebe en la presente legislatura. [&hellip;]\" \/>\n<meta property=\"og:url\" content=\"https:\/\/www.fundaciocatalunyacultura.cat\/es\/junts-toma-la-iniciativa-y-registra-la-propuesta-de-ley-de-mecenazgo-catalana-de-la-fundacion\/\" \/>\n<meta property=\"og:site_name\" content=\"Fundaci\u00f3 Catalunya Cultura\" \/>\n<meta property=\"article:publisher\" content=\"https:\/\/www.facebook.com\/fundaciocatalunyacultura\/\" \/>\n<meta property=\"article:published_time\" content=\"2025-01-23T10:13:13+00:00\" \/>\n<meta property=\"article:modified_time\" content=\"2025-01-23T10:17:58+00:00\" \/>\n<meta name=\"author\" content=\"fundacio\" \/>\n<meta name=\"twitter:card\" content=\"summary_large_image\" \/>\n<meta name=\"twitter:creator\" content=\"@fcatcultura\" \/>\n<meta name=\"twitter:site\" content=\"@fcatcultura\" \/>\n<meta name=\"twitter:label1\" content=\"Escrito por\" \/>\n\t<meta name=\"twitter:data1\" content=\"fundacio\" \/>\n\t<meta name=\"twitter:label2\" content=\"Tiempo de lectura\" \/>\n\t<meta name=\"twitter:data2\" content=\"2 minutos\" \/>\n<script type=\"application\/ld+json\" class=\"yoast-schema-graph\">{\"@context\":\"https:\/\/schema.org\",\"@graph\":[{\"@type\":\"Article\",\"@id\":\"https:\/\/www.fundaciocatalunyacultura.cat\/es\/junts-toma-la-iniciativa-y-registra-la-propuesta-de-ley-de-mecenazgo-catalana-de-la-fundacion\/#article\",\"isPartOf\":{\"@id\":\"https:\/\/www.fundaciocatalunyacultura.cat\/es\/junts-toma-la-iniciativa-y-registra-la-propuesta-de-ley-de-mecenazgo-catalana-de-la-fundacion\/\"},\"author\":{\"name\":\"fundacio\",\"@id\":\"https:\/\/fundaciocatalunyacultura.cat\/#\/schema\/person\/f30f60b8448aa2c1761a644f652a4744\"},\"headline\":\"Junts toma la iniciativa y registra la propuesta de Ley de Mecenazgo catalana de la Fundaci\u00f3n\",\"datePublished\":\"2025-01-23T10:13:13+00:00\",\"dateModified\":\"2025-01-23T10:17:58+00:00\",\"mainEntityOfPage\":{\"@id\":\"https:\/\/www.fundaciocatalunyacultura.cat\/es\/junts-toma-la-iniciativa-y-registra-la-propuesta-de-ley-de-mecenazgo-catalana-de-la-fundacion\/\"},\"wordCount\":323,\"publisher\":{\"@id\":\"https:\/\/fundaciocatalunyacultura.cat\/#organization\"},\"articleSection\":[\"Noticias\"],\"inLanguage\":\"es\"},{\"@type\":\"WebPage\",\"@id\":\"https:\/\/www.fundaciocatalunyacultura.cat\/es\/junts-toma-la-iniciativa-y-registra-la-propuesta-de-ley-de-mecenazgo-catalana-de-la-fundacion\/\",\"url\":\"https:\/\/www.fundaciocatalunyacultura.cat\/es\/junts-toma-la-iniciativa-y-registra-la-propuesta-de-ley-de-mecenazgo-catalana-de-la-fundacion\/\",\"name\":\"Junts toma la iniciativa y registra la propuesta de Ley de Mecenazgo catalana de la Fundaci\u00f3n | Fundaci\u00f3 Catalunya Cultura\",\"isPartOf\":{\"@id\":\"https:\/\/fundaciocatalunyacultura.cat\/#website\"},\"datePublished\":\"2025-01-23T10:13:13+00:00\",\"dateModified\":\"2025-01-23T10:17:58+00:00\",\"breadcrumb\":{\"@id\":\"https:\/\/www.fundaciocatalunyacultura.cat\/es\/junts-toma-la-iniciativa-y-registra-la-propuesta-de-ley-de-mecenazgo-catalana-de-la-fundacion\/#breadcrumb\"},\"inLanguage\":\"es\",\"potentialAction\":[{\"@type\":\"ReadAction\",\"target\":[\"https:\/\/www.fundaciocatalunyacultura.cat\/es\/junts-toma-la-iniciativa-y-registra-la-propuesta-de-ley-de-mecenazgo-catalana-de-la-fundacion\/\"]}]},{\"@type\":\"BreadcrumbList\",\"@id\":\"https:\/\/www.fundaciocatalunyacultura.cat\/es\/junts-toma-la-iniciativa-y-registra-la-propuesta-de-ley-de-mecenazgo-catalana-de-la-fundacion\/#breadcrumb\",\"itemListElement\":[{\"@type\":\"ListItem\",\"position\":1,\"name\":\"Inici\",\"item\":\"https:\/\/fundaciocatalunyacultura.cat\/es\/\"},{\"@type\":\"ListItem\",\"position\":2,\"name\":\"Junts toma la iniciativa y registra la propuesta de Ley de Mecenazgo catalana de la Fundaci\u00f3n\"}]},{\"@type\":\"WebSite\",\"@id\":\"https:\/\/fundaciocatalunyacultura.cat\/#website\",\"url\":\"https:\/\/fundaciocatalunyacultura.cat\/\",\"name\":\"Fundaci\u00f3 Catalunya Cultura\",\"description\":\"\",\"publisher\":{\"@id\":\"https:\/\/fundaciocatalunyacultura.cat\/#organization\"},\"potentialAction\":[{\"@type\":\"SearchAction\",\"target\":{\"@type\":\"EntryPoint\",\"urlTemplate\":\"https:\/\/fundaciocatalunyacultura.cat\/?s={search_term_string}\"},\"query-input\":{\"@type\":\"PropertyValueSpecification\",\"valueRequired\":true,\"valueName\":\"search_term_string\"}}],\"inLanguage\":\"es\"},{\"@type\":\"Organization\",\"@id\":\"https:\/\/fundaciocatalunyacultura.cat\/#organization\",\"name\":\"Fundaci\u00f3 Catalunya Cultura\",\"url\":\"https:\/\/fundaciocatalunyacultura.cat\/\",\"logo\":{\"@type\":\"ImageObject\",\"inLanguage\":\"es\",\"@id\":\"https:\/\/fundaciocatalunyacultura.cat\/#\/schema\/logo\/image\/\",\"url\":\"https:\/\/hundreds-wordpress-uploads.s3.amazonaws.com\/fundacio-catalunya-cultura\/uploads\/2021\/03\/fcc_logo_blanc-scaled.jpeg\",\"contentUrl\":\"https:\/\/hundreds-wordpress-uploads.s3.amazonaws.com\/fundacio-catalunya-cultura\/uploads\/2021\/03\/fcc_logo_blanc-scaled.jpeg\",\"width\":2560,\"height\":1785,\"caption\":\"Fundaci\u00f3 Catalunya Cultura\"},\"image\":{\"@id\":\"https:\/\/fundaciocatalunyacultura.cat\/#\/schema\/logo\/image\/\"},\"sameAs\":[\"https:\/\/www.facebook.com\/fundaciocatalunyacultura\/\",\"https:\/\/x.com\/fcatcultura\",\"https:\/\/www.linkedin.com\/company\/fundaci\u00f3-catalunya-cultura\/\",\"https:\/\/ca.wikipedia.org\/wiki\/Fundaci\u00f3_Catalunya_Cultura\"]},{\"@type\":\"Person\",\"@id\":\"https:\/\/fundaciocatalunyacultura.cat\/#\/schema\/person\/f30f60b8448aa2c1761a644f652a4744\",\"name\":\"fundacio\",\"image\":{\"@type\":\"ImageObject\",\"inLanguage\":\"es\",\"@id\":\"https:\/\/fundaciocatalunyacultura.cat\/#\/schema\/person\/image\/\",\"url\":\"https:\/\/secure.gravatar.com\/avatar\/fe57a3f139ea81c65a338e37a8064b4e80844f839737532820c9107eb9e1966f?s=96&d=mm&r=g\",\"contentUrl\":\"https:\/\/secure.gravatar.com\/avatar\/fe57a3f139ea81c65a338e37a8064b4e80844f839737532820c9107eb9e1966f?s=96&d=mm&r=g\",\"caption\":\"fundacio\"},\"url\":\"https:\/\/www.fundaciocatalunyacultura.cat\/es\/author\/fundacio\/\"}]}<\/script>\n<!-- \/ Yoast SEO plugin. -->","yoast_head_json":{"title":"Junts toma la iniciativa y registra la propuesta de Ley de Mecenazgo catalana de la Fundaci\u00f3n | Fundaci\u00f3 Catalunya Cultura","robots":{"index":"index","follow":"follow","max-snippet":"max-snippet:-1","max-image-preview":"max-image-preview:large","max-video-preview":"max-video-preview:-1"},"canonical":"https:\/\/www.fundaciocatalunyacultura.cat\/es\/junts-toma-la-iniciativa-y-registra-la-propuesta-de-ley-de-mecenazgo-catalana-de-la-fundacion\/","og_locale":"es_ES","og_type":"article","og_title":"Junts toma la iniciativa y registra la propuesta de Ley de Mecenazgo catalana de la Fundaci\u00f3n | Fundaci\u00f3 Catalunya Cultura","og_description":"El grupo parlamentario de Junts ha registrado, con algunos matices, la Proposici\u00f3n de Ley de Mecenazgo catalana que hemos hecho llegar a todos los partidos representados en el Parlamento. Intensificamos ahora las consultas para alcanzar el consenso de todo el arco parlamentario en esta propuesta tan necesaria, esperando que se apruebe en la presente legislatura. [&hellip;]","og_url":"https:\/\/www.fundaciocatalunyacultura.cat\/es\/junts-toma-la-iniciativa-y-registra-la-propuesta-de-ley-de-mecenazgo-catalana-de-la-fundacion\/","og_site_name":"Fundaci\u00f3 Catalunya Cultura","article_publisher":"https:\/\/www.facebook.com\/fundaciocatalunyacultura\/","article_published_time":"2025-01-23T10:13:13+00:00","article_modified_time":"2025-01-23T10:17:58+00:00","author":"fundacio","twitter_card":"summary_large_image","twitter_creator":"@fcatcultura","twitter_site":"@fcatcultura","twitter_misc":{"Escrito por":"fundacio","Tiempo de lectura":"2 minutos"},"schema":{"@context":"https:\/\/schema.org","@graph":[{"@type":"Article","@id":"https:\/\/www.fundaciocatalunyacultura.cat\/es\/junts-toma-la-iniciativa-y-registra-la-propuesta-de-ley-de-mecenazgo-catalana-de-la-fundacion\/#article","isPartOf":{"@id":"https:\/\/www.fundaciocatalunyacultura.cat\/es\/junts-toma-la-iniciativa-y-registra-la-propuesta-de-ley-de-mecenazgo-catalana-de-la-fundacion\/"},"author":{"name":"fundacio","@id":"https:\/\/fundaciocatalunyacultura.cat\/#\/schema\/person\/f30f60b8448aa2c1761a644f652a4744"},"headline":"Junts toma la iniciativa y registra la propuesta de Ley de Mecenazgo catalana de la Fundaci\u00f3n","datePublished":"2025-01-23T10:13:13+00:00","dateModified":"2025-01-23T10:17:58+00:00","mainEntityOfPage":{"@id":"https:\/\/www.fundaciocatalunyacultura.cat\/es\/junts-toma-la-iniciativa-y-registra-la-propuesta-de-ley-de-mecenazgo-catalana-de-la-fundacion\/"},"wordCount":323,"publisher":{"@id":"https:\/\/fundaciocatalunyacultura.cat\/#organization"},"articleSection":["Noticias"],"inLanguage":"es"},{"@type":"WebPage","@id":"https:\/\/www.fundaciocatalunyacultura.cat\/es\/junts-toma-la-iniciativa-y-registra-la-propuesta-de-ley-de-mecenazgo-catalana-de-la-fundacion\/","url":"https:\/\/www.fundaciocatalunyacultura.cat\/es\/junts-toma-la-iniciativa-y-registra-la-propuesta-de-ley-de-mecenazgo-catalana-de-la-fundacion\/","name":"Junts toma la iniciativa y registra la propuesta de Ley de Mecenazgo catalana de la Fundaci\u00f3n | Fundaci\u00f3 Catalunya Cultura","isPartOf":{"@id":"https:\/\/fundaciocatalunyacultura.cat\/#website"},"datePublished":"2025-01-23T10:13:13+00:00","dateModified":"2025-01-23T10:17:58+00:00","breadcrumb":{"@id":"https:\/\/www.fundaciocatalunyacultura.cat\/es\/junts-toma-la-iniciativa-y-registra-la-propuesta-de-ley-de-mecenazgo-catalana-de-la-fundacion\/#breadcrumb"},"inLanguage":"es","potentialAction":[{"@type":"ReadAction","target":["https:\/\/www.fundaciocatalunyacultura.cat\/es\/junts-toma-la-iniciativa-y-registra-la-propuesta-de-ley-de-mecenazgo-catalana-de-la-fundacion\/"]}]},{"@type":"BreadcrumbList","@id":"https:\/\/www.fundaciocatalunyacultura.cat\/es\/junts-toma-la-iniciativa-y-registra-la-propuesta-de-ley-de-mecenazgo-catalana-de-la-fundacion\/#breadcrumb","itemListElement":[{"@type":"ListItem","position":1,"name":"Inici","item":"https:\/\/fundaciocatalunyacultura.cat\/es\/"},{"@type":"ListItem","position":2,"name":"Junts toma la iniciativa y registra la propuesta de Ley de Mecenazgo catalana de la Fundaci\u00f3n"}]},{"@type":"WebSite","@id":"https:\/\/fundaciocatalunyacultura.cat\/#website","url":"https:\/\/fundaciocatalunyacultura.cat\/","name":"Fundaci\u00f3 Catalunya Cultura","description":"","publisher":{"@id":"https:\/\/fundaciocatalunyacultura.cat\/#organization"},"potentialAction":[{"@type":"SearchAction","target":{"@type":"EntryPoint","urlTemplate":"https:\/\/fundaciocatalunyacultura.cat\/?s={search_term_string}"},"query-input":{"@type":"PropertyValueSpecification","valueRequired":true,"valueName":"search_term_string"}}],"inLanguage":"es"},{"@type":"Organization","@id":"https:\/\/fundaciocatalunyacultura.cat\/#organization","name":"Fundaci\u00f3 Catalunya Cultura","url":"https:\/\/fundaciocatalunyacultura.cat\/","logo":{"@type":"ImageObject","inLanguage":"es","@id":"https:\/\/fundaciocatalunyacultura.cat\/#\/schema\/logo\/image\/","url":"https:\/\/hundreds-wordpress-uploads.s3.amazonaws.com\/fundacio-catalunya-cultura\/uploads\/2021\/03\/fcc_logo_blanc-scaled.jpeg","contentUrl":"https:\/\/hundreds-wordpress-uploads.s3.amazonaws.com\/fundacio-catalunya-cultura\/uploads\/2021\/03\/fcc_logo_blanc-scaled.jpeg","width":2560,"height":1785,"caption":"Fundaci\u00f3 Catalunya Cultura"},"image":{"@id":"https:\/\/fundaciocatalunyacultura.cat\/#\/schema\/logo\/image\/"},"sameAs":["https:\/\/www.facebook.com\/fundaciocatalunyacultura\/","https:\/\/x.com\/fcatcultura","https:\/\/www.linkedin.com\/company\/fundaci\u00f3-catalunya-cultura\/","https:\/\/ca.wikipedia.org\/wiki\/Fundaci\u00f3_Catalunya_Cultura"]},{"@type":"Person","@id":"https:\/\/fundaciocatalunyacultura.cat\/#\/schema\/person\/f30f60b8448aa2c1761a644f652a4744","name":"fundacio","image":{"@type":"ImageObject","inLanguage":"es","@id":"https:\/\/fundaciocatalunyacultura.cat\/#\/schema\/person\/image\/","url":"https:\/\/secure.gravatar.com\/avatar\/fe57a3f139ea81c65a338e37a8064b4e80844f839737532820c9107eb9e1966f?s=96&d=mm&r=g","contentUrl":"https:\/\/secure.gravatar.com\/avatar\/fe57a3f139ea81c65a338e37a8064b4e80844f839737532820c9107eb9e1966f?s=96&d=mm&r=g","caption":"fundacio"},"url":"https:\/\/www.fundaciocatalunyacultura.cat\/es\/author\/fundacio\/"}]}},"_links":{"self":[{"href":"https:\/\/www.fundaciocatalunyacultura.cat\/es\/wp-json\/wp\/v2\/posts\/23154","targetHints":{"allow":["GET"]}}],"collection":[{"href":"https:\/\/www.fundaciocatalunyacultura.cat\/es\/wp-json\/wp\/v2\/posts"}],"about":[{"href":"https:\/\/www.fundaciocatalunyacultura.cat\/es\/wp-json\/wp\/v2\/types\/post"}],"author":[{"embeddable":true,"href":"https:\/\/www.fundaciocatalunyacultura.cat\/es\/wp-json\/wp\/v2\/users\/1"}],"replies":[{"embeddable":true,"href":"https:\/\/www.fundaciocatalunyacultura.cat\/es\/wp-json\/wp\/v2\/comments?post=23154"}],"version-history":[{"count":2,"href":"https:\/\/www.fundaciocatalunyacultura.cat\/es\/wp-json\/wp\/v2\/posts\/23154\/revisions"}],"predecessor-version":[{"id":23157,"href":"https:\/\/www.fundaciocatalunyacultura.cat\/es\/wp-json\/wp\/v2\/posts\/23154\/revisions\/23157"}],"wp:attachment":[{"href":"https:\/\/www.fundaciocatalunyacultura.cat\/es\/wp-json\/wp\/v2\/media?parent=23154"}],"wp:term":[{"taxonomy":"category","embeddable":true,"href":"https:\/\/www.fundaciocatalunyacultura.cat\/es\/wp-json\/wp\/v2\/categories?post=23154"}],"curies":[{"name":"wp","href":"https:\/\/api.w.org\/{rel}","templated":true}]}}