{"id":21270,"date":"2024-09-05T10:32:06","date_gmt":"2024-09-05T10:32:06","guid":{"rendered":"https:\/\/www.fundaciocatalunyacultura.cat\/?p=21270"},"modified":"2024-09-05T10:55:01","modified_gmt":"2024-09-05T10:55:01","slug":"21270","status":"publish","type":"post","link":"https:\/\/www.fundaciocatalunyacultura.cat\/es\/21270\/","title":{"rendered":"Firmamos un acuerdo de colaboraci\u00f3n con la Asociaci\u00f3n de Profesionales de la Gesti\u00f3n Cultural de Catalunya (APGCC)"},"content":{"rendered":"<p>La Fundaci\u00f3 Catalunya Cultura y la Asociaci\u00f3n de Profesionales de la Gesti\u00f3n Cultural en Catalu\u00f1a (APGCC) han firmado un convenio de colaboraci\u00f3n con el objetivo de trabajar de manera conjunta en proyectos de promoci\u00f3n de la cultura. El acto de formalizaci\u00f3n del acuerdo ha tenido lugar a nuestra Fundaci\u00f3n y ha ido a cargo de la presidenta de la APGCC, Rosa Maria Muga, y de nuestra directora, Maite Esteve.<\/p>\n<p>El convenio, que tiene una vigencia inicial de un a\u00f1o, recoge iniciativas y programas espec\u00edficos de colaboraci\u00f3n para promocionar e impulsar el talento cultural y creativo de Catalu\u00f1a.<\/p>\n<p>La APGCC est\u00e1 integrada por m\u00e1s de 700 profesionales procedentes de varios \u00e1mbitos, como por ejemplo las artes esc\u00e9nicas, artes visuales, patrimonio, docencia, administraciones y servicios p\u00fablicos. Se fund\u00f3 el 1993 con el objetivo de ser el punto de encuentro y la plataforma de representaci\u00f3n y reflexi\u00f3n de los profesionales de la gesti\u00f3n cultural de Catalu\u00f1a. Desde entonces, se ha consolidado como una organizaci\u00f3n de referencia en el sector cultural y como altavoz de los profesionales de la gesti\u00f3n cultural del territorio.<\/p>\n<p>Entre sus principales objetivos, destacan mejorar la calidad en el ejercicio de la profesi\u00f3n, dinamizar el mercado laboral de los gestores y gestoras culturales y conseguir la m\u00e1xima representatividad de la profesi\u00f3n ampliando la cantidad y la pluralidad de los socios y socias.<\/p>\n<p>Este ha sido el sexto convenio de colaboraci\u00f3n que la Fundaci\u00f3 Catalunya Cultura ha formalizado este a\u00f1o con otras entidades comprometidas con la cultura. En total, la Fundaci\u00f3n ha establecido 39 alianzas a lo largo de los diez a\u00f1os de trayectoria.<\/p>\n","protected":false},"excerpt":{"rendered":"<p>La Fundaci\u00f3 Catalunya Cultura y la Asociaci\u00f3n de Profesionales de la Gesti\u00f3n Cultural en Catalu\u00f1a (APGCC) han firmado un convenio de colaboraci\u00f3n con el objetivo de trabajar de manera conjunta en proyectos de promoci\u00f3n de la cultura. El acto de formalizaci\u00f3n del acuerdo ha tenido lugar a nuestra Fundaci\u00f3n y ha ido a cargo de [&hellip;]<\/p>\n","protected":false},"author":1,"featured_media":0,"comment_status":"closed","ping_status":"closed","sticky":false,"template":"","format":"standard","meta":{"_acf_changed":false,"footnotes":""},"categories":[44],"class_list":["post-21270","post","type-post","status-publish","format-standard","hentry","category-noticias"],"acf":[],"yoast_head":"<!-- This site is optimized with the Yoast SEO plugin v25.1 - https:\/\/yoast.com\/wordpress\/plugins\/seo\/ -->\n<title>Firmamos un acuerdo de colaboraci\u00f3n con la Asociaci\u00f3n de Profesionales de la Gesti\u00f3n Cultural de Catalunya (APGCC) | Fundaci\u00f3 Catalunya Cultura<\/title>\n<meta name=\"robots\" content=\"index, follow, max-snippet:-1, max-image-preview:large, max-video-preview:-1\" \/>\n<link rel=\"canonical\" href=\"https:\/\/www.fundaciocatalunyacultura.cat\/es\/21270\/\" \/>\n<meta property=\"og:locale\" content=\"es_ES\" \/>\n<meta property=\"og:type\" content=\"article\" \/>\n<meta property=\"og:title\" content=\"Firmamos un acuerdo de colaboraci\u00f3n con la Asociaci\u00f3n de Profesionales de la Gesti\u00f3n Cultural de Catalunya (APGCC) | Fundaci\u00f3 Catalunya Cultura\" \/>\n<meta property=\"og:description\" content=\"La Fundaci\u00f3 Catalunya Cultura y la Asociaci\u00f3n de Profesionales de la Gesti\u00f3n Cultural en Catalu\u00f1a (APGCC) han firmado un convenio de colaboraci\u00f3n con el objetivo de trabajar de manera conjunta en proyectos de promoci\u00f3n de la cultura. El acto de formalizaci\u00f3n del acuerdo ha tenido lugar a nuestra Fundaci\u00f3n y ha ido a cargo de [&hellip;]\" \/>\n<meta property=\"og:url\" content=\"https:\/\/www.fundaciocatalunyacultura.cat\/es\/21270\/\" \/>\n<meta property=\"og:site_name\" content=\"Fundaci\u00f3 Catalunya Cultura\" \/>\n<meta property=\"article:publisher\" content=\"https:\/\/www.facebook.com\/fundaciocatalunyacultura\/\" \/>\n<meta property=\"article:published_time\" content=\"2024-09-05T10:32:06+00:00\" \/>\n<meta property=\"article:modified_time\" content=\"2024-09-05T10:55:01+00:00\" \/>\n<meta name=\"author\" content=\"fundacio\" \/>\n<meta name=\"twitter:card\" content=\"summary_large_image\" \/>\n<meta name=\"twitter:creator\" content=\"@fcatcultura\" \/>\n<meta name=\"twitter:site\" content=\"@fcatcultura\" \/>\n<meta name=\"twitter:label1\" content=\"Escrito por\" \/>\n\t<meta name=\"twitter:data1\" content=\"fundacio\" \/>\n\t<meta name=\"twitter:label2\" content=\"Tiempo de lectura\" \/>\n\t<meta name=\"twitter:data2\" content=\"2 minutos\" \/>\n<script type=\"application\/ld+json\" class=\"yoast-schema-graph\">{\"@context\":\"https:\/\/schema.org\",\"@graph\":[{\"@type\":\"Article\",\"@id\":\"https:\/\/www.fundaciocatalunyacultura.cat\/es\/21270\/#article\",\"isPartOf\":{\"@id\":\"https:\/\/www.fundaciocatalunyacultura.cat\/es\/21270\/\"},\"author\":{\"name\":\"fundacio\",\"@id\":\"https:\/\/www.fundaciocatalunyacultura.cat\/es\/#\/schema\/person\/f30f60b8448aa2c1761a644f652a4744\"},\"headline\":\"Firmamos un acuerdo de colaboraci\u00f3n con la Asociaci\u00f3n de Profesionales de la Gesti\u00f3n Cultural de Catalunya (APGCC)\",\"datePublished\":\"2024-09-05T10:32:06+00:00\",\"dateModified\":\"2024-09-05T10:55:01+00:00\",\"mainEntityOfPage\":{\"@id\":\"https:\/\/www.fundaciocatalunyacultura.cat\/es\/21270\/\"},\"wordCount\":307,\"publisher\":{\"@id\":\"https:\/\/www.fundaciocatalunyacultura.cat\/es\/#organization\"},\"articleSection\":[\"Noticias\"],\"inLanguage\":\"es\"},{\"@type\":\"WebPage\",\"@id\":\"https:\/\/www.fundaciocatalunyacultura.cat\/es\/21270\/\",\"url\":\"https:\/\/www.fundaciocatalunyacultura.cat\/es\/21270\/\",\"name\":\"Firmamos un acuerdo de colaboraci\u00f3n con la Asociaci\u00f3n de Profesionales de la Gesti\u00f3n Cultural de Catalunya (APGCC) | Fundaci\u00f3 Catalunya Cultura\",\"isPartOf\":{\"@id\":\"https:\/\/www.fundaciocatalunyacultura.cat\/es\/#website\"},\"datePublished\":\"2024-09-05T10:32:06+00:00\",\"dateModified\":\"2024-09-05T10:55:01+00:00\",\"breadcrumb\":{\"@id\":\"https:\/\/www.fundaciocatalunyacultura.cat\/es\/21270\/#breadcrumb\"},\"inLanguage\":\"es\",\"potentialAction\":[{\"@type\":\"ReadAction\",\"target\":[\"https:\/\/www.fundaciocatalunyacultura.cat\/es\/21270\/\"]}]},{\"@type\":\"BreadcrumbList\",\"@id\":\"https:\/\/www.fundaciocatalunyacultura.cat\/es\/21270\/#breadcrumb\",\"itemListElement\":[{\"@type\":\"ListItem\",\"position\":1,\"name\":\"Inici\",\"item\":\"https:\/\/www.fundaciocatalunyacultura.cat\/es\/\"},{\"@type\":\"ListItem\",\"position\":2,\"name\":\"Firmamos un acuerdo de colaboraci\u00f3n con la Asociaci\u00f3n de Profesionales de la Gesti\u00f3n Cultural de Catalunya (APGCC)\"}]},{\"@type\":\"WebSite\",\"@id\":\"https:\/\/www.fundaciocatalunyacultura.cat\/es\/#website\",\"url\":\"https:\/\/www.fundaciocatalunyacultura.cat\/es\/\",\"name\":\"Fundaci\u00f3 Catalunya Cultura\",\"description\":\"\",\"publisher\":{\"@id\":\"https:\/\/www.fundaciocatalunyacultura.cat\/es\/#organization\"},\"potentialAction\":[{\"@type\":\"SearchAction\",\"target\":{\"@type\":\"EntryPoint\",\"urlTemplate\":\"https:\/\/www.fundaciocatalunyacultura.cat\/es\/?s={search_term_string}\"},\"query-input\":{\"@type\":\"PropertyValueSpecification\",\"valueRequired\":true,\"valueName\":\"search_term_string\"}}],\"inLanguage\":\"es\"},{\"@type\":\"Organization\",\"@id\":\"https:\/\/www.fundaciocatalunyacultura.cat\/es\/#organization\",\"name\":\"Fundaci\u00f3 Catalunya Cultura\",\"url\":\"https:\/\/www.fundaciocatalunyacultura.cat\/es\/\",\"logo\":{\"@type\":\"ImageObject\",\"inLanguage\":\"es\",\"@id\":\"https:\/\/www.fundaciocatalunyacultura.cat\/es\/#\/schema\/logo\/image\/\",\"url\":\"https:\/\/hundreds-wordpress-uploads.s3.amazonaws.com\/fundacio-catalunya-cultura\/uploads\/2021\/03\/fcc_logo_blanc-scaled.jpeg\",\"contentUrl\":\"https:\/\/hundreds-wordpress-uploads.s3.amazonaws.com\/fundacio-catalunya-cultura\/uploads\/2021\/03\/fcc_logo_blanc-scaled.jpeg\",\"width\":2560,\"height\":1785,\"caption\":\"Fundaci\u00f3 Catalunya Cultura\"},\"image\":{\"@id\":\"https:\/\/www.fundaciocatalunyacultura.cat\/es\/#\/schema\/logo\/image\/\"},\"sameAs\":[\"https:\/\/www.facebook.com\/fundaciocatalunyacultura\/\",\"https:\/\/x.com\/fcatcultura\",\"https:\/\/www.linkedin.com\/company\/fundaci\u00f3-catalunya-cultura\/\",\"https:\/\/ca.wikipedia.org\/wiki\/Fundaci\u00f3_Catalunya_Cultura\"]},{\"@type\":\"Person\",\"@id\":\"https:\/\/www.fundaciocatalunyacultura.cat\/es\/#\/schema\/person\/f30f60b8448aa2c1761a644f652a4744\",\"name\":\"fundacio\",\"image\":{\"@type\":\"ImageObject\",\"inLanguage\":\"es\",\"@id\":\"https:\/\/www.fundaciocatalunyacultura.cat\/es\/#\/schema\/person\/image\/\",\"url\":\"https:\/\/secure.gravatar.com\/avatar\/fe57a3f139ea81c65a338e37a8064b4e80844f839737532820c9107eb9e1966f?s=96&d=mm&r=g\",\"contentUrl\":\"https:\/\/secure.gravatar.com\/avatar\/fe57a3f139ea81c65a338e37a8064b4e80844f839737532820c9107eb9e1966f?s=96&d=mm&r=g\",\"caption\":\"fundacio\"},\"url\":\"https:\/\/www.fundaciocatalunyacultura.cat\/es\/author\/fundacio\/\"}]}<\/script>\n<!-- \/ Yoast SEO plugin. -->","yoast_head_json":{"title":"Firmamos un acuerdo de colaboraci\u00f3n con la Asociaci\u00f3n de Profesionales de la Gesti\u00f3n Cultural de Catalunya (APGCC) | Fundaci\u00f3 Catalunya Cultura","robots":{"index":"index","follow":"follow","max-snippet":"max-snippet:-1","max-image-preview":"max-image-preview:large","max-video-preview":"max-video-preview:-1"},"canonical":"https:\/\/www.fundaciocatalunyacultura.cat\/es\/21270\/","og_locale":"es_ES","og_type":"article","og_title":"Firmamos un acuerdo de colaboraci\u00f3n con la Asociaci\u00f3n de Profesionales de la Gesti\u00f3n Cultural de Catalunya (APGCC) | Fundaci\u00f3 Catalunya Cultura","og_description":"La Fundaci\u00f3 Catalunya Cultura y la Asociaci\u00f3n de Profesionales de la Gesti\u00f3n Cultural en Catalu\u00f1a (APGCC) han firmado un convenio de colaboraci\u00f3n con el objetivo de trabajar de manera conjunta en proyectos de promoci\u00f3n de la cultura. El acto de formalizaci\u00f3n del acuerdo ha tenido lugar a nuestra Fundaci\u00f3n y ha ido a cargo de [&hellip;]","og_url":"https:\/\/www.fundaciocatalunyacultura.cat\/es\/21270\/","og_site_name":"Fundaci\u00f3 Catalunya Cultura","article_publisher":"https:\/\/www.facebook.com\/fundaciocatalunyacultura\/","article_published_time":"2024-09-05T10:32:06+00:00","article_modified_time":"2024-09-05T10:55:01+00:00","author":"fundacio","twitter_card":"summary_large_image","twitter_creator":"@fcatcultura","twitter_site":"@fcatcultura","twitter_misc":{"Escrito por":"fundacio","Tiempo de lectura":"2 minutos"},"schema":{"@context":"https:\/\/schema.org","@graph":[{"@type":"Article","@id":"https:\/\/www.fundaciocatalunyacultura.cat\/es\/21270\/#article","isPartOf":{"@id":"https:\/\/www.fundaciocatalunyacultura.cat\/es\/21270\/"},"author":{"name":"fundacio","@id":"https:\/\/www.fundaciocatalunyacultura.cat\/es\/#\/schema\/person\/f30f60b8448aa2c1761a644f652a4744"},"headline":"Firmamos un acuerdo de colaboraci\u00f3n con la Asociaci\u00f3n de Profesionales de la Gesti\u00f3n Cultural de Catalunya (APGCC)","datePublished":"2024-09-05T10:32:06+00:00","dateModified":"2024-09-05T10:55:01+00:00","mainEntityOfPage":{"@id":"https:\/\/www.fundaciocatalunyacultura.cat\/es\/21270\/"},"wordCount":307,"publisher":{"@id":"https:\/\/www.fundaciocatalunyacultura.cat\/es\/#organization"},"articleSection":["Noticias"],"inLanguage":"es"},{"@type":"WebPage","@id":"https:\/\/www.fundaciocatalunyacultura.cat\/es\/21270\/","url":"https:\/\/www.fundaciocatalunyacultura.cat\/es\/21270\/","name":"Firmamos un acuerdo de colaboraci\u00f3n con la Asociaci\u00f3n de Profesionales de la Gesti\u00f3n Cultural de Catalunya (APGCC) | Fundaci\u00f3 Catalunya Cultura","isPartOf":{"@id":"https:\/\/www.fundaciocatalunyacultura.cat\/es\/#website"},"datePublished":"2024-09-05T10:32:06+00:00","dateModified":"2024-09-05T10:55:01+00:00","breadcrumb":{"@id":"https:\/\/www.fundaciocatalunyacultura.cat\/es\/21270\/#breadcrumb"},"inLanguage":"es","potentialAction":[{"@type":"ReadAction","target":["https:\/\/www.fundaciocatalunyacultura.cat\/es\/21270\/"]}]},{"@type":"BreadcrumbList","@id":"https:\/\/www.fundaciocatalunyacultura.cat\/es\/21270\/#breadcrumb","itemListElement":[{"@type":"ListItem","position":1,"name":"Inici","item":"https:\/\/www.fundaciocatalunyacultura.cat\/es\/"},{"@type":"ListItem","position":2,"name":"Firmamos un acuerdo de colaboraci\u00f3n con la Asociaci\u00f3n de Profesionales de la Gesti\u00f3n Cultural de Catalunya (APGCC)"}]},{"@type":"WebSite","@id":"https:\/\/www.fundaciocatalunyacultura.cat\/es\/#website","url":"https:\/\/www.fundaciocatalunyacultura.cat\/es\/","name":"Fundaci\u00f3 Catalunya Cultura","description":"","publisher":{"@id":"https:\/\/www.fundaciocatalunyacultura.cat\/es\/#organization"},"potentialAction":[{"@type":"SearchAction","target":{"@type":"EntryPoint","urlTemplate":"https:\/\/www.fundaciocatalunyacultura.cat\/es\/?s={search_term_string}"},"query-input":{"@type":"PropertyValueSpecification","valueRequired":true,"valueName":"search_term_string"}}],"inLanguage":"es"},{"@type":"Organization","@id":"https:\/\/www.fundaciocatalunyacultura.cat\/es\/#organization","name":"Fundaci\u00f3 Catalunya Cultura","url":"https:\/\/www.fundaciocatalunyacultura.cat\/es\/","logo":{"@type":"ImageObject","inLanguage":"es","@id":"https:\/\/www.fundaciocatalunyacultura.cat\/es\/#\/schema\/logo\/image\/","url":"https:\/\/hundreds-wordpress-uploads.s3.amazonaws.com\/fundacio-catalunya-cultura\/uploads\/2021\/03\/fcc_logo_blanc-scaled.jpeg","contentUrl":"https:\/\/hundreds-wordpress-uploads.s3.amazonaws.com\/fundacio-catalunya-cultura\/uploads\/2021\/03\/fcc_logo_blanc-scaled.jpeg","width":2560,"height":1785,"caption":"Fundaci\u00f3 Catalunya Cultura"},"image":{"@id":"https:\/\/www.fundaciocatalunyacultura.cat\/es\/#\/schema\/logo\/image\/"},"sameAs":["https:\/\/www.facebook.com\/fundaciocatalunyacultura\/","https:\/\/x.com\/fcatcultura","https:\/\/www.linkedin.com\/company\/fundaci\u00f3-catalunya-cultura\/","https:\/\/ca.wikipedia.org\/wiki\/Fundaci\u00f3_Catalunya_Cultura"]},{"@type":"Person","@id":"https:\/\/www.fundaciocatalunyacultura.cat\/es\/#\/schema\/person\/f30f60b8448aa2c1761a644f652a4744","name":"fundacio","image":{"@type":"ImageObject","inLanguage":"es","@id":"https:\/\/www.fundaciocatalunyacultura.cat\/es\/#\/schema\/person\/image\/","url":"https:\/\/secure.gravatar.com\/avatar\/fe57a3f139ea81c65a338e37a8064b4e80844f839737532820c9107eb9e1966f?s=96&d=mm&r=g","contentUrl":"https:\/\/secure.gravatar.com\/avatar\/fe57a3f139ea81c65a338e37a8064b4e80844f839737532820c9107eb9e1966f?s=96&d=mm&r=g","caption":"fundacio"},"url":"https:\/\/www.fundaciocatalunyacultura.cat\/es\/author\/fundacio\/"}]}},"_links":{"self":[{"href":"https:\/\/www.fundaciocatalunyacultura.cat\/es\/wp-json\/wp\/v2\/posts\/21270","targetHints":{"allow":["GET"]}}],"collection":[{"href":"https:\/\/www.fundaciocatalunyacultura.cat\/es\/wp-json\/wp\/v2\/posts"}],"about":[{"href":"https:\/\/www.fundaciocatalunyacultura.cat\/es\/wp-json\/wp\/v2\/types\/post"}],"author":[{"embeddable":true,"href":"https:\/\/www.fundaciocatalunyacultura.cat\/es\/wp-json\/wp\/v2\/users\/1"}],"replies":[{"embeddable":true,"href":"https:\/\/www.fundaciocatalunyacultura.cat\/es\/wp-json\/wp\/v2\/comments?post=21270"}],"version-history":[{"count":8,"href":"https:\/\/www.fundaciocatalunyacultura.cat\/es\/wp-json\/wp\/v2\/posts\/21270\/revisions"}],"predecessor-version":[{"id":21289,"href":"https:\/\/www.fundaciocatalunyacultura.cat\/es\/wp-json\/wp\/v2\/posts\/21270\/revisions\/21289"}],"wp:attachment":[{"href":"https:\/\/www.fundaciocatalunyacultura.cat\/es\/wp-json\/wp\/v2\/media?parent=21270"}],"wp:term":[{"taxonomy":"category","embeddable":true,"href":"https:\/\/www.fundaciocatalunyacultura.cat\/es\/wp-json\/wp\/v2\/categories?post=21270"}],"curies":[{"name":"wp","href":"https:\/\/api.w.org\/{rel}","templated":true}]}}