{"id":20075,"date":"2024-06-21T11:16:39","date_gmt":"2024-06-21T11:16:39","guid":{"rendered":"https:\/\/fundaciocatalunyacultura.cat\/el-patronat-el-consell-de-mecenatge-i-el-grup-de-treball-de-la-llei-de-mecenatge-es-reuneixen-al-recinte-modernista-sant-pau\/"},"modified":"2024-06-25T07:45:37","modified_gmt":"2024-06-25T07:45:37","slug":"el-patronat-el-consell-de-mecenatge-i-el-grup-de-treball-de-la-llei-de-mecenatge-es-reuneixen-al-recinte-modernista-sant-pau","status":"publish","type":"post","link":"https:\/\/www.fundaciocatalunyacultura.cat\/es\/el-patronat-el-consell-de-mecenatge-i-el-grup-de-treball-de-la-llei-de-mecenatge-es-reuneixen-al-recinte-modernista-sant-pau\/","title":{"rendered":"El Patronato, el Consejo de Mecenazgo y el Grupo de Trabajo de la Ley de Mecenazgo se re\u00fanen al Recinto Modernista Sant Pau"},"content":{"rendered":"<p>El Patronato de la Fundaci\u00f3 Catalunya Cultura, el \u00f3rgano de gobierno formado por las empresas fundadoras e impulsoras de la entidad, se ha reunido este jueves en el Recinto Modernista Sant Pau. Al encuentro, se han sumado los miembros del consejo de Mecenazgo y del Grupo de Trabajo de la Ley de Mecenazgo. La reuni\u00f3n \u00a0ha contado con la asistencia del secretario general del Departamento de Cultura, Jordi Foz.<\/p>\n<p>Durante la sesi\u00f3n\u00a0se han abordado\u00a0principalmente las l\u00edneas de actuaci\u00f3n para este 2024\u00a0y se han aprobado las cuentas de la entidad. Adem\u00e1s, se ha presentado el Cat\u00e1logo IMPULSA, un nuevo proyecto de la Fundaci\u00f3n que pose al alcance de las empresas m\u00e1s de 100 propuestas culturales del territorio.<\/p>\n<p>Por otro lado, en el marco de la reuni\u00f3n, la Fundaci\u00f3n ha firmado un convenio de colaboraci\u00f3n con Rius Consultores Asociados SLP, con el objetivo de compartir actuaciones para promover la cultura en Catalu\u00f1a. El acuerdo lo han formalizado la directora de la Fundaci\u00f3n, Maite Esteve, y el socio director de la compa\u00f1\u00eda, Enric Rius.<\/p>\n<p>Al acabar el encuentro, los asistentes han podido disfrutar de una visita guiada al Recinto Modernista Sant Pau.<\/p>\n","protected":false},"excerpt":{"rendered":"<p>El Patronato de la Fundaci\u00f3 Catalunya Cultura, el \u00f3rgano de gobierno formado por las empresas fundadoras e impulsoras de la entidad, se ha reunido este jueves en el Recinto Modernista Sant Pau. Al encuentro, se han sumado los miembros del consejo de Mecenazgo y del Grupo de Trabajo de la Ley de Mecenazgo. La reuni\u00f3n [&hellip;]<\/p>\n","protected":false},"author":1,"featured_media":0,"comment_status":"closed","ping_status":"closed","sticky":false,"template":"","format":"standard","meta":{"_acf_changed":false,"footnotes":""},"categories":[44],"class_list":["post-20075","post","type-post","status-publish","format-standard","hentry","category-noticias"],"acf":[],"yoast_head":"<!-- This site is optimized with the Yoast SEO plugin v25.1 - https:\/\/yoast.com\/wordpress\/plugins\/seo\/ -->\n<title>El Patronato, el Consejo de Mecenazgo y el Grupo de Trabajo de la Ley de Mecenazgo se re\u00fanen al Recinto Modernista Sant Pau | Fundaci\u00f3 Catalunya Cultura<\/title>\n<meta name=\"robots\" content=\"index, follow, max-snippet:-1, max-image-preview:large, max-video-preview:-1\" \/>\n<link rel=\"canonical\" href=\"https:\/\/www.fundaciocatalunyacultura.cat\/es\/el-patronat-el-consell-de-mecenatge-i-el-grup-de-treball-de-la-llei-de-mecenatge-es-reuneixen-al-recinte-modernista-sant-pau\/\" \/>\n<meta property=\"og:locale\" content=\"es_ES\" \/>\n<meta property=\"og:type\" content=\"article\" \/>\n<meta property=\"og:title\" content=\"El Patronato, el Consejo de Mecenazgo y el Grupo de Trabajo de la Ley de Mecenazgo se re\u00fanen al Recinto Modernista Sant Pau | Fundaci\u00f3 Catalunya Cultura\" \/>\n<meta property=\"og:description\" content=\"El Patronato de la Fundaci\u00f3 Catalunya Cultura, el \u00f3rgano de gobierno formado por las empresas fundadoras e impulsoras de la entidad, se ha reunido este jueves en el Recinto Modernista Sant Pau. Al encuentro, se han sumado los miembros del consejo de Mecenazgo y del Grupo de Trabajo de la Ley de Mecenazgo. La reuni\u00f3n [&hellip;]\" \/>\n<meta property=\"og:url\" content=\"https:\/\/www.fundaciocatalunyacultura.cat\/es\/el-patronat-el-consell-de-mecenatge-i-el-grup-de-treball-de-la-llei-de-mecenatge-es-reuneixen-al-recinte-modernista-sant-pau\/\" \/>\n<meta property=\"og:site_name\" content=\"Fundaci\u00f3 Catalunya Cultura\" \/>\n<meta property=\"article:publisher\" content=\"https:\/\/www.facebook.com\/fundaciocatalunyacultura\/\" \/>\n<meta property=\"article:published_time\" content=\"2024-06-21T11:16:39+00:00\" \/>\n<meta property=\"article:modified_time\" content=\"2024-06-25T07:45:37+00:00\" \/>\n<meta name=\"author\" content=\"fundacio\" \/>\n<meta name=\"twitter:card\" content=\"summary_large_image\" \/>\n<meta name=\"twitter:creator\" content=\"@fcatcultura\" \/>\n<meta name=\"twitter:site\" content=\"@fcatcultura\" \/>\n<meta name=\"twitter:label1\" content=\"Escrito por\" \/>\n\t<meta name=\"twitter:data1\" content=\"fundacio\" \/>\n\t<meta name=\"twitter:label2\" content=\"Tiempo de lectura\" \/>\n\t<meta name=\"twitter:data2\" content=\"2 minutos\" \/>\n<script type=\"application\/ld+json\" class=\"yoast-schema-graph\">{\"@context\":\"https:\/\/schema.org\",\"@graph\":[{\"@type\":\"Article\",\"@id\":\"https:\/\/www.fundaciocatalunyacultura.cat\/es\/el-patronat-el-consell-de-mecenatge-i-el-grup-de-treball-de-la-llei-de-mecenatge-es-reuneixen-al-recinte-modernista-sant-pau\/#article\",\"isPartOf\":{\"@id\":\"https:\/\/www.fundaciocatalunyacultura.cat\/es\/el-patronat-el-consell-de-mecenatge-i-el-grup-de-treball-de-la-llei-de-mecenatge-es-reuneixen-al-recinte-modernista-sant-pau\/\"},\"author\":{\"name\":\"fundacio\",\"@id\":\"https:\/\/fundaciocatalunyacultura.cat\/#\/schema\/person\/f30f60b8448aa2c1761a644f652a4744\"},\"headline\":\"El Patronato, el Consejo de Mecenazgo y el Grupo de Trabajo de la Ley de Mecenazgo se re\u00fanen al Recinto Modernista Sant Pau\",\"datePublished\":\"2024-06-21T11:16:39+00:00\",\"dateModified\":\"2024-06-25T07:45:37+00:00\",\"mainEntityOfPage\":{\"@id\":\"https:\/\/www.fundaciocatalunyacultura.cat\/es\/el-patronat-el-consell-de-mecenatge-i-el-grup-de-treball-de-la-llei-de-mecenatge-es-reuneixen-al-recinte-modernista-sant-pau\/\"},\"wordCount\":228,\"publisher\":{\"@id\":\"https:\/\/fundaciocatalunyacultura.cat\/#organization\"},\"articleSection\":[\"Noticias\"],\"inLanguage\":\"es\"},{\"@type\":\"WebPage\",\"@id\":\"https:\/\/www.fundaciocatalunyacultura.cat\/es\/el-patronat-el-consell-de-mecenatge-i-el-grup-de-treball-de-la-llei-de-mecenatge-es-reuneixen-al-recinte-modernista-sant-pau\/\",\"url\":\"https:\/\/www.fundaciocatalunyacultura.cat\/es\/el-patronat-el-consell-de-mecenatge-i-el-grup-de-treball-de-la-llei-de-mecenatge-es-reuneixen-al-recinte-modernista-sant-pau\/\",\"name\":\"El Patronato, el Consejo de Mecenazgo y el Grupo de Trabajo de la Ley de Mecenazgo se re\u00fanen al Recinto Modernista Sant Pau | Fundaci\u00f3 Catalunya Cultura\",\"isPartOf\":{\"@id\":\"https:\/\/fundaciocatalunyacultura.cat\/#website\"},\"datePublished\":\"2024-06-21T11:16:39+00:00\",\"dateModified\":\"2024-06-25T07:45:37+00:00\",\"breadcrumb\":{\"@id\":\"https:\/\/www.fundaciocatalunyacultura.cat\/es\/el-patronat-el-consell-de-mecenatge-i-el-grup-de-treball-de-la-llei-de-mecenatge-es-reuneixen-al-recinte-modernista-sant-pau\/#breadcrumb\"},\"inLanguage\":\"es\",\"potentialAction\":[{\"@type\":\"ReadAction\",\"target\":[\"https:\/\/www.fundaciocatalunyacultura.cat\/es\/el-patronat-el-consell-de-mecenatge-i-el-grup-de-treball-de-la-llei-de-mecenatge-es-reuneixen-al-recinte-modernista-sant-pau\/\"]}]},{\"@type\":\"BreadcrumbList\",\"@id\":\"https:\/\/www.fundaciocatalunyacultura.cat\/es\/el-patronat-el-consell-de-mecenatge-i-el-grup-de-treball-de-la-llei-de-mecenatge-es-reuneixen-al-recinte-modernista-sant-pau\/#breadcrumb\",\"itemListElement\":[{\"@type\":\"ListItem\",\"position\":1,\"name\":\"Inici\",\"item\":\"https:\/\/fundaciocatalunyacultura.cat\/es\/\"},{\"@type\":\"ListItem\",\"position\":2,\"name\":\"El Patronato, el Consejo de Mecenazgo y el Grupo de Trabajo de la Ley de Mecenazgo se re\u00fanen al Recinto Modernista Sant Pau\"}]},{\"@type\":\"WebSite\",\"@id\":\"https:\/\/fundaciocatalunyacultura.cat\/#website\",\"url\":\"https:\/\/fundaciocatalunyacultura.cat\/\",\"name\":\"Fundaci\u00f3 Catalunya Cultura\",\"description\":\"\",\"publisher\":{\"@id\":\"https:\/\/fundaciocatalunyacultura.cat\/#organization\"},\"potentialAction\":[{\"@type\":\"SearchAction\",\"target\":{\"@type\":\"EntryPoint\",\"urlTemplate\":\"https:\/\/fundaciocatalunyacultura.cat\/?s={search_term_string}\"},\"query-input\":{\"@type\":\"PropertyValueSpecification\",\"valueRequired\":true,\"valueName\":\"search_term_string\"}}],\"inLanguage\":\"es\"},{\"@type\":\"Organization\",\"@id\":\"https:\/\/fundaciocatalunyacultura.cat\/#organization\",\"name\":\"Fundaci\u00f3 Catalunya Cultura\",\"url\":\"https:\/\/fundaciocatalunyacultura.cat\/\",\"logo\":{\"@type\":\"ImageObject\",\"inLanguage\":\"es\",\"@id\":\"https:\/\/fundaciocatalunyacultura.cat\/#\/schema\/logo\/image\/\",\"url\":\"https:\/\/hundreds-wordpress-uploads.s3.amazonaws.com\/fundacio-catalunya-cultura\/uploads\/2021\/03\/fcc_logo_blanc-scaled.jpeg\",\"contentUrl\":\"https:\/\/hundreds-wordpress-uploads.s3.amazonaws.com\/fundacio-catalunya-cultura\/uploads\/2021\/03\/fcc_logo_blanc-scaled.jpeg\",\"width\":2560,\"height\":1785,\"caption\":\"Fundaci\u00f3 Catalunya Cultura\"},\"image\":{\"@id\":\"https:\/\/fundaciocatalunyacultura.cat\/#\/schema\/logo\/image\/\"},\"sameAs\":[\"https:\/\/www.facebook.com\/fundaciocatalunyacultura\/\",\"https:\/\/x.com\/fcatcultura\",\"https:\/\/www.linkedin.com\/company\/fundaci\u00f3-catalunya-cultura\/\",\"https:\/\/ca.wikipedia.org\/wiki\/Fundaci\u00f3_Catalunya_Cultura\"]},{\"@type\":\"Person\",\"@id\":\"https:\/\/fundaciocatalunyacultura.cat\/#\/schema\/person\/f30f60b8448aa2c1761a644f652a4744\",\"name\":\"fundacio\",\"image\":{\"@type\":\"ImageObject\",\"inLanguage\":\"es\",\"@id\":\"https:\/\/fundaciocatalunyacultura.cat\/#\/schema\/person\/image\/\",\"url\":\"https:\/\/secure.gravatar.com\/avatar\/fe57a3f139ea81c65a338e37a8064b4e80844f839737532820c9107eb9e1966f?s=96&d=mm&r=g\",\"contentUrl\":\"https:\/\/secure.gravatar.com\/avatar\/fe57a3f139ea81c65a338e37a8064b4e80844f839737532820c9107eb9e1966f?s=96&d=mm&r=g\",\"caption\":\"fundacio\"},\"url\":\"https:\/\/www.fundaciocatalunyacultura.cat\/es\/author\/fundacio\/\"}]}<\/script>\n<!-- \/ Yoast SEO plugin. -->","yoast_head_json":{"title":"El Patronato, el Consejo de Mecenazgo y el Grupo de Trabajo de la Ley de Mecenazgo se re\u00fanen al Recinto Modernista Sant Pau | Fundaci\u00f3 Catalunya Cultura","robots":{"index":"index","follow":"follow","max-snippet":"max-snippet:-1","max-image-preview":"max-image-preview:large","max-video-preview":"max-video-preview:-1"},"canonical":"https:\/\/www.fundaciocatalunyacultura.cat\/es\/el-patronat-el-consell-de-mecenatge-i-el-grup-de-treball-de-la-llei-de-mecenatge-es-reuneixen-al-recinte-modernista-sant-pau\/","og_locale":"es_ES","og_type":"article","og_title":"El Patronato, el Consejo de Mecenazgo y el Grupo de Trabajo de la Ley de Mecenazgo se re\u00fanen al Recinto Modernista Sant Pau | Fundaci\u00f3 Catalunya Cultura","og_description":"El Patronato de la Fundaci\u00f3 Catalunya Cultura, el \u00f3rgano de gobierno formado por las empresas fundadoras e impulsoras de la entidad, se ha reunido este jueves en el Recinto Modernista Sant Pau. Al encuentro, se han sumado los miembros del consejo de Mecenazgo y del Grupo de Trabajo de la Ley de Mecenazgo. La reuni\u00f3n [&hellip;]","og_url":"https:\/\/www.fundaciocatalunyacultura.cat\/es\/el-patronat-el-consell-de-mecenatge-i-el-grup-de-treball-de-la-llei-de-mecenatge-es-reuneixen-al-recinte-modernista-sant-pau\/","og_site_name":"Fundaci\u00f3 Catalunya Cultura","article_publisher":"https:\/\/www.facebook.com\/fundaciocatalunyacultura\/","article_published_time":"2024-06-21T11:16:39+00:00","article_modified_time":"2024-06-25T07:45:37+00:00","author":"fundacio","twitter_card":"summary_large_image","twitter_creator":"@fcatcultura","twitter_site":"@fcatcultura","twitter_misc":{"Escrito por":"fundacio","Tiempo de lectura":"2 minutos"},"schema":{"@context":"https:\/\/schema.org","@graph":[{"@type":"Article","@id":"https:\/\/www.fundaciocatalunyacultura.cat\/es\/el-patronat-el-consell-de-mecenatge-i-el-grup-de-treball-de-la-llei-de-mecenatge-es-reuneixen-al-recinte-modernista-sant-pau\/#article","isPartOf":{"@id":"https:\/\/www.fundaciocatalunyacultura.cat\/es\/el-patronat-el-consell-de-mecenatge-i-el-grup-de-treball-de-la-llei-de-mecenatge-es-reuneixen-al-recinte-modernista-sant-pau\/"},"author":{"name":"fundacio","@id":"https:\/\/fundaciocatalunyacultura.cat\/#\/schema\/person\/f30f60b8448aa2c1761a644f652a4744"},"headline":"El Patronato, el Consejo de Mecenazgo y el Grupo de Trabajo de la Ley de Mecenazgo se re\u00fanen al Recinto Modernista Sant Pau","datePublished":"2024-06-21T11:16:39+00:00","dateModified":"2024-06-25T07:45:37+00:00","mainEntityOfPage":{"@id":"https:\/\/www.fundaciocatalunyacultura.cat\/es\/el-patronat-el-consell-de-mecenatge-i-el-grup-de-treball-de-la-llei-de-mecenatge-es-reuneixen-al-recinte-modernista-sant-pau\/"},"wordCount":228,"publisher":{"@id":"https:\/\/fundaciocatalunyacultura.cat\/#organization"},"articleSection":["Noticias"],"inLanguage":"es"},{"@type":"WebPage","@id":"https:\/\/www.fundaciocatalunyacultura.cat\/es\/el-patronat-el-consell-de-mecenatge-i-el-grup-de-treball-de-la-llei-de-mecenatge-es-reuneixen-al-recinte-modernista-sant-pau\/","url":"https:\/\/www.fundaciocatalunyacultura.cat\/es\/el-patronat-el-consell-de-mecenatge-i-el-grup-de-treball-de-la-llei-de-mecenatge-es-reuneixen-al-recinte-modernista-sant-pau\/","name":"El Patronato, el Consejo de Mecenazgo y el Grupo de Trabajo de la Ley de Mecenazgo se re\u00fanen al Recinto Modernista Sant Pau | Fundaci\u00f3 Catalunya Cultura","isPartOf":{"@id":"https:\/\/fundaciocatalunyacultura.cat\/#website"},"datePublished":"2024-06-21T11:16:39+00:00","dateModified":"2024-06-25T07:45:37+00:00","breadcrumb":{"@id":"https:\/\/www.fundaciocatalunyacultura.cat\/es\/el-patronat-el-consell-de-mecenatge-i-el-grup-de-treball-de-la-llei-de-mecenatge-es-reuneixen-al-recinte-modernista-sant-pau\/#breadcrumb"},"inLanguage":"es","potentialAction":[{"@type":"ReadAction","target":["https:\/\/www.fundaciocatalunyacultura.cat\/es\/el-patronat-el-consell-de-mecenatge-i-el-grup-de-treball-de-la-llei-de-mecenatge-es-reuneixen-al-recinte-modernista-sant-pau\/"]}]},{"@type":"BreadcrumbList","@id":"https:\/\/www.fundaciocatalunyacultura.cat\/es\/el-patronat-el-consell-de-mecenatge-i-el-grup-de-treball-de-la-llei-de-mecenatge-es-reuneixen-al-recinte-modernista-sant-pau\/#breadcrumb","itemListElement":[{"@type":"ListItem","position":1,"name":"Inici","item":"https:\/\/fundaciocatalunyacultura.cat\/es\/"},{"@type":"ListItem","position":2,"name":"El Patronato, el Consejo de Mecenazgo y el Grupo de Trabajo de la Ley de Mecenazgo se re\u00fanen al Recinto Modernista Sant Pau"}]},{"@type":"WebSite","@id":"https:\/\/fundaciocatalunyacultura.cat\/#website","url":"https:\/\/fundaciocatalunyacultura.cat\/","name":"Fundaci\u00f3 Catalunya Cultura","description":"","publisher":{"@id":"https:\/\/fundaciocatalunyacultura.cat\/#organization"},"potentialAction":[{"@type":"SearchAction","target":{"@type":"EntryPoint","urlTemplate":"https:\/\/fundaciocatalunyacultura.cat\/?s={search_term_string}"},"query-input":{"@type":"PropertyValueSpecification","valueRequired":true,"valueName":"search_term_string"}}],"inLanguage":"es"},{"@type":"Organization","@id":"https:\/\/fundaciocatalunyacultura.cat\/#organization","name":"Fundaci\u00f3 Catalunya Cultura","url":"https:\/\/fundaciocatalunyacultura.cat\/","logo":{"@type":"ImageObject","inLanguage":"es","@id":"https:\/\/fundaciocatalunyacultura.cat\/#\/schema\/logo\/image\/","url":"https:\/\/hundreds-wordpress-uploads.s3.amazonaws.com\/fundacio-catalunya-cultura\/uploads\/2021\/03\/fcc_logo_blanc-scaled.jpeg","contentUrl":"https:\/\/hundreds-wordpress-uploads.s3.amazonaws.com\/fundacio-catalunya-cultura\/uploads\/2021\/03\/fcc_logo_blanc-scaled.jpeg","width":2560,"height":1785,"caption":"Fundaci\u00f3 Catalunya Cultura"},"image":{"@id":"https:\/\/fundaciocatalunyacultura.cat\/#\/schema\/logo\/image\/"},"sameAs":["https:\/\/www.facebook.com\/fundaciocatalunyacultura\/","https:\/\/x.com\/fcatcultura","https:\/\/www.linkedin.com\/company\/fundaci\u00f3-catalunya-cultura\/","https:\/\/ca.wikipedia.org\/wiki\/Fundaci\u00f3_Catalunya_Cultura"]},{"@type":"Person","@id":"https:\/\/fundaciocatalunyacultura.cat\/#\/schema\/person\/f30f60b8448aa2c1761a644f652a4744","name":"fundacio","image":{"@type":"ImageObject","inLanguage":"es","@id":"https:\/\/fundaciocatalunyacultura.cat\/#\/schema\/person\/image\/","url":"https:\/\/secure.gravatar.com\/avatar\/fe57a3f139ea81c65a338e37a8064b4e80844f839737532820c9107eb9e1966f?s=96&d=mm&r=g","contentUrl":"https:\/\/secure.gravatar.com\/avatar\/fe57a3f139ea81c65a338e37a8064b4e80844f839737532820c9107eb9e1966f?s=96&d=mm&r=g","caption":"fundacio"},"url":"https:\/\/www.fundaciocatalunyacultura.cat\/es\/author\/fundacio\/"}]}},"_links":{"self":[{"href":"https:\/\/www.fundaciocatalunyacultura.cat\/es\/wp-json\/wp\/v2\/posts\/20075","targetHints":{"allow":["GET"]}}],"collection":[{"href":"https:\/\/www.fundaciocatalunyacultura.cat\/es\/wp-json\/wp\/v2\/posts"}],"about":[{"href":"https:\/\/www.fundaciocatalunyacultura.cat\/es\/wp-json\/wp\/v2\/types\/post"}],"author":[{"embeddable":true,"href":"https:\/\/www.fundaciocatalunyacultura.cat\/es\/wp-json\/wp\/v2\/users\/1"}],"replies":[{"embeddable":true,"href":"https:\/\/www.fundaciocatalunyacultura.cat\/es\/wp-json\/wp\/v2\/comments?post=20075"}],"version-history":[{"count":3,"href":"https:\/\/www.fundaciocatalunyacultura.cat\/es\/wp-json\/wp\/v2\/posts\/20075\/revisions"}],"predecessor-version":[{"id":20087,"href":"https:\/\/www.fundaciocatalunyacultura.cat\/es\/wp-json\/wp\/v2\/posts\/20075\/revisions\/20087"}],"wp:attachment":[{"href":"https:\/\/www.fundaciocatalunyacultura.cat\/es\/wp-json\/wp\/v2\/media?parent=20075"}],"wp:term":[{"taxonomy":"category","embeddable":true,"href":"https:\/\/www.fundaciocatalunyacultura.cat\/es\/wp-json\/wp\/v2\/categories?post=20075"}],"curies":[{"name":"wp","href":"https:\/\/api.w.org\/{rel}","templated":true}]}}