{"id":18855,"date":"2024-05-03T09:00:37","date_gmt":"2024-05-03T09:00:37","guid":{"rendered":"https:\/\/www.fundaciocatalunyacultura.cat\/?p=18855"},"modified":"2024-05-06T11:04:08","modified_gmt":"2024-05-06T11:04:08","slug":"firmamos-un-convenio-de-colaboracion-con-el-teatre-lliure","status":"publish","type":"post","link":"https:\/\/www.fundaciocatalunyacultura.cat\/es\/firmamos-un-convenio-de-colaboracion-con-el-teatre-lliure\/","title":{"rendered":"Firmamos un convenio de colaboraci\u00f3n con el Teatre Lliure"},"content":{"rendered":"<p><span data-contrast=\"auto\">Nuestra directora, <strong>Maite Esteve<\/strong>, y el gerente de la Fundaci\u00f3 Teatre Lliure-Teatre P\u00fablic de Catalunya, <strong>Valeri Viladrich<\/strong>, han firmado un convenio de colaboraci\u00f3n con el objetivo de impulsar conjuntamente iniciativas y programas espec\u00edficos para promover el tejido creativo y los proyectos culturales de Catalu\u00f1a. El acto de firma del acuerdo ha tenido lugar en la sede del Teatro en Montjuic.\u00a0<\/span><span data-ccp-props=\"{&quot;335551550&quot;:6,&quot;335551620&quot;:6}\">\u00a0<\/span><\/p>\n<p><span data-contrast=\"none\">Sus principales objetivos son la promoci\u00f3n, gesti\u00f3n, programaci\u00f3n y difusi\u00f3n de espect\u00e1culos teatrales dirigidos a un p\u00fablico mayoritario, a partir de propuestas creativas que atiendan el inter\u00e9s p\u00fablico.<\/span><span data-ccp-props=\"{&quot;335551550&quot;:6,&quot;335551620&quot;:6}\">\u00a0<\/span><\/p>\n<p><span data-contrast=\"auto\">Fundado el 1976 por un colectivo de artistas impulsado por Fabi\u00e0 Puigserver, el Teatre Lliure est\u00e1 constituido como fundaci\u00f3n privada, participada por varias administraciones p\u00fablicas. Sus principales objetivos son la promoci\u00f3n, gesti\u00f3n, programaci\u00f3n y difusi\u00f3n de espect\u00e1culos teatrales dirigidos a un p\u00fablico mayoritario, a partir de propuestas creativas que atiendan al inter\u00e9s p\u00fablico.\u00a0<\/span><\/p>\n<p><span data-contrast=\"auto\">\u00a0<\/span><span data-contrast=\"auto\">Este convenio con uno de los centros de creaci\u00f3n y exhibici\u00f3n esc\u00e9nica de referencia m\u00e1s importantes del Estado espa\u00f1ol y que forma parte de la red europea de teatros p\u00fablicos mitos21, es especialmente relevante para sumar esfuerzos y sinergias para poder potenciar el talento y la creatividad como v\u00eda de cohesi\u00f3n y bienestar social.\u00a0<\/span><span data-ccp-props=\"{&quot;335551550&quot;:6,&quot;335551620&quot;:6}\">\u00a0<\/span><\/p>\n<p><span data-contrast=\"auto\">\u00a0<\/span><span data-contrast=\"auto\">En el marco de esta colaboraci\u00f3n y coincidiendo con el d\u00e9cimo aniversario de nuestra Fundaci\u00f3n este 2024, el Teatre Lliure ser\u00e1 el escenario de \u201cLa Nit de l\u2019Empresa i la Cultura\u201d que celebraremos el pr\u00f3ximo 22 de octubre. En este acto se conceder\u00e1n el Premio IMPULSA CULTURA, el Premio EMPRESA CULTURA y los Premios a la Cultura de este a\u00f1o.\u00a0<\/span><span data-ccp-props=\"{&quot;335551550&quot;:6,&quot;335551620&quot;:6}\">\u00a0<\/span><\/p>\n<p><span data-contrast=\"auto\">\u00a0<\/span><span data-contrast=\"auto\">Este acuerdo se a\u00f1ade a las 35 alianzas que ya hemos firmado con otras instituciones y empresas comprometidas con los valores de la cultura.<\/span><span data-ccp-props=\"{&quot;335551550&quot;:6,&quot;335551620&quot;:6}\">\u00a0<\/span><\/p>\n<p><span data-ccp-props=\"{}\">\u00a0<\/span><\/p>\n","protected":false},"excerpt":{"rendered":"<p>Nuestra directora, Maite Esteve, y el gerente de la Fundaci\u00f3 Teatre Lliure-Teatre P\u00fablic de Catalunya, Valeri Viladrich, han firmado un convenio de colaboraci\u00f3n con el objetivo de impulsar conjuntamente iniciativas y programas espec\u00edficos para promover el tejido creativo y los proyectos culturales de Catalu\u00f1a. El acto de firma del acuerdo ha tenido lugar en la [&hellip;]<\/p>\n","protected":false},"author":1,"featured_media":0,"comment_status":"closed","ping_status":"closed","sticky":false,"template":"","format":"standard","meta":{"_acf_changed":false,"footnotes":""},"categories":[44],"class_list":["post-18855","post","type-post","status-publish","format-standard","hentry","category-noticias"],"acf":[],"yoast_head":"<!-- This site is optimized with the Yoast SEO plugin v25.1 - https:\/\/yoast.com\/wordpress\/plugins\/seo\/ -->\n<title>Firmamos un convenio de colaboraci\u00f3n con el Teatre Lliure | Fundaci\u00f3 Catalunya Cultura<\/title>\n<meta name=\"robots\" content=\"index, follow, max-snippet:-1, max-image-preview:large, max-video-preview:-1\" \/>\n<link rel=\"canonical\" href=\"https:\/\/www.fundaciocatalunyacultura.cat\/es\/firmamos-un-convenio-de-colaboracion-con-el-teatre-lliure\/\" \/>\n<meta property=\"og:locale\" content=\"es_ES\" \/>\n<meta property=\"og:type\" content=\"article\" \/>\n<meta property=\"og:title\" content=\"Firmamos un convenio de colaboraci\u00f3n con el Teatre Lliure | Fundaci\u00f3 Catalunya Cultura\" \/>\n<meta property=\"og:description\" content=\"Nuestra directora, Maite Esteve, y el gerente de la Fundaci\u00f3 Teatre Lliure-Teatre P\u00fablic de Catalunya, Valeri Viladrich, han firmado un convenio de colaboraci\u00f3n con el objetivo de impulsar conjuntamente iniciativas y programas espec\u00edficos para promover el tejido creativo y los proyectos culturales de Catalu\u00f1a. El acto de firma del acuerdo ha tenido lugar en la [&hellip;]\" \/>\n<meta property=\"og:url\" content=\"https:\/\/www.fundaciocatalunyacultura.cat\/es\/firmamos-un-convenio-de-colaboracion-con-el-teatre-lliure\/\" \/>\n<meta property=\"og:site_name\" content=\"Fundaci\u00f3 Catalunya Cultura\" \/>\n<meta property=\"article:publisher\" content=\"https:\/\/www.facebook.com\/fundaciocatalunyacultura\/\" \/>\n<meta property=\"article:published_time\" content=\"2024-05-03T09:00:37+00:00\" \/>\n<meta property=\"article:modified_time\" content=\"2024-05-06T11:04:08+00:00\" \/>\n<meta name=\"author\" content=\"fundacio\" \/>\n<meta name=\"twitter:card\" content=\"summary_large_image\" \/>\n<meta name=\"twitter:creator\" content=\"@fcatcultura\" \/>\n<meta name=\"twitter:site\" content=\"@fcatcultura\" \/>\n<meta name=\"twitter:label1\" content=\"Escrito por\" \/>\n\t<meta name=\"twitter:data1\" content=\"fundacio\" \/>\n\t<meta name=\"twitter:label2\" content=\"Tiempo de lectura\" \/>\n\t<meta name=\"twitter:data2\" content=\"2 minutos\" \/>\n<script type=\"application\/ld+json\" class=\"yoast-schema-graph\">{\"@context\":\"https:\/\/schema.org\",\"@graph\":[{\"@type\":\"Article\",\"@id\":\"https:\/\/www.fundaciocatalunyacultura.cat\/es\/firmamos-un-convenio-de-colaboracion-con-el-teatre-lliure\/#article\",\"isPartOf\":{\"@id\":\"https:\/\/www.fundaciocatalunyacultura.cat\/es\/firmamos-un-convenio-de-colaboracion-con-el-teatre-lliure\/\"},\"author\":{\"name\":\"fundacio\",\"@id\":\"https:\/\/www.fundaciocatalunyacultura.cat\/#\/schema\/person\/f30f60b8448aa2c1761a644f652a4744\"},\"headline\":\"Firmamos un convenio de colaboraci\u00f3n con el Teatre Lliure\",\"datePublished\":\"2024-05-03T09:00:37+00:00\",\"dateModified\":\"2024-05-06T11:04:08+00:00\",\"mainEntityOfPage\":{\"@id\":\"https:\/\/www.fundaciocatalunyacultura.cat\/es\/firmamos-un-convenio-de-colaboracion-con-el-teatre-lliure\/\"},\"wordCount\":323,\"publisher\":{\"@id\":\"https:\/\/www.fundaciocatalunyacultura.cat\/#organization\"},\"articleSection\":[\"Noticias\"],\"inLanguage\":\"es\"},{\"@type\":\"WebPage\",\"@id\":\"https:\/\/www.fundaciocatalunyacultura.cat\/es\/firmamos-un-convenio-de-colaboracion-con-el-teatre-lliure\/\",\"url\":\"https:\/\/www.fundaciocatalunyacultura.cat\/es\/firmamos-un-convenio-de-colaboracion-con-el-teatre-lliure\/\",\"name\":\"Firmamos un convenio de colaboraci\u00f3n con el Teatre Lliure | Fundaci\u00f3 Catalunya Cultura\",\"isPartOf\":{\"@id\":\"https:\/\/www.fundaciocatalunyacultura.cat\/#website\"},\"datePublished\":\"2024-05-03T09:00:37+00:00\",\"dateModified\":\"2024-05-06T11:04:08+00:00\",\"breadcrumb\":{\"@id\":\"https:\/\/www.fundaciocatalunyacultura.cat\/es\/firmamos-un-convenio-de-colaboracion-con-el-teatre-lliure\/#breadcrumb\"},\"inLanguage\":\"es\",\"potentialAction\":[{\"@type\":\"ReadAction\",\"target\":[\"https:\/\/www.fundaciocatalunyacultura.cat\/es\/firmamos-un-convenio-de-colaboracion-con-el-teatre-lliure\/\"]}]},{\"@type\":\"BreadcrumbList\",\"@id\":\"https:\/\/www.fundaciocatalunyacultura.cat\/es\/firmamos-un-convenio-de-colaboracion-con-el-teatre-lliure\/#breadcrumb\",\"itemListElement\":[{\"@type\":\"ListItem\",\"position\":1,\"name\":\"Inici\",\"item\":\"https:\/\/www.fundaciocatalunyacultura.cat\/es\/\"},{\"@type\":\"ListItem\",\"position\":2,\"name\":\"Firmamos un convenio de colaboraci\u00f3n con el Teatre Lliure\"}]},{\"@type\":\"WebSite\",\"@id\":\"https:\/\/www.fundaciocatalunyacultura.cat\/#website\",\"url\":\"https:\/\/www.fundaciocatalunyacultura.cat\/\",\"name\":\"Fundaci\u00f3 Catalunya Cultura\",\"description\":\"\",\"publisher\":{\"@id\":\"https:\/\/www.fundaciocatalunyacultura.cat\/#organization\"},\"potentialAction\":[{\"@type\":\"SearchAction\",\"target\":{\"@type\":\"EntryPoint\",\"urlTemplate\":\"https:\/\/www.fundaciocatalunyacultura.cat\/?s={search_term_string}\"},\"query-input\":{\"@type\":\"PropertyValueSpecification\",\"valueRequired\":true,\"valueName\":\"search_term_string\"}}],\"inLanguage\":\"es\"},{\"@type\":\"Organization\",\"@id\":\"https:\/\/www.fundaciocatalunyacultura.cat\/#organization\",\"name\":\"Fundaci\u00f3 Catalunya Cultura\",\"url\":\"https:\/\/www.fundaciocatalunyacultura.cat\/\",\"logo\":{\"@type\":\"ImageObject\",\"inLanguage\":\"es\",\"@id\":\"https:\/\/www.fundaciocatalunyacultura.cat\/#\/schema\/logo\/image\/\",\"url\":\"https:\/\/hundreds-wordpress-uploads.s3.amazonaws.com\/fundacio-catalunya-cultura\/uploads\/2021\/03\/fcc_logo_blanc-scaled.jpeg\",\"contentUrl\":\"https:\/\/hundreds-wordpress-uploads.s3.amazonaws.com\/fundacio-catalunya-cultura\/uploads\/2021\/03\/fcc_logo_blanc-scaled.jpeg\",\"width\":2560,\"height\":1785,\"caption\":\"Fundaci\u00f3 Catalunya Cultura\"},\"image\":{\"@id\":\"https:\/\/www.fundaciocatalunyacultura.cat\/#\/schema\/logo\/image\/\"},\"sameAs\":[\"https:\/\/www.facebook.com\/fundaciocatalunyacultura\/\",\"https:\/\/x.com\/fcatcultura\",\"https:\/\/www.linkedin.com\/company\/fundaci\u00f3-catalunya-cultura\/\",\"https:\/\/ca.wikipedia.org\/wiki\/Fundaci\u00f3_Catalunya_Cultura\"]},{\"@type\":\"Person\",\"@id\":\"https:\/\/www.fundaciocatalunyacultura.cat\/#\/schema\/person\/f30f60b8448aa2c1761a644f652a4744\",\"name\":\"fundacio\",\"image\":{\"@type\":\"ImageObject\",\"inLanguage\":\"es\",\"@id\":\"https:\/\/www.fundaciocatalunyacultura.cat\/#\/schema\/person\/image\/\",\"url\":\"https:\/\/secure.gravatar.com\/avatar\/fe57a3f139ea81c65a338e37a8064b4e80844f839737532820c9107eb9e1966f?s=96&d=mm&r=g\",\"contentUrl\":\"https:\/\/secure.gravatar.com\/avatar\/fe57a3f139ea81c65a338e37a8064b4e80844f839737532820c9107eb9e1966f?s=96&d=mm&r=g\",\"caption\":\"fundacio\"},\"url\":\"https:\/\/www.fundaciocatalunyacultura.cat\/es\/author\/fundacio\/\"}]}<\/script>\n<!-- \/ Yoast SEO plugin. -->","yoast_head_json":{"title":"Firmamos un convenio de colaboraci\u00f3n con el Teatre Lliure | Fundaci\u00f3 Catalunya Cultura","robots":{"index":"index","follow":"follow","max-snippet":"max-snippet:-1","max-image-preview":"max-image-preview:large","max-video-preview":"max-video-preview:-1"},"canonical":"https:\/\/www.fundaciocatalunyacultura.cat\/es\/firmamos-un-convenio-de-colaboracion-con-el-teatre-lliure\/","og_locale":"es_ES","og_type":"article","og_title":"Firmamos un convenio de colaboraci\u00f3n con el Teatre Lliure | Fundaci\u00f3 Catalunya Cultura","og_description":"Nuestra directora, Maite Esteve, y el gerente de la Fundaci\u00f3 Teatre Lliure-Teatre P\u00fablic de Catalunya, Valeri Viladrich, han firmado un convenio de colaboraci\u00f3n con el objetivo de impulsar conjuntamente iniciativas y programas espec\u00edficos para promover el tejido creativo y los proyectos culturales de Catalu\u00f1a. El acto de firma del acuerdo ha tenido lugar en la [&hellip;]","og_url":"https:\/\/www.fundaciocatalunyacultura.cat\/es\/firmamos-un-convenio-de-colaboracion-con-el-teatre-lliure\/","og_site_name":"Fundaci\u00f3 Catalunya Cultura","article_publisher":"https:\/\/www.facebook.com\/fundaciocatalunyacultura\/","article_published_time":"2024-05-03T09:00:37+00:00","article_modified_time":"2024-05-06T11:04:08+00:00","author":"fundacio","twitter_card":"summary_large_image","twitter_creator":"@fcatcultura","twitter_site":"@fcatcultura","twitter_misc":{"Escrito por":"fundacio","Tiempo de lectura":"2 minutos"},"schema":{"@context":"https:\/\/schema.org","@graph":[{"@type":"Article","@id":"https:\/\/www.fundaciocatalunyacultura.cat\/es\/firmamos-un-convenio-de-colaboracion-con-el-teatre-lliure\/#article","isPartOf":{"@id":"https:\/\/www.fundaciocatalunyacultura.cat\/es\/firmamos-un-convenio-de-colaboracion-con-el-teatre-lliure\/"},"author":{"name":"fundacio","@id":"https:\/\/www.fundaciocatalunyacultura.cat\/#\/schema\/person\/f30f60b8448aa2c1761a644f652a4744"},"headline":"Firmamos un convenio de colaboraci\u00f3n con el Teatre Lliure","datePublished":"2024-05-03T09:00:37+00:00","dateModified":"2024-05-06T11:04:08+00:00","mainEntityOfPage":{"@id":"https:\/\/www.fundaciocatalunyacultura.cat\/es\/firmamos-un-convenio-de-colaboracion-con-el-teatre-lliure\/"},"wordCount":323,"publisher":{"@id":"https:\/\/www.fundaciocatalunyacultura.cat\/#organization"},"articleSection":["Noticias"],"inLanguage":"es"},{"@type":"WebPage","@id":"https:\/\/www.fundaciocatalunyacultura.cat\/es\/firmamos-un-convenio-de-colaboracion-con-el-teatre-lliure\/","url":"https:\/\/www.fundaciocatalunyacultura.cat\/es\/firmamos-un-convenio-de-colaboracion-con-el-teatre-lliure\/","name":"Firmamos un convenio de colaboraci\u00f3n con el Teatre Lliure | Fundaci\u00f3 Catalunya Cultura","isPartOf":{"@id":"https:\/\/www.fundaciocatalunyacultura.cat\/#website"},"datePublished":"2024-05-03T09:00:37+00:00","dateModified":"2024-05-06T11:04:08+00:00","breadcrumb":{"@id":"https:\/\/www.fundaciocatalunyacultura.cat\/es\/firmamos-un-convenio-de-colaboracion-con-el-teatre-lliure\/#breadcrumb"},"inLanguage":"es","potentialAction":[{"@type":"ReadAction","target":["https:\/\/www.fundaciocatalunyacultura.cat\/es\/firmamos-un-convenio-de-colaboracion-con-el-teatre-lliure\/"]}]},{"@type":"BreadcrumbList","@id":"https:\/\/www.fundaciocatalunyacultura.cat\/es\/firmamos-un-convenio-de-colaboracion-con-el-teatre-lliure\/#breadcrumb","itemListElement":[{"@type":"ListItem","position":1,"name":"Inici","item":"https:\/\/www.fundaciocatalunyacultura.cat\/es\/"},{"@type":"ListItem","position":2,"name":"Firmamos un convenio de colaboraci\u00f3n con el Teatre Lliure"}]},{"@type":"WebSite","@id":"https:\/\/www.fundaciocatalunyacultura.cat\/#website","url":"https:\/\/www.fundaciocatalunyacultura.cat\/","name":"Fundaci\u00f3 Catalunya Cultura","description":"","publisher":{"@id":"https:\/\/www.fundaciocatalunyacultura.cat\/#organization"},"potentialAction":[{"@type":"SearchAction","target":{"@type":"EntryPoint","urlTemplate":"https:\/\/www.fundaciocatalunyacultura.cat\/?s={search_term_string}"},"query-input":{"@type":"PropertyValueSpecification","valueRequired":true,"valueName":"search_term_string"}}],"inLanguage":"es"},{"@type":"Organization","@id":"https:\/\/www.fundaciocatalunyacultura.cat\/#organization","name":"Fundaci\u00f3 Catalunya Cultura","url":"https:\/\/www.fundaciocatalunyacultura.cat\/","logo":{"@type":"ImageObject","inLanguage":"es","@id":"https:\/\/www.fundaciocatalunyacultura.cat\/#\/schema\/logo\/image\/","url":"https:\/\/hundreds-wordpress-uploads.s3.amazonaws.com\/fundacio-catalunya-cultura\/uploads\/2021\/03\/fcc_logo_blanc-scaled.jpeg","contentUrl":"https:\/\/hundreds-wordpress-uploads.s3.amazonaws.com\/fundacio-catalunya-cultura\/uploads\/2021\/03\/fcc_logo_blanc-scaled.jpeg","width":2560,"height":1785,"caption":"Fundaci\u00f3 Catalunya Cultura"},"image":{"@id":"https:\/\/www.fundaciocatalunyacultura.cat\/#\/schema\/logo\/image\/"},"sameAs":["https:\/\/www.facebook.com\/fundaciocatalunyacultura\/","https:\/\/x.com\/fcatcultura","https:\/\/www.linkedin.com\/company\/fundaci\u00f3-catalunya-cultura\/","https:\/\/ca.wikipedia.org\/wiki\/Fundaci\u00f3_Catalunya_Cultura"]},{"@type":"Person","@id":"https:\/\/www.fundaciocatalunyacultura.cat\/#\/schema\/person\/f30f60b8448aa2c1761a644f652a4744","name":"fundacio","image":{"@type":"ImageObject","inLanguage":"es","@id":"https:\/\/www.fundaciocatalunyacultura.cat\/#\/schema\/person\/image\/","url":"https:\/\/secure.gravatar.com\/avatar\/fe57a3f139ea81c65a338e37a8064b4e80844f839737532820c9107eb9e1966f?s=96&d=mm&r=g","contentUrl":"https:\/\/secure.gravatar.com\/avatar\/fe57a3f139ea81c65a338e37a8064b4e80844f839737532820c9107eb9e1966f?s=96&d=mm&r=g","caption":"fundacio"},"url":"https:\/\/www.fundaciocatalunyacultura.cat\/es\/author\/fundacio\/"}]}},"_links":{"self":[{"href":"https:\/\/www.fundaciocatalunyacultura.cat\/es\/wp-json\/wp\/v2\/posts\/18855","targetHints":{"allow":["GET"]}}],"collection":[{"href":"https:\/\/www.fundaciocatalunyacultura.cat\/es\/wp-json\/wp\/v2\/posts"}],"about":[{"href":"https:\/\/www.fundaciocatalunyacultura.cat\/es\/wp-json\/wp\/v2\/types\/post"}],"author":[{"embeddable":true,"href":"https:\/\/www.fundaciocatalunyacultura.cat\/es\/wp-json\/wp\/v2\/users\/1"}],"replies":[{"embeddable":true,"href":"https:\/\/www.fundaciocatalunyacultura.cat\/es\/wp-json\/wp\/v2\/comments?post=18855"}],"version-history":[{"count":2,"href":"https:\/\/www.fundaciocatalunyacultura.cat\/es\/wp-json\/wp\/v2\/posts\/18855\/revisions"}],"predecessor-version":[{"id":18871,"href":"https:\/\/www.fundaciocatalunyacultura.cat\/es\/wp-json\/wp\/v2\/posts\/18855\/revisions\/18871"}],"wp:attachment":[{"href":"https:\/\/www.fundaciocatalunyacultura.cat\/es\/wp-json\/wp\/v2\/media?parent=18855"}],"wp:term":[{"taxonomy":"category","embeddable":true,"href":"https:\/\/www.fundaciocatalunyacultura.cat\/es\/wp-json\/wp\/v2\/categories?post=18855"}],"curies":[{"name":"wp","href":"https:\/\/api.w.org\/{rel}","templated":true}]}}