{"id":14704,"date":"2023-09-12T07:38:11","date_gmt":"2023-09-12T07:38:11","guid":{"rendered":"https:\/\/www.fundaciocatalunyacultura.cat\/?p=14704"},"modified":"2023-09-12T10:49:57","modified_gmt":"2023-09-12T10:49:57","slug":"tres-projectes-finalistes-del-programa-impulsa-cultura-rebran-assessorament-del-servei-helpempresa-de-cecot","status":"publish","type":"post","link":"https:\/\/www.fundaciocatalunyacultura.cat\/es\/tres-projectes-finalistes-del-programa-impulsa-cultura-rebran-assessorament-del-servei-helpempresa-de-cecot\/","title":{"rendered":"Tres proyectos finalistas del Programa IMPULSA CULTURA recibir\u00e1n asesoramiento del servicio HelpEmpresa de Cecot"},"content":{"rendered":"<p>En el marco de la cuarta fase del <a href=\"https:\/\/www.fundaciocatalunyacultura.cat\/programa-impulsa-cultura\/\">Programa IMPULSA CULTURA 2023<\/a>, tres de los diez proyectos finalistas contar\u00e1n este a\u00f1o con asesoramiento personalizado por parte de profesionales del servicio <a href=\"https:\/\/helpempresa.com\/\">HelpEmpresa<\/a> que ofrece la patronal <a href=\"https:\/\/institucional.cecot.org\/\">Cecot<\/a>, entidad miembro del Consejo de Mecenazgo de la Fundaci\u00f3n. Los tres proyectos culturales que recibir\u00e1n el apoyo de expertos de HelpEmpresa son: : <a href=\"https:\/\/tallersdecinema.com\/inici\/tallers\/hahaha\/\">Ha! Ha! Ha! Un taller de cinema per desmuntar t\u00f2pics<\/a>, <a href=\"https:\/\/www.llumsalombra.cat\/\">Llums a l\u2019ombra<\/a> i <a href=\"http:\/\/Nexart Percussion\">Nexart Percussion.<\/a><\/p>\n<p>El acuerdo entre Cecot y la Fundaci\u00f3 establece un asesoramiento para cada proyecto de unas 15 horas en el que consultores del servicio HelpEmpresa les proporcionar\u00e1n contenidos sobre diferentes \u00e1reas con el objetivo de ayudarles para que sean viables y resilientes ante cambios y situaciones de crisis. Cecot se suma de esta forma a otras empresas que colaboran en la cuarta fase del Programa IMPULSA CULTURA, que consta principalmente de mentor\u00edas personalizadas y en las que participan compa\u00f1\u00edas como KPMG, El arte de pedir o Indeed Social Consulting.<\/p>\n<p>Algunas de las materias que los proyectos tratar\u00e1n en las sesiones con HelpEmpresa ser\u00e1n las t\u00e9cnicas de ventas, las herramientas de financiaci\u00f3n, la transformaci\u00f3n digital o la gesti\u00f3n econ\u00f3mica, entre otras. Como primer paso, los expertos de Cecot realizar\u00e1n una diagnosis de riesgo exhaustivo de cada proyecto y fijar\u00e1n un plan de trabajo con actuaciones concretas de mejora a aplicar.<\/p>\n<p>HelpEmpresa, que cuenta con el apoyo del Departamento de Empresa y Trabajo de la Generalitat, se basa en un enfoque hol\u00edstico e innovador y trabaja con la metodolog\u00eda Early Warning Europe. Se trata de una red de entidades europeas que ha colaborado en varios pa\u00edses como Polonia, Italia y Grecia, apoyando a 3.500 empresas en situaci\u00f3n de crisis entre 2017 y 2019.<\/p>\n","protected":false},"excerpt":{"rendered":"<p>En el marco de la cuarta fase del Programa IMPULSA CULTURA 2023, tres de los diez proyectos finalistas contar\u00e1n este a\u00f1o con asesoramiento personalizado por parte de profesionales del servicio HelpEmpresa que ofrece la patronal Cecot, entidad miembro del Consejo de Mecenazgo de la Fundaci\u00f3n. Los tres proyectos culturales que recibir\u00e1n el apoyo de expertos [&hellip;]<\/p>\n","protected":false},"author":1,"featured_media":0,"comment_status":"closed","ping_status":"closed","sticky":false,"template":"","format":"standard","meta":{"_acf_changed":false,"footnotes":""},"categories":[44,2],"class_list":["post-14704","post","type-post","status-publish","format-standard","hentry","category-noticias","category-sin-categorizar"],"acf":[],"yoast_head":"<!-- This site is optimized with the Yoast SEO plugin v25.1 - https:\/\/yoast.com\/wordpress\/plugins\/seo\/ -->\n<title>Tres proyectos finalistas del Programa IMPULSA CULTURA recibir\u00e1n asesoramiento del servicio HelpEmpresa de Cecot | Fundaci\u00f3 Catalunya Cultura<\/title>\n<meta name=\"robots\" content=\"index, follow, max-snippet:-1, max-image-preview:large, max-video-preview:-1\" \/>\n<link rel=\"canonical\" href=\"https:\/\/www.fundaciocatalunyacultura.cat\/es\/tres-projectes-finalistes-del-programa-impulsa-cultura-rebran-assessorament-del-servei-helpempresa-de-cecot\/\" \/>\n<meta property=\"og:locale\" content=\"es_ES\" \/>\n<meta property=\"og:type\" content=\"article\" \/>\n<meta property=\"og:title\" content=\"Tres proyectos finalistas del Programa IMPULSA CULTURA recibir\u00e1n asesoramiento del servicio HelpEmpresa de Cecot | Fundaci\u00f3 Catalunya Cultura\" \/>\n<meta property=\"og:description\" content=\"En el marco de la cuarta fase del Programa IMPULSA CULTURA 2023, tres de los diez proyectos finalistas contar\u00e1n este a\u00f1o con asesoramiento personalizado por parte de profesionales del servicio HelpEmpresa que ofrece la patronal Cecot, entidad miembro del Consejo de Mecenazgo de la Fundaci\u00f3n. Los tres proyectos culturales que recibir\u00e1n el apoyo de expertos [&hellip;]\" \/>\n<meta property=\"og:url\" content=\"https:\/\/www.fundaciocatalunyacultura.cat\/es\/tres-projectes-finalistes-del-programa-impulsa-cultura-rebran-assessorament-del-servei-helpempresa-de-cecot\/\" \/>\n<meta property=\"og:site_name\" content=\"Fundaci\u00f3 Catalunya Cultura\" \/>\n<meta property=\"article:publisher\" content=\"https:\/\/www.facebook.com\/fundaciocatalunyacultura\/\" \/>\n<meta property=\"article:published_time\" content=\"2023-09-12T07:38:11+00:00\" \/>\n<meta property=\"article:modified_time\" content=\"2023-09-12T10:49:57+00:00\" \/>\n<meta name=\"author\" content=\"fundacio\" \/>\n<meta name=\"twitter:card\" content=\"summary_large_image\" \/>\n<meta name=\"twitter:creator\" content=\"@fcatcultura\" \/>\n<meta name=\"twitter:site\" content=\"@fcatcultura\" \/>\n<meta name=\"twitter:label1\" content=\"Escrito por\" \/>\n\t<meta name=\"twitter:data1\" content=\"fundacio\" \/>\n\t<meta name=\"twitter:label2\" content=\"Tiempo de lectura\" \/>\n\t<meta name=\"twitter:data2\" content=\"2 minutos\" \/>\n<script type=\"application\/ld+json\" class=\"yoast-schema-graph\">{\"@context\":\"https:\/\/schema.org\",\"@graph\":[{\"@type\":\"Article\",\"@id\":\"https:\/\/www.fundaciocatalunyacultura.cat\/es\/tres-projectes-finalistes-del-programa-impulsa-cultura-rebran-assessorament-del-servei-helpempresa-de-cecot\/#article\",\"isPartOf\":{\"@id\":\"https:\/\/www.fundaciocatalunyacultura.cat\/es\/tres-projectes-finalistes-del-programa-impulsa-cultura-rebran-assessorament-del-servei-helpempresa-de-cecot\/\"},\"author\":{\"name\":\"fundacio\",\"@id\":\"https:\/\/www.fundaciocatalunyacultura.cat\/#\/schema\/person\/f30f60b8448aa2c1761a644f652a4744\"},\"headline\":\"Tres proyectos finalistas del Programa IMPULSA CULTURA recibir\u00e1n asesoramiento del servicio HelpEmpresa de Cecot\",\"datePublished\":\"2023-09-12T07:38:11+00:00\",\"dateModified\":\"2023-09-12T10:49:57+00:00\",\"mainEntityOfPage\":{\"@id\":\"https:\/\/www.fundaciocatalunyacultura.cat\/es\/tres-projectes-finalistes-del-programa-impulsa-cultura-rebran-assessorament-del-servei-helpempresa-de-cecot\/\"},\"wordCount\":316,\"publisher\":{\"@id\":\"https:\/\/www.fundaciocatalunyacultura.cat\/#organization\"},\"articleSection\":[\"Noticias\",\"Sin categorizar\"],\"inLanguage\":\"es\"},{\"@type\":\"WebPage\",\"@id\":\"https:\/\/www.fundaciocatalunyacultura.cat\/es\/tres-projectes-finalistes-del-programa-impulsa-cultura-rebran-assessorament-del-servei-helpempresa-de-cecot\/\",\"url\":\"https:\/\/www.fundaciocatalunyacultura.cat\/es\/tres-projectes-finalistes-del-programa-impulsa-cultura-rebran-assessorament-del-servei-helpempresa-de-cecot\/\",\"name\":\"Tres proyectos finalistas del Programa IMPULSA CULTURA recibir\u00e1n asesoramiento del servicio HelpEmpresa de Cecot | Fundaci\u00f3 Catalunya Cultura\",\"isPartOf\":{\"@id\":\"https:\/\/www.fundaciocatalunyacultura.cat\/#website\"},\"datePublished\":\"2023-09-12T07:38:11+00:00\",\"dateModified\":\"2023-09-12T10:49:57+00:00\",\"breadcrumb\":{\"@id\":\"https:\/\/www.fundaciocatalunyacultura.cat\/es\/tres-projectes-finalistes-del-programa-impulsa-cultura-rebran-assessorament-del-servei-helpempresa-de-cecot\/#breadcrumb\"},\"inLanguage\":\"es\",\"potentialAction\":[{\"@type\":\"ReadAction\",\"target\":[\"https:\/\/www.fundaciocatalunyacultura.cat\/es\/tres-projectes-finalistes-del-programa-impulsa-cultura-rebran-assessorament-del-servei-helpempresa-de-cecot\/\"]}]},{\"@type\":\"BreadcrumbList\",\"@id\":\"https:\/\/www.fundaciocatalunyacultura.cat\/es\/tres-projectes-finalistes-del-programa-impulsa-cultura-rebran-assessorament-del-servei-helpempresa-de-cecot\/#breadcrumb\",\"itemListElement\":[{\"@type\":\"ListItem\",\"position\":1,\"name\":\"Inici\",\"item\":\"https:\/\/www.fundaciocatalunyacultura.cat\/es\/\"},{\"@type\":\"ListItem\",\"position\":2,\"name\":\"Tres proyectos finalistas del Programa IMPULSA CULTURA recibir\u00e1n asesoramiento del servicio HelpEmpresa de Cecot\"}]},{\"@type\":\"WebSite\",\"@id\":\"https:\/\/www.fundaciocatalunyacultura.cat\/#website\",\"url\":\"https:\/\/www.fundaciocatalunyacultura.cat\/\",\"name\":\"Fundaci\u00f3 Catalunya Cultura\",\"description\":\"\",\"publisher\":{\"@id\":\"https:\/\/www.fundaciocatalunyacultura.cat\/#organization\"},\"potentialAction\":[{\"@type\":\"SearchAction\",\"target\":{\"@type\":\"EntryPoint\",\"urlTemplate\":\"https:\/\/www.fundaciocatalunyacultura.cat\/?s={search_term_string}\"},\"query-input\":{\"@type\":\"PropertyValueSpecification\",\"valueRequired\":true,\"valueName\":\"search_term_string\"}}],\"inLanguage\":\"es\"},{\"@type\":\"Organization\",\"@id\":\"https:\/\/www.fundaciocatalunyacultura.cat\/#organization\",\"name\":\"Fundaci\u00f3 Catalunya Cultura\",\"url\":\"https:\/\/www.fundaciocatalunyacultura.cat\/\",\"logo\":{\"@type\":\"ImageObject\",\"inLanguage\":\"es\",\"@id\":\"https:\/\/www.fundaciocatalunyacultura.cat\/#\/schema\/logo\/image\/\",\"url\":\"https:\/\/hundreds-wordpress-uploads.s3.amazonaws.com\/fundacio-catalunya-cultura\/uploads\/2021\/03\/fcc_logo_blanc-scaled.jpeg\",\"contentUrl\":\"https:\/\/hundreds-wordpress-uploads.s3.amazonaws.com\/fundacio-catalunya-cultura\/uploads\/2021\/03\/fcc_logo_blanc-scaled.jpeg\",\"width\":2560,\"height\":1785,\"caption\":\"Fundaci\u00f3 Catalunya Cultura\"},\"image\":{\"@id\":\"https:\/\/www.fundaciocatalunyacultura.cat\/#\/schema\/logo\/image\/\"},\"sameAs\":[\"https:\/\/www.facebook.com\/fundaciocatalunyacultura\/\",\"https:\/\/x.com\/fcatcultura\",\"https:\/\/www.linkedin.com\/company\/fundaci\u00f3-catalunya-cultura\/\",\"https:\/\/ca.wikipedia.org\/wiki\/Fundaci\u00f3_Catalunya_Cultura\"]},{\"@type\":\"Person\",\"@id\":\"https:\/\/www.fundaciocatalunyacultura.cat\/#\/schema\/person\/f30f60b8448aa2c1761a644f652a4744\",\"name\":\"fundacio\",\"image\":{\"@type\":\"ImageObject\",\"inLanguage\":\"es\",\"@id\":\"https:\/\/www.fundaciocatalunyacultura.cat\/#\/schema\/person\/image\/\",\"url\":\"https:\/\/secure.gravatar.com\/avatar\/fe57a3f139ea81c65a338e37a8064b4e80844f839737532820c9107eb9e1966f?s=96&d=mm&r=g\",\"contentUrl\":\"https:\/\/secure.gravatar.com\/avatar\/fe57a3f139ea81c65a338e37a8064b4e80844f839737532820c9107eb9e1966f?s=96&d=mm&r=g\",\"caption\":\"fundacio\"},\"url\":\"https:\/\/www.fundaciocatalunyacultura.cat\/es\/author\/fundacio\/\"}]}<\/script>\n<!-- \/ Yoast SEO plugin. -->","yoast_head_json":{"title":"Tres proyectos finalistas del Programa IMPULSA CULTURA recibir\u00e1n asesoramiento del servicio HelpEmpresa de Cecot | Fundaci\u00f3 Catalunya Cultura","robots":{"index":"index","follow":"follow","max-snippet":"max-snippet:-1","max-image-preview":"max-image-preview:large","max-video-preview":"max-video-preview:-1"},"canonical":"https:\/\/www.fundaciocatalunyacultura.cat\/es\/tres-projectes-finalistes-del-programa-impulsa-cultura-rebran-assessorament-del-servei-helpempresa-de-cecot\/","og_locale":"es_ES","og_type":"article","og_title":"Tres proyectos finalistas del Programa IMPULSA CULTURA recibir\u00e1n asesoramiento del servicio HelpEmpresa de Cecot | Fundaci\u00f3 Catalunya Cultura","og_description":"En el marco de la cuarta fase del Programa IMPULSA CULTURA 2023, tres de los diez proyectos finalistas contar\u00e1n este a\u00f1o con asesoramiento personalizado por parte de profesionales del servicio HelpEmpresa que ofrece la patronal Cecot, entidad miembro del Consejo de Mecenazgo de la Fundaci\u00f3n. Los tres proyectos culturales que recibir\u00e1n el apoyo de expertos [&hellip;]","og_url":"https:\/\/www.fundaciocatalunyacultura.cat\/es\/tres-projectes-finalistes-del-programa-impulsa-cultura-rebran-assessorament-del-servei-helpempresa-de-cecot\/","og_site_name":"Fundaci\u00f3 Catalunya Cultura","article_publisher":"https:\/\/www.facebook.com\/fundaciocatalunyacultura\/","article_published_time":"2023-09-12T07:38:11+00:00","article_modified_time":"2023-09-12T10:49:57+00:00","author":"fundacio","twitter_card":"summary_large_image","twitter_creator":"@fcatcultura","twitter_site":"@fcatcultura","twitter_misc":{"Escrito por":"fundacio","Tiempo de lectura":"2 minutos"},"schema":{"@context":"https:\/\/schema.org","@graph":[{"@type":"Article","@id":"https:\/\/www.fundaciocatalunyacultura.cat\/es\/tres-projectes-finalistes-del-programa-impulsa-cultura-rebran-assessorament-del-servei-helpempresa-de-cecot\/#article","isPartOf":{"@id":"https:\/\/www.fundaciocatalunyacultura.cat\/es\/tres-projectes-finalistes-del-programa-impulsa-cultura-rebran-assessorament-del-servei-helpempresa-de-cecot\/"},"author":{"name":"fundacio","@id":"https:\/\/www.fundaciocatalunyacultura.cat\/#\/schema\/person\/f30f60b8448aa2c1761a644f652a4744"},"headline":"Tres proyectos finalistas del Programa IMPULSA CULTURA recibir\u00e1n asesoramiento del servicio HelpEmpresa de Cecot","datePublished":"2023-09-12T07:38:11+00:00","dateModified":"2023-09-12T10:49:57+00:00","mainEntityOfPage":{"@id":"https:\/\/www.fundaciocatalunyacultura.cat\/es\/tres-projectes-finalistes-del-programa-impulsa-cultura-rebran-assessorament-del-servei-helpempresa-de-cecot\/"},"wordCount":316,"publisher":{"@id":"https:\/\/www.fundaciocatalunyacultura.cat\/#organization"},"articleSection":["Noticias","Sin categorizar"],"inLanguage":"es"},{"@type":"WebPage","@id":"https:\/\/www.fundaciocatalunyacultura.cat\/es\/tres-projectes-finalistes-del-programa-impulsa-cultura-rebran-assessorament-del-servei-helpempresa-de-cecot\/","url":"https:\/\/www.fundaciocatalunyacultura.cat\/es\/tres-projectes-finalistes-del-programa-impulsa-cultura-rebran-assessorament-del-servei-helpempresa-de-cecot\/","name":"Tres proyectos finalistas del Programa IMPULSA CULTURA recibir\u00e1n asesoramiento del servicio HelpEmpresa de Cecot | Fundaci\u00f3 Catalunya Cultura","isPartOf":{"@id":"https:\/\/www.fundaciocatalunyacultura.cat\/#website"},"datePublished":"2023-09-12T07:38:11+00:00","dateModified":"2023-09-12T10:49:57+00:00","breadcrumb":{"@id":"https:\/\/www.fundaciocatalunyacultura.cat\/es\/tres-projectes-finalistes-del-programa-impulsa-cultura-rebran-assessorament-del-servei-helpempresa-de-cecot\/#breadcrumb"},"inLanguage":"es","potentialAction":[{"@type":"ReadAction","target":["https:\/\/www.fundaciocatalunyacultura.cat\/es\/tres-projectes-finalistes-del-programa-impulsa-cultura-rebran-assessorament-del-servei-helpempresa-de-cecot\/"]}]},{"@type":"BreadcrumbList","@id":"https:\/\/www.fundaciocatalunyacultura.cat\/es\/tres-projectes-finalistes-del-programa-impulsa-cultura-rebran-assessorament-del-servei-helpempresa-de-cecot\/#breadcrumb","itemListElement":[{"@type":"ListItem","position":1,"name":"Inici","item":"https:\/\/www.fundaciocatalunyacultura.cat\/es\/"},{"@type":"ListItem","position":2,"name":"Tres proyectos finalistas del Programa IMPULSA CULTURA recibir\u00e1n asesoramiento del servicio HelpEmpresa de Cecot"}]},{"@type":"WebSite","@id":"https:\/\/www.fundaciocatalunyacultura.cat\/#website","url":"https:\/\/www.fundaciocatalunyacultura.cat\/","name":"Fundaci\u00f3 Catalunya Cultura","description":"","publisher":{"@id":"https:\/\/www.fundaciocatalunyacultura.cat\/#organization"},"potentialAction":[{"@type":"SearchAction","target":{"@type":"EntryPoint","urlTemplate":"https:\/\/www.fundaciocatalunyacultura.cat\/?s={search_term_string}"},"query-input":{"@type":"PropertyValueSpecification","valueRequired":true,"valueName":"search_term_string"}}],"inLanguage":"es"},{"@type":"Organization","@id":"https:\/\/www.fundaciocatalunyacultura.cat\/#organization","name":"Fundaci\u00f3 Catalunya Cultura","url":"https:\/\/www.fundaciocatalunyacultura.cat\/","logo":{"@type":"ImageObject","inLanguage":"es","@id":"https:\/\/www.fundaciocatalunyacultura.cat\/#\/schema\/logo\/image\/","url":"https:\/\/hundreds-wordpress-uploads.s3.amazonaws.com\/fundacio-catalunya-cultura\/uploads\/2021\/03\/fcc_logo_blanc-scaled.jpeg","contentUrl":"https:\/\/hundreds-wordpress-uploads.s3.amazonaws.com\/fundacio-catalunya-cultura\/uploads\/2021\/03\/fcc_logo_blanc-scaled.jpeg","width":2560,"height":1785,"caption":"Fundaci\u00f3 Catalunya Cultura"},"image":{"@id":"https:\/\/www.fundaciocatalunyacultura.cat\/#\/schema\/logo\/image\/"},"sameAs":["https:\/\/www.facebook.com\/fundaciocatalunyacultura\/","https:\/\/x.com\/fcatcultura","https:\/\/www.linkedin.com\/company\/fundaci\u00f3-catalunya-cultura\/","https:\/\/ca.wikipedia.org\/wiki\/Fundaci\u00f3_Catalunya_Cultura"]},{"@type":"Person","@id":"https:\/\/www.fundaciocatalunyacultura.cat\/#\/schema\/person\/f30f60b8448aa2c1761a644f652a4744","name":"fundacio","image":{"@type":"ImageObject","inLanguage":"es","@id":"https:\/\/www.fundaciocatalunyacultura.cat\/#\/schema\/person\/image\/","url":"https:\/\/secure.gravatar.com\/avatar\/fe57a3f139ea81c65a338e37a8064b4e80844f839737532820c9107eb9e1966f?s=96&d=mm&r=g","contentUrl":"https:\/\/secure.gravatar.com\/avatar\/fe57a3f139ea81c65a338e37a8064b4e80844f839737532820c9107eb9e1966f?s=96&d=mm&r=g","caption":"fundacio"},"url":"https:\/\/www.fundaciocatalunyacultura.cat\/es\/author\/fundacio\/"}]}},"_links":{"self":[{"href":"https:\/\/www.fundaciocatalunyacultura.cat\/es\/wp-json\/wp\/v2\/posts\/14704","targetHints":{"allow":["GET"]}}],"collection":[{"href":"https:\/\/www.fundaciocatalunyacultura.cat\/es\/wp-json\/wp\/v2\/posts"}],"about":[{"href":"https:\/\/www.fundaciocatalunyacultura.cat\/es\/wp-json\/wp\/v2\/types\/post"}],"author":[{"embeddable":true,"href":"https:\/\/www.fundaciocatalunyacultura.cat\/es\/wp-json\/wp\/v2\/users\/1"}],"replies":[{"embeddable":true,"href":"https:\/\/www.fundaciocatalunyacultura.cat\/es\/wp-json\/wp\/v2\/comments?post=14704"}],"version-history":[{"count":6,"href":"https:\/\/www.fundaciocatalunyacultura.cat\/es\/wp-json\/wp\/v2\/posts\/14704\/revisions"}],"predecessor-version":[{"id":14708,"href":"https:\/\/www.fundaciocatalunyacultura.cat\/es\/wp-json\/wp\/v2\/posts\/14704\/revisions\/14708"}],"wp:attachment":[{"href":"https:\/\/www.fundaciocatalunyacultura.cat\/es\/wp-json\/wp\/v2\/media?parent=14704"}],"wp:term":[{"taxonomy":"category","embeddable":true,"href":"https:\/\/www.fundaciocatalunyacultura.cat\/es\/wp-json\/wp\/v2\/categories?post=14704"}],"curies":[{"name":"wp","href":"https:\/\/api.w.org\/{rel}","templated":true}]}}