{"id":14308,"date":"2023-07-05T10:26:45","date_gmt":"2023-07-05T10:26:45","guid":{"rendered":"https:\/\/www.fundaciocatalunyacultura.cat\/?p=14308"},"modified":"2023-07-07T07:38:13","modified_gmt":"2023-07-07T07:38:13","slug":"14308","status":"publish","type":"post","link":"https:\/\/www.fundaciocatalunyacultura.cat\/es\/14308\/","title":{"rendered":"GCO (Grup Catalana Occident), a trav\u00e9s de la Fundaci\u00f3n Jes\u00fas Serra, y Lluch Essence obtienen el Sello IMPULSA CULTURA"},"content":{"rendered":"<p>La <a href=\"https:\/\/www.fundaciocatalunyacultura.cat\/#search\/Centre+DEntal\/_blank\">Fundaci\u00f3n Catalunya Cultura<\/a>, en colaboraci\u00f3n con la <a href=\"https:\/\/www.udg.edu\/ca\/catedres\/rss#search\/Centre+DEntal\/_blank\">C\u00e1tedra de Responsabilidad Social y Sostenibilidad de la Universidad de Girona<\/a>, han distinguido a la fundaci\u00f3n corporativa de <strong>GCO (Grup Catalana Occident)<\/strong>, la <strong>Fundaci\u00f3n Jes\u00fas Serra<\/strong> y <a href=\"https:\/\/lluche.com\/es\/\"><strong>Lluch Essence <\/strong><\/a>con el <strong>Sello IMPULSA CULTURA<\/strong>, la certificaci\u00f3n que reconoce aquellas empresas que apoyan a la cultura. Hasta ahora, ya son <a href=\"https:\/\/www.fundaciocatalunyacultura.cat\/segell\/\">19 las compa\u00f1\u00edas<\/a> que han obtenido esta distinci\u00f3n.<\/p>\n<p><strong>La Fundaci\u00f3n Jes\u00fas Serra, de GCO<\/strong>, colabora con varias entidades culturales para impulsar el sector, como el Museo Nacional de Arte de Catalu\u00f1a (MNAC), la Fundaci\u00f3n MACBA y la asociaci\u00f3n del Concurso Internacional de M\u00fasica Maria Canals. Entre sus proyectos m\u00e1s emblem\u00e1ticos se encuentra: <strong>\u201c\u00a1Me toca!\u201d<\/strong> unas becas de formaci\u00f3n de piano para fomentar el acceso universal a la pr\u00e1ctica de este instrumento musical, en colaboraci\u00f3n con el Concurso Internacional de M\u00fasica Maria Canals, y tambi\u00e9n hay que destacar la iniciativa <strong>\u201cTu ciudad se llena de pianos\u201d.<\/strong><\/p>\n<ul>\n<li><strong>Ignacio Gallardo-Bravo<\/strong>, director general de la Fundaci\u00f3n Jes\u00fas Serra: \u201cPara la Fundaci\u00f3n Jes\u00fas Serra, la cultura es, desde sus inicios, uno de los pilares en torno a los cuales gira todo nuestro programa social, y que nos lo haya certificado la C\u00e1tedra de Responsabilidad Social y Sostenibilidad de la Universidad de Girona, as\u00ed lo avala\u201d.<\/li>\n<\/ul>\n<p><strong>Lluch Essence<\/strong> destaca por participar activamente en <strong>la promoci\u00f3n de la cultura<\/strong> en beneficio del bienestar social y colaborar con entidades que impulsan el sector cultural, como la Fundaci\u00f3 Catalunya Cultura de la cual es miembro del Consejo de Mecenazgo. Todos los proyectos con los que colabora se dirigen a un p\u00fablico diverso como colectivos socialmente vulnerables, artistas con alg\u00fan tipo de discapacidad o trabajadores de la empresa y sus familiares. Algunas de las entidades e iniciativas con las que Lluch Essence est\u00e1 comprometida son la <strong>Fundaci\u00f3n Grupo SIFU y la Gala + IN<\/strong>(patrocinada por empresas para la inclusi\u00f3n social) y el programa solidario <strong>\u201cMyroom\u201d<\/strong> del Hospital Sant Joan de D\u00e9u.<\/p>\n<ul>\n<li><strong>Sofia Lluch<\/strong>, CEO de Lluch Essence: \u201cPara Lluch Essence es un orgullo recibir el sello IMPULSA CULTURA. Nos anima a seguir comprometidos con la sociedad y continuar participando activamente en la promoci\u00f3n cultural\u201d.<\/li>\n<\/ul>\n","protected":false},"excerpt":{"rendered":"<p>La Fundaci\u00f3n Catalunya Cultura, en colaboraci\u00f3n con la C\u00e1tedra de Responsabilidad Social y Sostenibilidad de la Universidad de Girona, han distinguido a la fundaci\u00f3n corporativa de GCO (Grup Catalana Occident), la Fundaci\u00f3n Jes\u00fas Serra y Lluch Essence con el Sello IMPULSA CULTURA, la certificaci\u00f3n que reconoce aquellas empresas que apoyan a la cultura. Hasta ahora, [&hellip;]<\/p>\n","protected":false},"author":1,"featured_media":0,"comment_status":"closed","ping_status":"closed","sticky":false,"template":"","format":"standard","meta":{"_acf_changed":false,"footnotes":""},"categories":[44],"class_list":["post-14308","post","type-post","status-publish","format-standard","hentry","category-noticias"],"acf":[],"yoast_head":"<!-- This site is optimized with the Yoast SEO plugin v25.1 - https:\/\/yoast.com\/wordpress\/plugins\/seo\/ -->\n<title>GCO (Grup Catalana Occident), a trav\u00e9s de la Fundaci\u00f3n Jes\u00fas Serra, y Lluch Essence obtienen el Sello IMPULSA CULTURA | Fundaci\u00f3 Catalunya Cultura<\/title>\n<meta name=\"robots\" content=\"index, follow, max-snippet:-1, max-image-preview:large, max-video-preview:-1\" \/>\n<link rel=\"canonical\" href=\"https:\/\/www.fundaciocatalunyacultura.cat\/es\/14308\/\" \/>\n<meta property=\"og:locale\" content=\"es_ES\" \/>\n<meta property=\"og:type\" content=\"article\" \/>\n<meta property=\"og:title\" content=\"GCO (Grup Catalana Occident), a trav\u00e9s de la Fundaci\u00f3n Jes\u00fas Serra, y Lluch Essence obtienen el Sello IMPULSA CULTURA | Fundaci\u00f3 Catalunya Cultura\" \/>\n<meta property=\"og:description\" content=\"La Fundaci\u00f3n Catalunya Cultura, en colaboraci\u00f3n con la C\u00e1tedra de Responsabilidad Social y Sostenibilidad de la Universidad de Girona, han distinguido a la fundaci\u00f3n corporativa de GCO (Grup Catalana Occident), la Fundaci\u00f3n Jes\u00fas Serra y Lluch Essence con el Sello IMPULSA CULTURA, la certificaci\u00f3n que reconoce aquellas empresas que apoyan a la cultura. Hasta ahora, [&hellip;]\" \/>\n<meta property=\"og:url\" content=\"https:\/\/www.fundaciocatalunyacultura.cat\/es\/14308\/\" \/>\n<meta property=\"og:site_name\" content=\"Fundaci\u00f3 Catalunya Cultura\" \/>\n<meta property=\"article:publisher\" content=\"https:\/\/www.facebook.com\/fundaciocatalunyacultura\/\" \/>\n<meta property=\"article:published_time\" content=\"2023-07-05T10:26:45+00:00\" \/>\n<meta property=\"article:modified_time\" content=\"2023-07-07T07:38:13+00:00\" \/>\n<meta name=\"author\" content=\"fundacio\" \/>\n<meta name=\"twitter:card\" content=\"summary_large_image\" \/>\n<meta name=\"twitter:creator\" content=\"@fcatcultura\" \/>\n<meta name=\"twitter:site\" content=\"@fcatcultura\" \/>\n<meta name=\"twitter:label1\" content=\"Escrito por\" \/>\n\t<meta name=\"twitter:data1\" content=\"fundacio\" \/>\n\t<meta name=\"twitter:label2\" content=\"Tiempo de lectura\" \/>\n\t<meta name=\"twitter:data2\" content=\"2 minutos\" \/>\n<script type=\"application\/ld+json\" class=\"yoast-schema-graph\">{\"@context\":\"https:\/\/schema.org\",\"@graph\":[{\"@type\":\"Article\",\"@id\":\"https:\/\/www.fundaciocatalunyacultura.cat\/es\/14308\/#article\",\"isPartOf\":{\"@id\":\"https:\/\/www.fundaciocatalunyacultura.cat\/es\/14308\/\"},\"author\":{\"name\":\"fundacio\",\"@id\":\"https:\/\/www.fundaciocatalunyacultura.cat\/es\/#\/schema\/person\/f30f60b8448aa2c1761a644f652a4744\"},\"headline\":\"GCO (Grup Catalana Occident), a trav\u00e9s de la Fundaci\u00f3n Jes\u00fas Serra, y Lluch Essence obtienen el Sello IMPULSA CULTURA\",\"datePublished\":\"2023-07-05T10:26:45+00:00\",\"dateModified\":\"2023-07-07T07:38:13+00:00\",\"mainEntityOfPage\":{\"@id\":\"https:\/\/www.fundaciocatalunyacultura.cat\/es\/14308\/\"},\"wordCount\":406,\"publisher\":{\"@id\":\"https:\/\/www.fundaciocatalunyacultura.cat\/es\/#organization\"},\"articleSection\":[\"Noticias\"],\"inLanguage\":\"es\"},{\"@type\":\"WebPage\",\"@id\":\"https:\/\/www.fundaciocatalunyacultura.cat\/es\/14308\/\",\"url\":\"https:\/\/www.fundaciocatalunyacultura.cat\/es\/14308\/\",\"name\":\"GCO (Grup Catalana Occident), a trav\u00e9s de la Fundaci\u00f3n Jes\u00fas Serra, y Lluch Essence obtienen el Sello IMPULSA CULTURA | Fundaci\u00f3 Catalunya Cultura\",\"isPartOf\":{\"@id\":\"https:\/\/www.fundaciocatalunyacultura.cat\/es\/#website\"},\"datePublished\":\"2023-07-05T10:26:45+00:00\",\"dateModified\":\"2023-07-07T07:38:13+00:00\",\"breadcrumb\":{\"@id\":\"https:\/\/www.fundaciocatalunyacultura.cat\/es\/14308\/#breadcrumb\"},\"inLanguage\":\"es\",\"potentialAction\":[{\"@type\":\"ReadAction\",\"target\":[\"https:\/\/www.fundaciocatalunyacultura.cat\/es\/14308\/\"]}]},{\"@type\":\"BreadcrumbList\",\"@id\":\"https:\/\/www.fundaciocatalunyacultura.cat\/es\/14308\/#breadcrumb\",\"itemListElement\":[{\"@type\":\"ListItem\",\"position\":1,\"name\":\"Inici\",\"item\":\"https:\/\/www.fundaciocatalunyacultura.cat\/es\/\"},{\"@type\":\"ListItem\",\"position\":2,\"name\":\"GCO (Grup Catalana Occident), a trav\u00e9s de la Fundaci\u00f3n Jes\u00fas Serra, y Lluch Essence obtienen el Sello IMPULSA CULTURA\"}]},{\"@type\":\"WebSite\",\"@id\":\"https:\/\/www.fundaciocatalunyacultura.cat\/es\/#website\",\"url\":\"https:\/\/www.fundaciocatalunyacultura.cat\/es\/\",\"name\":\"Fundaci\u00f3 Catalunya Cultura\",\"description\":\"\",\"publisher\":{\"@id\":\"https:\/\/www.fundaciocatalunyacultura.cat\/es\/#organization\"},\"potentialAction\":[{\"@type\":\"SearchAction\",\"target\":{\"@type\":\"EntryPoint\",\"urlTemplate\":\"https:\/\/www.fundaciocatalunyacultura.cat\/es\/?s={search_term_string}\"},\"query-input\":{\"@type\":\"PropertyValueSpecification\",\"valueRequired\":true,\"valueName\":\"search_term_string\"}}],\"inLanguage\":\"es\"},{\"@type\":\"Organization\",\"@id\":\"https:\/\/www.fundaciocatalunyacultura.cat\/es\/#organization\",\"name\":\"Fundaci\u00f3 Catalunya Cultura\",\"url\":\"https:\/\/www.fundaciocatalunyacultura.cat\/es\/\",\"logo\":{\"@type\":\"ImageObject\",\"inLanguage\":\"es\",\"@id\":\"https:\/\/www.fundaciocatalunyacultura.cat\/es\/#\/schema\/logo\/image\/\",\"url\":\"https:\/\/hundreds-wordpress-uploads.s3.amazonaws.com\/fundacio-catalunya-cultura\/uploads\/2021\/03\/fcc_logo_blanc-scaled.jpeg\",\"contentUrl\":\"https:\/\/hundreds-wordpress-uploads.s3.amazonaws.com\/fundacio-catalunya-cultura\/uploads\/2021\/03\/fcc_logo_blanc-scaled.jpeg\",\"width\":2560,\"height\":1785,\"caption\":\"Fundaci\u00f3 Catalunya Cultura\"},\"image\":{\"@id\":\"https:\/\/www.fundaciocatalunyacultura.cat\/es\/#\/schema\/logo\/image\/\"},\"sameAs\":[\"https:\/\/www.facebook.com\/fundaciocatalunyacultura\/\",\"https:\/\/x.com\/fcatcultura\",\"https:\/\/www.linkedin.com\/company\/fundaci\u00f3-catalunya-cultura\/\",\"https:\/\/ca.wikipedia.org\/wiki\/Fundaci\u00f3_Catalunya_Cultura\"]},{\"@type\":\"Person\",\"@id\":\"https:\/\/www.fundaciocatalunyacultura.cat\/es\/#\/schema\/person\/f30f60b8448aa2c1761a644f652a4744\",\"name\":\"fundacio\",\"image\":{\"@type\":\"ImageObject\",\"inLanguage\":\"es\",\"@id\":\"https:\/\/www.fundaciocatalunyacultura.cat\/es\/#\/schema\/person\/image\/\",\"url\":\"https:\/\/secure.gravatar.com\/avatar\/fe57a3f139ea81c65a338e37a8064b4e80844f839737532820c9107eb9e1966f?s=96&d=mm&r=g\",\"contentUrl\":\"https:\/\/secure.gravatar.com\/avatar\/fe57a3f139ea81c65a338e37a8064b4e80844f839737532820c9107eb9e1966f?s=96&d=mm&r=g\",\"caption\":\"fundacio\"},\"url\":\"https:\/\/www.fundaciocatalunyacultura.cat\/es\/author\/fundacio\/\"}]}<\/script>\n<!-- \/ Yoast SEO plugin. -->","yoast_head_json":{"title":"GCO (Grup Catalana Occident), a trav\u00e9s de la Fundaci\u00f3n Jes\u00fas Serra, y Lluch Essence obtienen el Sello IMPULSA CULTURA | Fundaci\u00f3 Catalunya Cultura","robots":{"index":"index","follow":"follow","max-snippet":"max-snippet:-1","max-image-preview":"max-image-preview:large","max-video-preview":"max-video-preview:-1"},"canonical":"https:\/\/www.fundaciocatalunyacultura.cat\/es\/14308\/","og_locale":"es_ES","og_type":"article","og_title":"GCO (Grup Catalana Occident), a trav\u00e9s de la Fundaci\u00f3n Jes\u00fas Serra, y Lluch Essence obtienen el Sello IMPULSA CULTURA | Fundaci\u00f3 Catalunya Cultura","og_description":"La Fundaci\u00f3n Catalunya Cultura, en colaboraci\u00f3n con la C\u00e1tedra de Responsabilidad Social y Sostenibilidad de la Universidad de Girona, han distinguido a la fundaci\u00f3n corporativa de GCO (Grup Catalana Occident), la Fundaci\u00f3n Jes\u00fas Serra y Lluch Essence con el Sello IMPULSA CULTURA, la certificaci\u00f3n que reconoce aquellas empresas que apoyan a la cultura. Hasta ahora, [&hellip;]","og_url":"https:\/\/www.fundaciocatalunyacultura.cat\/es\/14308\/","og_site_name":"Fundaci\u00f3 Catalunya Cultura","article_publisher":"https:\/\/www.facebook.com\/fundaciocatalunyacultura\/","article_published_time":"2023-07-05T10:26:45+00:00","article_modified_time":"2023-07-07T07:38:13+00:00","author":"fundacio","twitter_card":"summary_large_image","twitter_creator":"@fcatcultura","twitter_site":"@fcatcultura","twitter_misc":{"Escrito por":"fundacio","Tiempo de lectura":"2 minutos"},"schema":{"@context":"https:\/\/schema.org","@graph":[{"@type":"Article","@id":"https:\/\/www.fundaciocatalunyacultura.cat\/es\/14308\/#article","isPartOf":{"@id":"https:\/\/www.fundaciocatalunyacultura.cat\/es\/14308\/"},"author":{"name":"fundacio","@id":"https:\/\/www.fundaciocatalunyacultura.cat\/es\/#\/schema\/person\/f30f60b8448aa2c1761a644f652a4744"},"headline":"GCO (Grup Catalana Occident), a trav\u00e9s de la Fundaci\u00f3n Jes\u00fas Serra, y Lluch Essence obtienen el Sello IMPULSA CULTURA","datePublished":"2023-07-05T10:26:45+00:00","dateModified":"2023-07-07T07:38:13+00:00","mainEntityOfPage":{"@id":"https:\/\/www.fundaciocatalunyacultura.cat\/es\/14308\/"},"wordCount":406,"publisher":{"@id":"https:\/\/www.fundaciocatalunyacultura.cat\/es\/#organization"},"articleSection":["Noticias"],"inLanguage":"es"},{"@type":"WebPage","@id":"https:\/\/www.fundaciocatalunyacultura.cat\/es\/14308\/","url":"https:\/\/www.fundaciocatalunyacultura.cat\/es\/14308\/","name":"GCO (Grup Catalana Occident), a trav\u00e9s de la Fundaci\u00f3n Jes\u00fas Serra, y Lluch Essence obtienen el Sello IMPULSA CULTURA | Fundaci\u00f3 Catalunya Cultura","isPartOf":{"@id":"https:\/\/www.fundaciocatalunyacultura.cat\/es\/#website"},"datePublished":"2023-07-05T10:26:45+00:00","dateModified":"2023-07-07T07:38:13+00:00","breadcrumb":{"@id":"https:\/\/www.fundaciocatalunyacultura.cat\/es\/14308\/#breadcrumb"},"inLanguage":"es","potentialAction":[{"@type":"ReadAction","target":["https:\/\/www.fundaciocatalunyacultura.cat\/es\/14308\/"]}]},{"@type":"BreadcrumbList","@id":"https:\/\/www.fundaciocatalunyacultura.cat\/es\/14308\/#breadcrumb","itemListElement":[{"@type":"ListItem","position":1,"name":"Inici","item":"https:\/\/www.fundaciocatalunyacultura.cat\/es\/"},{"@type":"ListItem","position":2,"name":"GCO (Grup Catalana Occident), a trav\u00e9s de la Fundaci\u00f3n Jes\u00fas Serra, y Lluch Essence obtienen el Sello IMPULSA CULTURA"}]},{"@type":"WebSite","@id":"https:\/\/www.fundaciocatalunyacultura.cat\/es\/#website","url":"https:\/\/www.fundaciocatalunyacultura.cat\/es\/","name":"Fundaci\u00f3 Catalunya Cultura","description":"","publisher":{"@id":"https:\/\/www.fundaciocatalunyacultura.cat\/es\/#organization"},"potentialAction":[{"@type":"SearchAction","target":{"@type":"EntryPoint","urlTemplate":"https:\/\/www.fundaciocatalunyacultura.cat\/es\/?s={search_term_string}"},"query-input":{"@type":"PropertyValueSpecification","valueRequired":true,"valueName":"search_term_string"}}],"inLanguage":"es"},{"@type":"Organization","@id":"https:\/\/www.fundaciocatalunyacultura.cat\/es\/#organization","name":"Fundaci\u00f3 Catalunya Cultura","url":"https:\/\/www.fundaciocatalunyacultura.cat\/es\/","logo":{"@type":"ImageObject","inLanguage":"es","@id":"https:\/\/www.fundaciocatalunyacultura.cat\/es\/#\/schema\/logo\/image\/","url":"https:\/\/hundreds-wordpress-uploads.s3.amazonaws.com\/fundacio-catalunya-cultura\/uploads\/2021\/03\/fcc_logo_blanc-scaled.jpeg","contentUrl":"https:\/\/hundreds-wordpress-uploads.s3.amazonaws.com\/fundacio-catalunya-cultura\/uploads\/2021\/03\/fcc_logo_blanc-scaled.jpeg","width":2560,"height":1785,"caption":"Fundaci\u00f3 Catalunya Cultura"},"image":{"@id":"https:\/\/www.fundaciocatalunyacultura.cat\/es\/#\/schema\/logo\/image\/"},"sameAs":["https:\/\/www.facebook.com\/fundaciocatalunyacultura\/","https:\/\/x.com\/fcatcultura","https:\/\/www.linkedin.com\/company\/fundaci\u00f3-catalunya-cultura\/","https:\/\/ca.wikipedia.org\/wiki\/Fundaci\u00f3_Catalunya_Cultura"]},{"@type":"Person","@id":"https:\/\/www.fundaciocatalunyacultura.cat\/es\/#\/schema\/person\/f30f60b8448aa2c1761a644f652a4744","name":"fundacio","image":{"@type":"ImageObject","inLanguage":"es","@id":"https:\/\/www.fundaciocatalunyacultura.cat\/es\/#\/schema\/person\/image\/","url":"https:\/\/secure.gravatar.com\/avatar\/fe57a3f139ea81c65a338e37a8064b4e80844f839737532820c9107eb9e1966f?s=96&d=mm&r=g","contentUrl":"https:\/\/secure.gravatar.com\/avatar\/fe57a3f139ea81c65a338e37a8064b4e80844f839737532820c9107eb9e1966f?s=96&d=mm&r=g","caption":"fundacio"},"url":"https:\/\/www.fundaciocatalunyacultura.cat\/es\/author\/fundacio\/"}]}},"_links":{"self":[{"href":"https:\/\/www.fundaciocatalunyacultura.cat\/es\/wp-json\/wp\/v2\/posts\/14308","targetHints":{"allow":["GET"]}}],"collection":[{"href":"https:\/\/www.fundaciocatalunyacultura.cat\/es\/wp-json\/wp\/v2\/posts"}],"about":[{"href":"https:\/\/www.fundaciocatalunyacultura.cat\/es\/wp-json\/wp\/v2\/types\/post"}],"author":[{"embeddable":true,"href":"https:\/\/www.fundaciocatalunyacultura.cat\/es\/wp-json\/wp\/v2\/users\/1"}],"replies":[{"embeddable":true,"href":"https:\/\/www.fundaciocatalunyacultura.cat\/es\/wp-json\/wp\/v2\/comments?post=14308"}],"version-history":[{"count":4,"href":"https:\/\/www.fundaciocatalunyacultura.cat\/es\/wp-json\/wp\/v2\/posts\/14308\/revisions"}],"predecessor-version":[{"id":14326,"href":"https:\/\/www.fundaciocatalunyacultura.cat\/es\/wp-json\/wp\/v2\/posts\/14308\/revisions\/14326"}],"wp:attachment":[{"href":"https:\/\/www.fundaciocatalunyacultura.cat\/es\/wp-json\/wp\/v2\/media?parent=14308"}],"wp:term":[{"taxonomy":"category","embeddable":true,"href":"https:\/\/www.fundaciocatalunyacultura.cat\/es\/wp-json\/wp\/v2\/categories?post=14308"}],"curies":[{"name":"wp","href":"https:\/\/api.w.org\/{rel}","templated":true}]}}