{"id":14170,"date":"2023-06-22T10:02:57","date_gmt":"2023-06-22T10:02:57","guid":{"rendered":"https:\/\/www.fundaciocatalunyacultura.cat\/?p=14170"},"modified":"2023-06-27T09:19:26","modified_gmt":"2023-06-27T09:19:26","slug":"reunion-del-patronato-del-consejo-de-mecenazgo-y-del-grupo-de-trabajo-de-la-ley-de-mecenazgo-en-la-abadia-de-montserrat","status":"publish","type":"post","link":"https:\/\/www.fundaciocatalunyacultura.cat\/es\/reunion-del-patronato-del-consejo-de-mecenazgo-y-del-grupo-de-trabajo-de-la-ley-de-mecenazgo-en-la-abadia-de-montserrat\/","title":{"rendered":"Reuni\u00f3n del Patronato, del Consejo de Mecenazgo y del Grupo de Trabajo de la Ley de Mecenazgo en la Abad\u00eda de Montserrat"},"content":{"rendered":"<p><strong>Han asistido el secretario general del Departamento de Empresa y Trabajo<\/strong><\/p>\n<p><strong>\u00a0<\/strong>El <a href=\"https:\/\/www.fundaciocatalunyacultura.cat\/es\/qui-som\/\">Patronato<\/a> de la<strong> Fundaci\u00f3 Catalunya Cultura<\/strong>, el \u00f3rgano de gobierno y administraci\u00f3n que integra las empresas fundadoras e impulsoras de la entidad, se ha reunido este mi\u00e9rcoles en la Abad\u00eda de Montserrat. En esta ocasi\u00f3n, tambi\u00e9n se han sumado al encuentro los miembros del <a href=\"https:\/\/www.fundaciocatalunyacultura.cat\/es\/qui-som\/\">Consejo de Mecenazgo<\/a> y del <a href=\"https:\/\/www.fundaciocatalunyacultura.cat\/es\/ley-del-mecenazgo\/\">Grupo de Trabajo de la Ley de Mecenazgo.<\/a> La reuni\u00f3n ha aglutinado m\u00e1s de una treintena de empresarios y empresarias y tambi\u00e9n ha contado con la asistencia del secretario general del Departamento de Empresa y Trabajo<strong>, Oriol Sagrera.<\/strong><\/p>\n<p><strong>\u00a0<\/strong>Durante la sesi\u00f3n, se han debatido principalmente las l\u00edneas de actuaci\u00f3n para este 2023 y se han aprobado las cuentas de la Fundaci\u00f3n, adem\u00e1s de formalizar la incorporaci\u00f3n al <strong>Consejo de Mecenazgo <\/strong>de <a href=\"https:\/\/www.rsm.es\/es\/\">RSM<\/a> y <a href=\"https:\/\/institucional.cecot.org\">CECOT<\/a>. Con la suma de estas nuevas empresas, forman parte del Consejo un total de <strong>24 miembros<\/strong>; compa\u00f1\u00edas y personas a t\u00edtulo individual que tienen un reconocido prestigio en el \u00e1mbito social y cultural del pa\u00eds y que asesoran la Fundaci\u00f3n en la consecuci\u00f3n de sus objetivos.<\/p>\n<p><strong>\u00a0<\/strong>Por otro lado, la Fundaci\u00f3n tambi\u00e9n ha entregado el <a href=\"https:\/\/www.fundaciocatalunyacultura.cat\/es\/sello\/\">Sello IMPULSA CULTURA<\/a> a la <a href=\"https:\/\/www.fundacionjesusserra.org\/cat\">Fundaci\u00f3 Jes\u00fas Serra, de GCO (Grupo Catalana Occidente)<\/a> y a <a href=\"https:\/\/lluche.com\/es\/\">Lluch Essence<\/a>, En total, ya son <strong>19 las empresas<\/strong> que cuentan con este distintivo de prestigio que certifica su apoyo al mundo cultural.<\/p>\n<p><strong>\u00a0<\/strong>Al acabar la reuni\u00f3n, los asistentes han podido disfrutar de una visita guiada a la Abad\u00eda de Montserrat, que el 2025 celebrar\u00e1 su milenario<\/p>\n","protected":false},"excerpt":{"rendered":"<p>Han asistido el secretario general del Departamento de Empresa y Trabajo \u00a0El Patronato de la Fundaci\u00f3 Catalunya Cultura, el \u00f3rgano de gobierno y administraci\u00f3n que integra las empresas fundadoras e impulsoras de la entidad, se ha reunido este mi\u00e9rcoles en la Abad\u00eda de Montserrat. En esta ocasi\u00f3n, tambi\u00e9n se han sumado al encuentro los miembros [&hellip;]<\/p>\n","protected":false},"author":1,"featured_media":0,"comment_status":"closed","ping_status":"closed","sticky":false,"template":"","format":"standard","meta":{"_acf_changed":false,"footnotes":""},"categories":[44],"class_list":["post-14170","post","type-post","status-publish","format-standard","hentry","category-noticias"],"acf":[],"yoast_head":"<!-- This site is optimized with the Yoast SEO plugin v25.1 - https:\/\/yoast.com\/wordpress\/plugins\/seo\/ -->\n<title>Reuni\u00f3n del Patronato, del Consejo de Mecenazgo y del Grupo de Trabajo de la Ley de Mecenazgo en la Abad\u00eda de Montserrat | Fundaci\u00f3 Catalunya Cultura<\/title>\n<meta name=\"robots\" content=\"index, follow, max-snippet:-1, max-image-preview:large, max-video-preview:-1\" \/>\n<link rel=\"canonical\" href=\"https:\/\/www.fundaciocatalunyacultura.cat\/es\/reunion-del-patronato-del-consejo-de-mecenazgo-y-del-grupo-de-trabajo-de-la-ley-de-mecenazgo-en-la-abadia-de-montserrat\/\" \/>\n<meta property=\"og:locale\" content=\"es_ES\" \/>\n<meta property=\"og:type\" content=\"article\" \/>\n<meta property=\"og:title\" content=\"Reuni\u00f3n del Patronato, del Consejo de Mecenazgo y del Grupo de Trabajo de la Ley de Mecenazgo en la Abad\u00eda de Montserrat | Fundaci\u00f3 Catalunya Cultura\" \/>\n<meta property=\"og:description\" content=\"Han asistido el secretario general del Departamento de Empresa y Trabajo \u00a0El Patronato de la Fundaci\u00f3 Catalunya Cultura, el \u00f3rgano de gobierno y administraci\u00f3n que integra las empresas fundadoras e impulsoras de la entidad, se ha reunido este mi\u00e9rcoles en la Abad\u00eda de Montserrat. En esta ocasi\u00f3n, tambi\u00e9n se han sumado al encuentro los miembros [&hellip;]\" \/>\n<meta property=\"og:url\" content=\"https:\/\/www.fundaciocatalunyacultura.cat\/es\/reunion-del-patronato-del-consejo-de-mecenazgo-y-del-grupo-de-trabajo-de-la-ley-de-mecenazgo-en-la-abadia-de-montserrat\/\" \/>\n<meta property=\"og:site_name\" content=\"Fundaci\u00f3 Catalunya Cultura\" \/>\n<meta property=\"article:publisher\" content=\"https:\/\/www.facebook.com\/fundaciocatalunyacultura\/\" \/>\n<meta property=\"article:published_time\" content=\"2023-06-22T10:02:57+00:00\" \/>\n<meta property=\"article:modified_time\" content=\"2023-06-27T09:19:26+00:00\" \/>\n<meta name=\"author\" content=\"fundacio\" \/>\n<meta name=\"twitter:card\" content=\"summary_large_image\" \/>\n<meta name=\"twitter:creator\" content=\"@fcatcultura\" \/>\n<meta name=\"twitter:site\" content=\"@fcatcultura\" \/>\n<meta name=\"twitter:label1\" content=\"Escrito por\" \/>\n\t<meta name=\"twitter:data1\" content=\"fundacio\" \/>\n\t<meta name=\"twitter:label2\" content=\"Tiempo de lectura\" \/>\n\t<meta name=\"twitter:data2\" content=\"2 minutos\" \/>\n<script type=\"application\/ld+json\" class=\"yoast-schema-graph\">{\"@context\":\"https:\/\/schema.org\",\"@graph\":[{\"@type\":\"Article\",\"@id\":\"https:\/\/www.fundaciocatalunyacultura.cat\/es\/reunion-del-patronato-del-consejo-de-mecenazgo-y-del-grupo-de-trabajo-de-la-ley-de-mecenazgo-en-la-abadia-de-montserrat\/#article\",\"isPartOf\":{\"@id\":\"https:\/\/www.fundaciocatalunyacultura.cat\/es\/reunion-del-patronato-del-consejo-de-mecenazgo-y-del-grupo-de-trabajo-de-la-ley-de-mecenazgo-en-la-abadia-de-montserrat\/\"},\"author\":{\"name\":\"fundacio\",\"@id\":\"https:\/\/www.fundaciocatalunyacultura.cat\/es\/#\/schema\/person\/f30f60b8448aa2c1761a644f652a4744\"},\"headline\":\"Reuni\u00f3n del Patronato, del Consejo de Mecenazgo y del Grupo de Trabajo de la Ley de Mecenazgo en la Abad\u00eda de Montserrat\",\"datePublished\":\"2023-06-22T10:02:57+00:00\",\"dateModified\":\"2023-06-27T09:19:26+00:00\",\"mainEntityOfPage\":{\"@id\":\"https:\/\/www.fundaciocatalunyacultura.cat\/es\/reunion-del-patronato-del-consejo-de-mecenazgo-y-del-grupo-de-trabajo-de-la-ley-de-mecenazgo-en-la-abadia-de-montserrat\/\"},\"wordCount\":296,\"publisher\":{\"@id\":\"https:\/\/www.fundaciocatalunyacultura.cat\/es\/#organization\"},\"articleSection\":[\"Noticias\"],\"inLanguage\":\"es\"},{\"@type\":\"WebPage\",\"@id\":\"https:\/\/www.fundaciocatalunyacultura.cat\/es\/reunion-del-patronato-del-consejo-de-mecenazgo-y-del-grupo-de-trabajo-de-la-ley-de-mecenazgo-en-la-abadia-de-montserrat\/\",\"url\":\"https:\/\/www.fundaciocatalunyacultura.cat\/es\/reunion-del-patronato-del-consejo-de-mecenazgo-y-del-grupo-de-trabajo-de-la-ley-de-mecenazgo-en-la-abadia-de-montserrat\/\",\"name\":\"Reuni\u00f3n del Patronato, del Consejo de Mecenazgo y del Grupo de Trabajo de la Ley de Mecenazgo en la Abad\u00eda de Montserrat | Fundaci\u00f3 Catalunya Cultura\",\"isPartOf\":{\"@id\":\"https:\/\/www.fundaciocatalunyacultura.cat\/es\/#website\"},\"datePublished\":\"2023-06-22T10:02:57+00:00\",\"dateModified\":\"2023-06-27T09:19:26+00:00\",\"breadcrumb\":{\"@id\":\"https:\/\/www.fundaciocatalunyacultura.cat\/es\/reunion-del-patronato-del-consejo-de-mecenazgo-y-del-grupo-de-trabajo-de-la-ley-de-mecenazgo-en-la-abadia-de-montserrat\/#breadcrumb\"},\"inLanguage\":\"es\",\"potentialAction\":[{\"@type\":\"ReadAction\",\"target\":[\"https:\/\/www.fundaciocatalunyacultura.cat\/es\/reunion-del-patronato-del-consejo-de-mecenazgo-y-del-grupo-de-trabajo-de-la-ley-de-mecenazgo-en-la-abadia-de-montserrat\/\"]}]},{\"@type\":\"BreadcrumbList\",\"@id\":\"https:\/\/www.fundaciocatalunyacultura.cat\/es\/reunion-del-patronato-del-consejo-de-mecenazgo-y-del-grupo-de-trabajo-de-la-ley-de-mecenazgo-en-la-abadia-de-montserrat\/#breadcrumb\",\"itemListElement\":[{\"@type\":\"ListItem\",\"position\":1,\"name\":\"Inici\",\"item\":\"https:\/\/www.fundaciocatalunyacultura.cat\/es\/\"},{\"@type\":\"ListItem\",\"position\":2,\"name\":\"Reuni\u00f3n del Patronato, del Consejo de Mecenazgo y del Grupo de Trabajo de la Ley de Mecenazgo en la Abad\u00eda de Montserrat\"}]},{\"@type\":\"WebSite\",\"@id\":\"https:\/\/www.fundaciocatalunyacultura.cat\/es\/#website\",\"url\":\"https:\/\/www.fundaciocatalunyacultura.cat\/es\/\",\"name\":\"Fundaci\u00f3 Catalunya Cultura\",\"description\":\"\",\"publisher\":{\"@id\":\"https:\/\/www.fundaciocatalunyacultura.cat\/es\/#organization\"},\"potentialAction\":[{\"@type\":\"SearchAction\",\"target\":{\"@type\":\"EntryPoint\",\"urlTemplate\":\"https:\/\/www.fundaciocatalunyacultura.cat\/es\/?s={search_term_string}\"},\"query-input\":{\"@type\":\"PropertyValueSpecification\",\"valueRequired\":true,\"valueName\":\"search_term_string\"}}],\"inLanguage\":\"es\"},{\"@type\":\"Organization\",\"@id\":\"https:\/\/www.fundaciocatalunyacultura.cat\/es\/#organization\",\"name\":\"Fundaci\u00f3 Catalunya Cultura\",\"url\":\"https:\/\/www.fundaciocatalunyacultura.cat\/es\/\",\"logo\":{\"@type\":\"ImageObject\",\"inLanguage\":\"es\",\"@id\":\"https:\/\/www.fundaciocatalunyacultura.cat\/es\/#\/schema\/logo\/image\/\",\"url\":\"https:\/\/hundreds-wordpress-uploads.s3.amazonaws.com\/fundacio-catalunya-cultura\/uploads\/2021\/03\/fcc_logo_blanc-scaled.jpeg\",\"contentUrl\":\"https:\/\/hundreds-wordpress-uploads.s3.amazonaws.com\/fundacio-catalunya-cultura\/uploads\/2021\/03\/fcc_logo_blanc-scaled.jpeg\",\"width\":2560,\"height\":1785,\"caption\":\"Fundaci\u00f3 Catalunya Cultura\"},\"image\":{\"@id\":\"https:\/\/www.fundaciocatalunyacultura.cat\/es\/#\/schema\/logo\/image\/\"},\"sameAs\":[\"https:\/\/www.facebook.com\/fundaciocatalunyacultura\/\",\"https:\/\/x.com\/fcatcultura\",\"https:\/\/www.linkedin.com\/company\/fundaci\u00f3-catalunya-cultura\/\",\"https:\/\/ca.wikipedia.org\/wiki\/Fundaci\u00f3_Catalunya_Cultura\"]},{\"@type\":\"Person\",\"@id\":\"https:\/\/www.fundaciocatalunyacultura.cat\/es\/#\/schema\/person\/f30f60b8448aa2c1761a644f652a4744\",\"name\":\"fundacio\",\"image\":{\"@type\":\"ImageObject\",\"inLanguage\":\"es\",\"@id\":\"https:\/\/www.fundaciocatalunyacultura.cat\/es\/#\/schema\/person\/image\/\",\"url\":\"https:\/\/secure.gravatar.com\/avatar\/fe57a3f139ea81c65a338e37a8064b4e80844f839737532820c9107eb9e1966f?s=96&d=mm&r=g\",\"contentUrl\":\"https:\/\/secure.gravatar.com\/avatar\/fe57a3f139ea81c65a338e37a8064b4e80844f839737532820c9107eb9e1966f?s=96&d=mm&r=g\",\"caption\":\"fundacio\"},\"url\":\"https:\/\/www.fundaciocatalunyacultura.cat\/es\/author\/fundacio\/\"}]}<\/script>\n<!-- \/ Yoast SEO plugin. -->","yoast_head_json":{"title":"Reuni\u00f3n del Patronato, del Consejo de Mecenazgo y del Grupo de Trabajo de la Ley de Mecenazgo en la Abad\u00eda de Montserrat | Fundaci\u00f3 Catalunya Cultura","robots":{"index":"index","follow":"follow","max-snippet":"max-snippet:-1","max-image-preview":"max-image-preview:large","max-video-preview":"max-video-preview:-1"},"canonical":"https:\/\/www.fundaciocatalunyacultura.cat\/es\/reunion-del-patronato-del-consejo-de-mecenazgo-y-del-grupo-de-trabajo-de-la-ley-de-mecenazgo-en-la-abadia-de-montserrat\/","og_locale":"es_ES","og_type":"article","og_title":"Reuni\u00f3n del Patronato, del Consejo de Mecenazgo y del Grupo de Trabajo de la Ley de Mecenazgo en la Abad\u00eda de Montserrat | Fundaci\u00f3 Catalunya Cultura","og_description":"Han asistido el secretario general del Departamento de Empresa y Trabajo \u00a0El Patronato de la Fundaci\u00f3 Catalunya Cultura, el \u00f3rgano de gobierno y administraci\u00f3n que integra las empresas fundadoras e impulsoras de la entidad, se ha reunido este mi\u00e9rcoles en la Abad\u00eda de Montserrat. En esta ocasi\u00f3n, tambi\u00e9n se han sumado al encuentro los miembros [&hellip;]","og_url":"https:\/\/www.fundaciocatalunyacultura.cat\/es\/reunion-del-patronato-del-consejo-de-mecenazgo-y-del-grupo-de-trabajo-de-la-ley-de-mecenazgo-en-la-abadia-de-montserrat\/","og_site_name":"Fundaci\u00f3 Catalunya Cultura","article_publisher":"https:\/\/www.facebook.com\/fundaciocatalunyacultura\/","article_published_time":"2023-06-22T10:02:57+00:00","article_modified_time":"2023-06-27T09:19:26+00:00","author":"fundacio","twitter_card":"summary_large_image","twitter_creator":"@fcatcultura","twitter_site":"@fcatcultura","twitter_misc":{"Escrito por":"fundacio","Tiempo de lectura":"2 minutos"},"schema":{"@context":"https:\/\/schema.org","@graph":[{"@type":"Article","@id":"https:\/\/www.fundaciocatalunyacultura.cat\/es\/reunion-del-patronato-del-consejo-de-mecenazgo-y-del-grupo-de-trabajo-de-la-ley-de-mecenazgo-en-la-abadia-de-montserrat\/#article","isPartOf":{"@id":"https:\/\/www.fundaciocatalunyacultura.cat\/es\/reunion-del-patronato-del-consejo-de-mecenazgo-y-del-grupo-de-trabajo-de-la-ley-de-mecenazgo-en-la-abadia-de-montserrat\/"},"author":{"name":"fundacio","@id":"https:\/\/www.fundaciocatalunyacultura.cat\/es\/#\/schema\/person\/f30f60b8448aa2c1761a644f652a4744"},"headline":"Reuni\u00f3n del Patronato, del Consejo de Mecenazgo y del Grupo de Trabajo de la Ley de Mecenazgo en la Abad\u00eda de Montserrat","datePublished":"2023-06-22T10:02:57+00:00","dateModified":"2023-06-27T09:19:26+00:00","mainEntityOfPage":{"@id":"https:\/\/www.fundaciocatalunyacultura.cat\/es\/reunion-del-patronato-del-consejo-de-mecenazgo-y-del-grupo-de-trabajo-de-la-ley-de-mecenazgo-en-la-abadia-de-montserrat\/"},"wordCount":296,"publisher":{"@id":"https:\/\/www.fundaciocatalunyacultura.cat\/es\/#organization"},"articleSection":["Noticias"],"inLanguage":"es"},{"@type":"WebPage","@id":"https:\/\/www.fundaciocatalunyacultura.cat\/es\/reunion-del-patronato-del-consejo-de-mecenazgo-y-del-grupo-de-trabajo-de-la-ley-de-mecenazgo-en-la-abadia-de-montserrat\/","url":"https:\/\/www.fundaciocatalunyacultura.cat\/es\/reunion-del-patronato-del-consejo-de-mecenazgo-y-del-grupo-de-trabajo-de-la-ley-de-mecenazgo-en-la-abadia-de-montserrat\/","name":"Reuni\u00f3n del Patronato, del Consejo de Mecenazgo y del Grupo de Trabajo de la Ley de Mecenazgo en la Abad\u00eda de Montserrat | Fundaci\u00f3 Catalunya Cultura","isPartOf":{"@id":"https:\/\/www.fundaciocatalunyacultura.cat\/es\/#website"},"datePublished":"2023-06-22T10:02:57+00:00","dateModified":"2023-06-27T09:19:26+00:00","breadcrumb":{"@id":"https:\/\/www.fundaciocatalunyacultura.cat\/es\/reunion-del-patronato-del-consejo-de-mecenazgo-y-del-grupo-de-trabajo-de-la-ley-de-mecenazgo-en-la-abadia-de-montserrat\/#breadcrumb"},"inLanguage":"es","potentialAction":[{"@type":"ReadAction","target":["https:\/\/www.fundaciocatalunyacultura.cat\/es\/reunion-del-patronato-del-consejo-de-mecenazgo-y-del-grupo-de-trabajo-de-la-ley-de-mecenazgo-en-la-abadia-de-montserrat\/"]}]},{"@type":"BreadcrumbList","@id":"https:\/\/www.fundaciocatalunyacultura.cat\/es\/reunion-del-patronato-del-consejo-de-mecenazgo-y-del-grupo-de-trabajo-de-la-ley-de-mecenazgo-en-la-abadia-de-montserrat\/#breadcrumb","itemListElement":[{"@type":"ListItem","position":1,"name":"Inici","item":"https:\/\/www.fundaciocatalunyacultura.cat\/es\/"},{"@type":"ListItem","position":2,"name":"Reuni\u00f3n del Patronato, del Consejo de Mecenazgo y del Grupo de Trabajo de la Ley de Mecenazgo en la Abad\u00eda de Montserrat"}]},{"@type":"WebSite","@id":"https:\/\/www.fundaciocatalunyacultura.cat\/es\/#website","url":"https:\/\/www.fundaciocatalunyacultura.cat\/es\/","name":"Fundaci\u00f3 Catalunya Cultura","description":"","publisher":{"@id":"https:\/\/www.fundaciocatalunyacultura.cat\/es\/#organization"},"potentialAction":[{"@type":"SearchAction","target":{"@type":"EntryPoint","urlTemplate":"https:\/\/www.fundaciocatalunyacultura.cat\/es\/?s={search_term_string}"},"query-input":{"@type":"PropertyValueSpecification","valueRequired":true,"valueName":"search_term_string"}}],"inLanguage":"es"},{"@type":"Organization","@id":"https:\/\/www.fundaciocatalunyacultura.cat\/es\/#organization","name":"Fundaci\u00f3 Catalunya Cultura","url":"https:\/\/www.fundaciocatalunyacultura.cat\/es\/","logo":{"@type":"ImageObject","inLanguage":"es","@id":"https:\/\/www.fundaciocatalunyacultura.cat\/es\/#\/schema\/logo\/image\/","url":"https:\/\/hundreds-wordpress-uploads.s3.amazonaws.com\/fundacio-catalunya-cultura\/uploads\/2021\/03\/fcc_logo_blanc-scaled.jpeg","contentUrl":"https:\/\/hundreds-wordpress-uploads.s3.amazonaws.com\/fundacio-catalunya-cultura\/uploads\/2021\/03\/fcc_logo_blanc-scaled.jpeg","width":2560,"height":1785,"caption":"Fundaci\u00f3 Catalunya Cultura"},"image":{"@id":"https:\/\/www.fundaciocatalunyacultura.cat\/es\/#\/schema\/logo\/image\/"},"sameAs":["https:\/\/www.facebook.com\/fundaciocatalunyacultura\/","https:\/\/x.com\/fcatcultura","https:\/\/www.linkedin.com\/company\/fundaci\u00f3-catalunya-cultura\/","https:\/\/ca.wikipedia.org\/wiki\/Fundaci\u00f3_Catalunya_Cultura"]},{"@type":"Person","@id":"https:\/\/www.fundaciocatalunyacultura.cat\/es\/#\/schema\/person\/f30f60b8448aa2c1761a644f652a4744","name":"fundacio","image":{"@type":"ImageObject","inLanguage":"es","@id":"https:\/\/www.fundaciocatalunyacultura.cat\/es\/#\/schema\/person\/image\/","url":"https:\/\/secure.gravatar.com\/avatar\/fe57a3f139ea81c65a338e37a8064b4e80844f839737532820c9107eb9e1966f?s=96&d=mm&r=g","contentUrl":"https:\/\/secure.gravatar.com\/avatar\/fe57a3f139ea81c65a338e37a8064b4e80844f839737532820c9107eb9e1966f?s=96&d=mm&r=g","caption":"fundacio"},"url":"https:\/\/www.fundaciocatalunyacultura.cat\/es\/author\/fundacio\/"}]}},"_links":{"self":[{"href":"https:\/\/www.fundaciocatalunyacultura.cat\/es\/wp-json\/wp\/v2\/posts\/14170","targetHints":{"allow":["GET"]}}],"collection":[{"href":"https:\/\/www.fundaciocatalunyacultura.cat\/es\/wp-json\/wp\/v2\/posts"}],"about":[{"href":"https:\/\/www.fundaciocatalunyacultura.cat\/es\/wp-json\/wp\/v2\/types\/post"}],"author":[{"embeddable":true,"href":"https:\/\/www.fundaciocatalunyacultura.cat\/es\/wp-json\/wp\/v2\/users\/1"}],"replies":[{"embeddable":true,"href":"https:\/\/www.fundaciocatalunyacultura.cat\/es\/wp-json\/wp\/v2\/comments?post=14170"}],"version-history":[{"count":5,"href":"https:\/\/www.fundaciocatalunyacultura.cat\/es\/wp-json\/wp\/v2\/posts\/14170\/revisions"}],"predecessor-version":[{"id":14203,"href":"https:\/\/www.fundaciocatalunyacultura.cat\/es\/wp-json\/wp\/v2\/posts\/14170\/revisions\/14203"}],"wp:attachment":[{"href":"https:\/\/www.fundaciocatalunyacultura.cat\/es\/wp-json\/wp\/v2\/media?parent=14170"}],"wp:term":[{"taxonomy":"category","embeddable":true,"href":"https:\/\/www.fundaciocatalunyacultura.cat\/es\/wp-json\/wp\/v2\/categories?post=14170"}],"curies":[{"name":"wp","href":"https:\/\/api.w.org\/{rel}","templated":true}]}}