{"id":13630,"date":"2023-04-18T09:34:30","date_gmt":"2023-04-18T09:34:30","guid":{"rendered":"https:\/\/www.fundaciocatalunyacultura.cat\/?p=13630"},"modified":"2023-04-18T09:36:43","modified_gmt":"2023-04-18T09:36:43","slug":"abordamos-el-binomio-empresa-y-cultura-con-el-tejido-empresarial-de-sant-cugat-del-valles","status":"publish","type":"post","link":"https:\/\/www.fundaciocatalunyacultura.cat\/es\/abordamos-el-binomio-empresa-y-cultura-con-el-tejido-empresarial-de-sant-cugat-del-valles\/","title":{"rendered":"Abordamos el binomio empresa y cultura con el tejido empresarial de Sant Cugat del Vall\u00e8s"},"content":{"rendered":"<p><strong>\u00abNo hay proyecto cultural que no tenga un impacto social\u00bb<\/strong> ha destacado Eloi Planes, presidente ejecutivo de la Fundaci\u00f3n Catalunya Cultura y de Fluidra en el acto <strong>\u00abEmpresa y Cultura: un binomio de \u00e9xito\u00bb<\/strong> que ha tenido lugar esta ma\u00f1ana en la sede de <a href=\"https:\/\/moventia.es\/ca\">Moventia<\/a> en Sant Cugat del Vall\u00e8s y que hemos organizado junto con esta multinacional del sector de la movilidad y miembro del Patronato de la Fundaci\u00f3n, y <a href=\"https:\/\/santcugatempresarial.cat\/\">Sant Cugat Empresarial<\/a>. El encuentro, que ha reunido m\u00e1s de cincuenta representantes del tejido empresarial de esta ciudad vallesana, ha puesto de relieve que las alianzas estrat\u00e9gicas entre empresa y cultura son fundamentales para garantizar la sostenibilidad y generar riqueza para nuestra sociedad.<\/p>\n<p><strong>Eloi Planes<\/strong> ha reivindicado que las alianzas entre el sector empresarial y el cultural son necesarias y beneficiosas por ambas partes y ha explicado a los asistentes cu\u00e1l es el objetivo del <a href=\"https:\/\/www.fundaciocatalunyacultura.cat\/segell\/\">Sello IMPULSA CULTURA<\/a>, una certificaci\u00f3n que la Fundaci\u00f3n otorga conjuntamente con la C\u00e1tedra de Responsabilidad Social y Sostenibilidad de la Universitat de Girona: <strong>\u00abEl Sello intenta poner en valor y dar visibilidad a las empresas que apoyan a la cultura porque en el mundo empresarial nos cuesta mucho sacar pecho de lo que hacemos por la cultura\u00bb<\/strong> y ha a\u00f1adido: <strong>\u00abAl final, un proyecto empresarial y uno cultural no son tan diferentes, est\u00e1n muy ligados\u00bb.<\/strong> Planes tambi\u00e9n ha querido resaltar que <strong>\u00abAhora, el mundo tiene dos grandes retos: un medioambiental y otro centrado en combatir las desigualdades sociales y, en este \u00faltimo, la cultura es una gran palanca que nos puede ayudar a cohesionar la sociedad\u00bb<\/strong>.<\/p>\n<p>Por su parte, <strong>S\u00edlvia Mart\u00ed<\/strong>, vicepresidenta corporativa, Comunicaci\u00f3n Interna e institucional de Moventia ha manifestado: <strong>\u00abLas empresas no tenemos que ver el apoyo a la cultura como un gasto sino como una inversi\u00f3n. Un pa\u00eds que apuesta por la cultura es un pa\u00eds que atrae talento\u00bb<\/strong> y ha remarcado: <strong>\u00abTener el Sello nos convierte en embajadores y difusores de la cultura\u00bb<\/strong>. Conviene destacar que Moventia forma parte del Patronato de la Fundaci\u00f3n y que es una de las 17 empresas que cuentan con el Sello IMPULSA CULTURA como reconocimiento a su implicaci\u00f3n con el sector cultural.<\/p>\n<p>La vicepresidenta de Sant Cugat Empresarial, <strong>Concepci\u00f3 Curet<\/strong>, ha hecho \u00e9nfasis en que <strong>\u00abla cultura hace empresa y la empresa hace cultura y todos juntos hacemos econom\u00eda\u00bb<\/strong>.<\/p>\n<p>Durante el acto tambi\u00e9n se ha celebrado un di\u00e1logo entre S\u00edlvia Mart\u00ed i Xavier Garcia, socio de\u00a0Kreom\u00fasica, y responsable del \u00e1rea de Comunidad y Territorio de la Orquesta Sinf\u00f3nica del Vall\u00e8s durante 8 a\u00f1os. La conversaci\u00f3n ha sido moderada por el artista visual\u00a0Tatiana\u00a0Blanqu\u00e9.<\/p>\n","protected":false},"excerpt":{"rendered":"<p>\u00abNo hay proyecto cultural que no tenga un impacto social\u00bb ha destacado Eloi Planes, presidente ejecutivo de la Fundaci\u00f3n Catalunya Cultura y de Fluidra en el acto \u00abEmpresa y Cultura: un binomio de \u00e9xito\u00bb que ha tenido lugar esta ma\u00f1ana en la sede de Moventia en Sant Cugat del Vall\u00e8s y que hemos organizado junto [&hellip;]<\/p>\n","protected":false},"author":1,"featured_media":0,"comment_status":"closed","ping_status":"closed","sticky":false,"template":"","format":"standard","meta":{"_acf_changed":false,"footnotes":""},"categories":[44,2],"class_list":["post-13630","post","type-post","status-publish","format-standard","hentry","category-noticias","category-sin-categorizar"],"acf":[],"yoast_head":"<!-- This site is optimized with the Yoast SEO plugin v25.1 - https:\/\/yoast.com\/wordpress\/plugins\/seo\/ -->\n<title>Abordamos el binomio empresa y cultura con el tejido empresarial de Sant Cugat del Vall\u00e8s | Fundaci\u00f3 Catalunya Cultura<\/title>\n<meta name=\"robots\" content=\"index, follow, max-snippet:-1, max-image-preview:large, max-video-preview:-1\" \/>\n<link rel=\"canonical\" href=\"https:\/\/www.fundaciocatalunyacultura.cat\/es\/abordamos-el-binomio-empresa-y-cultura-con-el-tejido-empresarial-de-sant-cugat-del-valles\/\" \/>\n<meta property=\"og:locale\" content=\"es_ES\" \/>\n<meta property=\"og:type\" content=\"article\" \/>\n<meta property=\"og:title\" content=\"Abordamos el binomio empresa y cultura con el tejido empresarial de Sant Cugat del Vall\u00e8s | Fundaci\u00f3 Catalunya Cultura\" \/>\n<meta property=\"og:description\" content=\"\u00abNo hay proyecto cultural que no tenga un impacto social\u00bb ha destacado Eloi Planes, presidente ejecutivo de la Fundaci\u00f3n Catalunya Cultura y de Fluidra en el acto \u00abEmpresa y Cultura: un binomio de \u00e9xito\u00bb que ha tenido lugar esta ma\u00f1ana en la sede de Moventia en Sant Cugat del Vall\u00e8s y que hemos organizado junto [&hellip;]\" \/>\n<meta property=\"og:url\" content=\"https:\/\/www.fundaciocatalunyacultura.cat\/es\/abordamos-el-binomio-empresa-y-cultura-con-el-tejido-empresarial-de-sant-cugat-del-valles\/\" \/>\n<meta property=\"og:site_name\" content=\"Fundaci\u00f3 Catalunya Cultura\" \/>\n<meta property=\"article:publisher\" content=\"https:\/\/www.facebook.com\/fundaciocatalunyacultura\/\" \/>\n<meta property=\"article:published_time\" content=\"2023-04-18T09:34:30+00:00\" \/>\n<meta property=\"article:modified_time\" content=\"2023-04-18T09:36:43+00:00\" \/>\n<meta name=\"author\" content=\"fundacio\" \/>\n<meta name=\"twitter:card\" content=\"summary_large_image\" \/>\n<meta name=\"twitter:creator\" content=\"@fcatcultura\" \/>\n<meta name=\"twitter:site\" content=\"@fcatcultura\" \/>\n<meta name=\"twitter:label1\" content=\"Escrito por\" \/>\n\t<meta name=\"twitter:data1\" content=\"fundacio\" \/>\n\t<meta name=\"twitter:label2\" content=\"Tiempo de lectura\" \/>\n\t<meta name=\"twitter:data2\" content=\"3 minutos\" \/>\n<script type=\"application\/ld+json\" class=\"yoast-schema-graph\">{\"@context\":\"https:\/\/schema.org\",\"@graph\":[{\"@type\":\"Article\",\"@id\":\"https:\/\/www.fundaciocatalunyacultura.cat\/es\/abordamos-el-binomio-empresa-y-cultura-con-el-tejido-empresarial-de-sant-cugat-del-valles\/#article\",\"isPartOf\":{\"@id\":\"https:\/\/www.fundaciocatalunyacultura.cat\/es\/abordamos-el-binomio-empresa-y-cultura-con-el-tejido-empresarial-de-sant-cugat-del-valles\/\"},\"author\":{\"name\":\"fundacio\",\"@id\":\"https:\/\/www.fundaciocatalunyacultura.cat\/#\/schema\/person\/f30f60b8448aa2c1761a644f652a4744\"},\"headline\":\"Abordamos el binomio empresa y cultura con el tejido empresarial de Sant Cugat del Vall\u00e8s\",\"datePublished\":\"2023-04-18T09:34:30+00:00\",\"dateModified\":\"2023-04-18T09:36:43+00:00\",\"mainEntityOfPage\":{\"@id\":\"https:\/\/www.fundaciocatalunyacultura.cat\/es\/abordamos-el-binomio-empresa-y-cultura-con-el-tejido-empresarial-de-sant-cugat-del-valles\/\"},\"wordCount\":474,\"publisher\":{\"@id\":\"https:\/\/www.fundaciocatalunyacultura.cat\/#organization\"},\"articleSection\":[\"Noticias\",\"Sin categorizar\"],\"inLanguage\":\"es\"},{\"@type\":\"WebPage\",\"@id\":\"https:\/\/www.fundaciocatalunyacultura.cat\/es\/abordamos-el-binomio-empresa-y-cultura-con-el-tejido-empresarial-de-sant-cugat-del-valles\/\",\"url\":\"https:\/\/www.fundaciocatalunyacultura.cat\/es\/abordamos-el-binomio-empresa-y-cultura-con-el-tejido-empresarial-de-sant-cugat-del-valles\/\",\"name\":\"Abordamos el binomio empresa y cultura con el tejido empresarial de Sant Cugat del Vall\u00e8s | Fundaci\u00f3 Catalunya Cultura\",\"isPartOf\":{\"@id\":\"https:\/\/www.fundaciocatalunyacultura.cat\/#website\"},\"datePublished\":\"2023-04-18T09:34:30+00:00\",\"dateModified\":\"2023-04-18T09:36:43+00:00\",\"breadcrumb\":{\"@id\":\"https:\/\/www.fundaciocatalunyacultura.cat\/es\/abordamos-el-binomio-empresa-y-cultura-con-el-tejido-empresarial-de-sant-cugat-del-valles\/#breadcrumb\"},\"inLanguage\":\"es\",\"potentialAction\":[{\"@type\":\"ReadAction\",\"target\":[\"https:\/\/www.fundaciocatalunyacultura.cat\/es\/abordamos-el-binomio-empresa-y-cultura-con-el-tejido-empresarial-de-sant-cugat-del-valles\/\"]}]},{\"@type\":\"BreadcrumbList\",\"@id\":\"https:\/\/www.fundaciocatalunyacultura.cat\/es\/abordamos-el-binomio-empresa-y-cultura-con-el-tejido-empresarial-de-sant-cugat-del-valles\/#breadcrumb\",\"itemListElement\":[{\"@type\":\"ListItem\",\"position\":1,\"name\":\"Inici\",\"item\":\"https:\/\/www.fundaciocatalunyacultura.cat\/es\/\"},{\"@type\":\"ListItem\",\"position\":2,\"name\":\"Abordamos el binomio empresa y cultura con el tejido empresarial de Sant Cugat del Vall\u00e8s\"}]},{\"@type\":\"WebSite\",\"@id\":\"https:\/\/www.fundaciocatalunyacultura.cat\/#website\",\"url\":\"https:\/\/www.fundaciocatalunyacultura.cat\/\",\"name\":\"Fundaci\u00f3 Catalunya Cultura\",\"description\":\"\",\"publisher\":{\"@id\":\"https:\/\/www.fundaciocatalunyacultura.cat\/#organization\"},\"potentialAction\":[{\"@type\":\"SearchAction\",\"target\":{\"@type\":\"EntryPoint\",\"urlTemplate\":\"https:\/\/www.fundaciocatalunyacultura.cat\/?s={search_term_string}\"},\"query-input\":{\"@type\":\"PropertyValueSpecification\",\"valueRequired\":true,\"valueName\":\"search_term_string\"}}],\"inLanguage\":\"es\"},{\"@type\":\"Organization\",\"@id\":\"https:\/\/www.fundaciocatalunyacultura.cat\/#organization\",\"name\":\"Fundaci\u00f3 Catalunya Cultura\",\"url\":\"https:\/\/www.fundaciocatalunyacultura.cat\/\",\"logo\":{\"@type\":\"ImageObject\",\"inLanguage\":\"es\",\"@id\":\"https:\/\/www.fundaciocatalunyacultura.cat\/#\/schema\/logo\/image\/\",\"url\":\"https:\/\/hundreds-wordpress-uploads.s3.amazonaws.com\/fundacio-catalunya-cultura\/uploads\/2021\/03\/fcc_logo_blanc-scaled.jpeg\",\"contentUrl\":\"https:\/\/hundreds-wordpress-uploads.s3.amazonaws.com\/fundacio-catalunya-cultura\/uploads\/2021\/03\/fcc_logo_blanc-scaled.jpeg\",\"width\":2560,\"height\":1785,\"caption\":\"Fundaci\u00f3 Catalunya Cultura\"},\"image\":{\"@id\":\"https:\/\/www.fundaciocatalunyacultura.cat\/#\/schema\/logo\/image\/\"},\"sameAs\":[\"https:\/\/www.facebook.com\/fundaciocatalunyacultura\/\",\"https:\/\/x.com\/fcatcultura\",\"https:\/\/www.linkedin.com\/company\/fundaci\u00f3-catalunya-cultura\/\",\"https:\/\/ca.wikipedia.org\/wiki\/Fundaci\u00f3_Catalunya_Cultura\"]},{\"@type\":\"Person\",\"@id\":\"https:\/\/www.fundaciocatalunyacultura.cat\/#\/schema\/person\/f30f60b8448aa2c1761a644f652a4744\",\"name\":\"fundacio\",\"image\":{\"@type\":\"ImageObject\",\"inLanguage\":\"es\",\"@id\":\"https:\/\/www.fundaciocatalunyacultura.cat\/#\/schema\/person\/image\/\",\"url\":\"https:\/\/secure.gravatar.com\/avatar\/fe57a3f139ea81c65a338e37a8064b4e80844f839737532820c9107eb9e1966f?s=96&d=mm&r=g\",\"contentUrl\":\"https:\/\/secure.gravatar.com\/avatar\/fe57a3f139ea81c65a338e37a8064b4e80844f839737532820c9107eb9e1966f?s=96&d=mm&r=g\",\"caption\":\"fundacio\"},\"url\":\"https:\/\/www.fundaciocatalunyacultura.cat\/es\/author\/fundacio\/\"}]}<\/script>\n<!-- \/ Yoast SEO plugin. -->","yoast_head_json":{"title":"Abordamos el binomio empresa y cultura con el tejido empresarial de Sant Cugat del Vall\u00e8s | Fundaci\u00f3 Catalunya Cultura","robots":{"index":"index","follow":"follow","max-snippet":"max-snippet:-1","max-image-preview":"max-image-preview:large","max-video-preview":"max-video-preview:-1"},"canonical":"https:\/\/www.fundaciocatalunyacultura.cat\/es\/abordamos-el-binomio-empresa-y-cultura-con-el-tejido-empresarial-de-sant-cugat-del-valles\/","og_locale":"es_ES","og_type":"article","og_title":"Abordamos el binomio empresa y cultura con el tejido empresarial de Sant Cugat del Vall\u00e8s | Fundaci\u00f3 Catalunya Cultura","og_description":"\u00abNo hay proyecto cultural que no tenga un impacto social\u00bb ha destacado Eloi Planes, presidente ejecutivo de la Fundaci\u00f3n Catalunya Cultura y de Fluidra en el acto \u00abEmpresa y Cultura: un binomio de \u00e9xito\u00bb que ha tenido lugar esta ma\u00f1ana en la sede de Moventia en Sant Cugat del Vall\u00e8s y que hemos organizado junto [&hellip;]","og_url":"https:\/\/www.fundaciocatalunyacultura.cat\/es\/abordamos-el-binomio-empresa-y-cultura-con-el-tejido-empresarial-de-sant-cugat-del-valles\/","og_site_name":"Fundaci\u00f3 Catalunya Cultura","article_publisher":"https:\/\/www.facebook.com\/fundaciocatalunyacultura\/","article_published_time":"2023-04-18T09:34:30+00:00","article_modified_time":"2023-04-18T09:36:43+00:00","author":"fundacio","twitter_card":"summary_large_image","twitter_creator":"@fcatcultura","twitter_site":"@fcatcultura","twitter_misc":{"Escrito por":"fundacio","Tiempo de lectura":"3 minutos"},"schema":{"@context":"https:\/\/schema.org","@graph":[{"@type":"Article","@id":"https:\/\/www.fundaciocatalunyacultura.cat\/es\/abordamos-el-binomio-empresa-y-cultura-con-el-tejido-empresarial-de-sant-cugat-del-valles\/#article","isPartOf":{"@id":"https:\/\/www.fundaciocatalunyacultura.cat\/es\/abordamos-el-binomio-empresa-y-cultura-con-el-tejido-empresarial-de-sant-cugat-del-valles\/"},"author":{"name":"fundacio","@id":"https:\/\/www.fundaciocatalunyacultura.cat\/#\/schema\/person\/f30f60b8448aa2c1761a644f652a4744"},"headline":"Abordamos el binomio empresa y cultura con el tejido empresarial de Sant Cugat del Vall\u00e8s","datePublished":"2023-04-18T09:34:30+00:00","dateModified":"2023-04-18T09:36:43+00:00","mainEntityOfPage":{"@id":"https:\/\/www.fundaciocatalunyacultura.cat\/es\/abordamos-el-binomio-empresa-y-cultura-con-el-tejido-empresarial-de-sant-cugat-del-valles\/"},"wordCount":474,"publisher":{"@id":"https:\/\/www.fundaciocatalunyacultura.cat\/#organization"},"articleSection":["Noticias","Sin categorizar"],"inLanguage":"es"},{"@type":"WebPage","@id":"https:\/\/www.fundaciocatalunyacultura.cat\/es\/abordamos-el-binomio-empresa-y-cultura-con-el-tejido-empresarial-de-sant-cugat-del-valles\/","url":"https:\/\/www.fundaciocatalunyacultura.cat\/es\/abordamos-el-binomio-empresa-y-cultura-con-el-tejido-empresarial-de-sant-cugat-del-valles\/","name":"Abordamos el binomio empresa y cultura con el tejido empresarial de Sant Cugat del Vall\u00e8s | Fundaci\u00f3 Catalunya Cultura","isPartOf":{"@id":"https:\/\/www.fundaciocatalunyacultura.cat\/#website"},"datePublished":"2023-04-18T09:34:30+00:00","dateModified":"2023-04-18T09:36:43+00:00","breadcrumb":{"@id":"https:\/\/www.fundaciocatalunyacultura.cat\/es\/abordamos-el-binomio-empresa-y-cultura-con-el-tejido-empresarial-de-sant-cugat-del-valles\/#breadcrumb"},"inLanguage":"es","potentialAction":[{"@type":"ReadAction","target":["https:\/\/www.fundaciocatalunyacultura.cat\/es\/abordamos-el-binomio-empresa-y-cultura-con-el-tejido-empresarial-de-sant-cugat-del-valles\/"]}]},{"@type":"BreadcrumbList","@id":"https:\/\/www.fundaciocatalunyacultura.cat\/es\/abordamos-el-binomio-empresa-y-cultura-con-el-tejido-empresarial-de-sant-cugat-del-valles\/#breadcrumb","itemListElement":[{"@type":"ListItem","position":1,"name":"Inici","item":"https:\/\/www.fundaciocatalunyacultura.cat\/es\/"},{"@type":"ListItem","position":2,"name":"Abordamos el binomio empresa y cultura con el tejido empresarial de Sant Cugat del Vall\u00e8s"}]},{"@type":"WebSite","@id":"https:\/\/www.fundaciocatalunyacultura.cat\/#website","url":"https:\/\/www.fundaciocatalunyacultura.cat\/","name":"Fundaci\u00f3 Catalunya Cultura","description":"","publisher":{"@id":"https:\/\/www.fundaciocatalunyacultura.cat\/#organization"},"potentialAction":[{"@type":"SearchAction","target":{"@type":"EntryPoint","urlTemplate":"https:\/\/www.fundaciocatalunyacultura.cat\/?s={search_term_string}"},"query-input":{"@type":"PropertyValueSpecification","valueRequired":true,"valueName":"search_term_string"}}],"inLanguage":"es"},{"@type":"Organization","@id":"https:\/\/www.fundaciocatalunyacultura.cat\/#organization","name":"Fundaci\u00f3 Catalunya Cultura","url":"https:\/\/www.fundaciocatalunyacultura.cat\/","logo":{"@type":"ImageObject","inLanguage":"es","@id":"https:\/\/www.fundaciocatalunyacultura.cat\/#\/schema\/logo\/image\/","url":"https:\/\/hundreds-wordpress-uploads.s3.amazonaws.com\/fundacio-catalunya-cultura\/uploads\/2021\/03\/fcc_logo_blanc-scaled.jpeg","contentUrl":"https:\/\/hundreds-wordpress-uploads.s3.amazonaws.com\/fundacio-catalunya-cultura\/uploads\/2021\/03\/fcc_logo_blanc-scaled.jpeg","width":2560,"height":1785,"caption":"Fundaci\u00f3 Catalunya Cultura"},"image":{"@id":"https:\/\/www.fundaciocatalunyacultura.cat\/#\/schema\/logo\/image\/"},"sameAs":["https:\/\/www.facebook.com\/fundaciocatalunyacultura\/","https:\/\/x.com\/fcatcultura","https:\/\/www.linkedin.com\/company\/fundaci\u00f3-catalunya-cultura\/","https:\/\/ca.wikipedia.org\/wiki\/Fundaci\u00f3_Catalunya_Cultura"]},{"@type":"Person","@id":"https:\/\/www.fundaciocatalunyacultura.cat\/#\/schema\/person\/f30f60b8448aa2c1761a644f652a4744","name":"fundacio","image":{"@type":"ImageObject","inLanguage":"es","@id":"https:\/\/www.fundaciocatalunyacultura.cat\/#\/schema\/person\/image\/","url":"https:\/\/secure.gravatar.com\/avatar\/fe57a3f139ea81c65a338e37a8064b4e80844f839737532820c9107eb9e1966f?s=96&d=mm&r=g","contentUrl":"https:\/\/secure.gravatar.com\/avatar\/fe57a3f139ea81c65a338e37a8064b4e80844f839737532820c9107eb9e1966f?s=96&d=mm&r=g","caption":"fundacio"},"url":"https:\/\/www.fundaciocatalunyacultura.cat\/es\/author\/fundacio\/"}]}},"_links":{"self":[{"href":"https:\/\/www.fundaciocatalunyacultura.cat\/es\/wp-json\/wp\/v2\/posts\/13630","targetHints":{"allow":["GET"]}}],"collection":[{"href":"https:\/\/www.fundaciocatalunyacultura.cat\/es\/wp-json\/wp\/v2\/posts"}],"about":[{"href":"https:\/\/www.fundaciocatalunyacultura.cat\/es\/wp-json\/wp\/v2\/types\/post"}],"author":[{"embeddable":true,"href":"https:\/\/www.fundaciocatalunyacultura.cat\/es\/wp-json\/wp\/v2\/users\/1"}],"replies":[{"embeddable":true,"href":"https:\/\/www.fundaciocatalunyacultura.cat\/es\/wp-json\/wp\/v2\/comments?post=13630"}],"version-history":[{"count":2,"href":"https:\/\/www.fundaciocatalunyacultura.cat\/es\/wp-json\/wp\/v2\/posts\/13630\/revisions"}],"predecessor-version":[{"id":13632,"href":"https:\/\/www.fundaciocatalunyacultura.cat\/es\/wp-json\/wp\/v2\/posts\/13630\/revisions\/13632"}],"wp:attachment":[{"href":"https:\/\/www.fundaciocatalunyacultura.cat\/es\/wp-json\/wp\/v2\/media?parent=13630"}],"wp:term":[{"taxonomy":"category","embeddable":true,"href":"https:\/\/www.fundaciocatalunyacultura.cat\/es\/wp-json\/wp\/v2\/categories?post=13630"}],"curies":[{"name":"wp","href":"https:\/\/api.w.org\/{rel}","templated":true}]}}