{"id":13453,"date":"2023-03-14T13:10:58","date_gmt":"2023-03-14T13:10:58","guid":{"rendered":"https:\/\/www.fundaciocatalunyacultura.cat\/?p=13453"},"modified":"2023-03-14T18:32:09","modified_gmt":"2023-03-14T18:32:09","slug":"comienza-la-primera-fase-del-programa-impulsa-cultura-2023","status":"publish","type":"post","link":"https:\/\/www.fundaciocatalunyacultura.cat\/es\/comienza-la-primera-fase-del-programa-impulsa-cultura-2023\/","title":{"rendered":"Comienza la primera fase del Programa IMPULSA CULTURA 2023"},"content":{"rendered":"<p>La Antigua F\u00e1brica Estrella Damm ha acogido hoy el acto de apertura del <strong>Programa IMPULSA CULTURA 2023.<\/strong> Los 35 proyectos que participar\u00e1n en la edici\u00f3n de este a\u00f1o han asistido a la sesi\u00f3n formativa que ha tenido por t\u00edtulo \u201c<strong>Introducci\u00f3n en<em> entrepreneurship<\/em> para emprendedores<\/strong>\u201d y que ha ido a cargo de Bart Huisken, profesor de \u201dStrategy, Leadership &amp; Peoplea\u201d de EADA Business School. La formaci\u00f3n se ha centrado en estos tres aspectos:<\/p>\n<p>Desarrollo del \u201cBusiness\u00a0Modelo\u00a0Canvas\u201d\u00a0y claves para crecer y conseguir sostenibilidad.<br \/>\nEntrevistar\u00a0y\u00a0analizar tus\u00a0stakeholders.<br \/>\nC\u00f3mo convencer los \u201cstakeholders\u201d.<\/p>\n<p>El <strong>Programa IMPULSA CULTURA<\/strong> es un programa anual gratuito de formaci\u00f3n, mentor\u00eda y aceleraci\u00f3n que proporciona a los participantes recursos para ayudarlos a revisar, analizar y mejorar aspectos fundamentales de sus proyectos culturales. Todos los contenidos del Programa se dirigen a optimizar la gesti\u00f3n y sostenibilidad de las inciativas culturales participantes y se estructuran en cuatro fases que se alargar\u00e1n hasta el 30 de noviembre de este a\u00f1o.<\/p>\n<p>Los 10 proyectos finalistas optar\u00e1n a los <strong>Premios IMPULSA CULTURA<\/strong> y uno de ellos, seleccionado por un jurado de expertos, recibir\u00e1 el premio IMPULSA CULTURA 2023, dotado con 10.000 euros. El galard\u00f3n se entregar\u00e1 el pr\u00f3ximo 17 de octubre en la Noche de la Empresa y la Cultura.<\/p>\n","protected":false},"excerpt":{"rendered":"<p>La Antigua F\u00e1brica Estrella Damm ha acogido hoy el acto de apertura del Programa IMPULSA CULTURA 2023. Los 35 proyectos que participar\u00e1n en la edici\u00f3n de este a\u00f1o han asistido a la sesi\u00f3n formativa que ha tenido por t\u00edtulo \u201cIntroducci\u00f3n en entrepreneurship para emprendedores\u201d y que ha ido a cargo de Bart Huisken, profesor de [&hellip;]<\/p>\n","protected":false},"author":1,"featured_media":0,"comment_status":"closed","ping_status":"closed","sticky":false,"template":"","format":"standard","meta":{"_acf_changed":false,"footnotes":""},"categories":[44],"class_list":["post-13453","post","type-post","status-publish","format-standard","hentry","category-noticias"],"acf":[],"yoast_head":"<!-- This site is optimized with the Yoast SEO plugin v25.1 - https:\/\/yoast.com\/wordpress\/plugins\/seo\/ -->\n<title>Comienza la primera fase del Programa IMPULSA CULTURA 2023 | Fundaci\u00f3 Catalunya Cultura<\/title>\n<meta name=\"robots\" content=\"index, follow, max-snippet:-1, max-image-preview:large, max-video-preview:-1\" \/>\n<link rel=\"canonical\" href=\"https:\/\/www.fundaciocatalunyacultura.cat\/es\/comienza-la-primera-fase-del-programa-impulsa-cultura-2023\/\" \/>\n<meta property=\"og:locale\" content=\"es_ES\" \/>\n<meta property=\"og:type\" content=\"article\" \/>\n<meta property=\"og:title\" content=\"Comienza la primera fase del Programa IMPULSA CULTURA 2023 | Fundaci\u00f3 Catalunya Cultura\" \/>\n<meta property=\"og:description\" content=\"La Antigua F\u00e1brica Estrella Damm ha acogido hoy el acto de apertura del Programa IMPULSA CULTURA 2023. Los 35 proyectos que participar\u00e1n en la edici\u00f3n de este a\u00f1o han asistido a la sesi\u00f3n formativa que ha tenido por t\u00edtulo \u201cIntroducci\u00f3n en entrepreneurship para emprendedores\u201d y que ha ido a cargo de Bart Huisken, profesor de [&hellip;]\" \/>\n<meta property=\"og:url\" content=\"https:\/\/www.fundaciocatalunyacultura.cat\/es\/comienza-la-primera-fase-del-programa-impulsa-cultura-2023\/\" \/>\n<meta property=\"og:site_name\" content=\"Fundaci\u00f3 Catalunya Cultura\" \/>\n<meta property=\"article:publisher\" content=\"https:\/\/www.facebook.com\/fundaciocatalunyacultura\/\" \/>\n<meta property=\"article:published_time\" content=\"2023-03-14T13:10:58+00:00\" \/>\n<meta property=\"article:modified_time\" content=\"2023-03-14T18:32:09+00:00\" \/>\n<meta name=\"author\" content=\"fundacio\" \/>\n<meta name=\"twitter:card\" content=\"summary_large_image\" \/>\n<meta name=\"twitter:creator\" content=\"@fcatcultura\" \/>\n<meta name=\"twitter:site\" content=\"@fcatcultura\" \/>\n<meta name=\"twitter:label1\" content=\"Escrito por\" \/>\n\t<meta name=\"twitter:data1\" content=\"fundacio\" \/>\n\t<meta name=\"twitter:label2\" content=\"Tiempo de lectura\" \/>\n\t<meta name=\"twitter:data2\" content=\"2 minutos\" \/>\n<script type=\"application\/ld+json\" class=\"yoast-schema-graph\">{\"@context\":\"https:\/\/schema.org\",\"@graph\":[{\"@type\":\"Article\",\"@id\":\"https:\/\/www.fundaciocatalunyacultura.cat\/es\/comienza-la-primera-fase-del-programa-impulsa-cultura-2023\/#article\",\"isPartOf\":{\"@id\":\"https:\/\/www.fundaciocatalunyacultura.cat\/es\/comienza-la-primera-fase-del-programa-impulsa-cultura-2023\/\"},\"author\":{\"name\":\"fundacio\",\"@id\":\"https:\/\/www.fundaciocatalunyacultura.cat\/#\/schema\/person\/f30f60b8448aa2c1761a644f652a4744\"},\"headline\":\"Comienza la primera fase del Programa IMPULSA CULTURA 2023\",\"datePublished\":\"2023-03-14T13:10:58+00:00\",\"dateModified\":\"2023-03-14T18:32:09+00:00\",\"mainEntityOfPage\":{\"@id\":\"https:\/\/www.fundaciocatalunyacultura.cat\/es\/comienza-la-primera-fase-del-programa-impulsa-cultura-2023\/\"},\"wordCount\":228,\"publisher\":{\"@id\":\"https:\/\/www.fundaciocatalunyacultura.cat\/#organization\"},\"articleSection\":[\"Noticias\"],\"inLanguage\":\"es\"},{\"@type\":\"WebPage\",\"@id\":\"https:\/\/www.fundaciocatalunyacultura.cat\/es\/comienza-la-primera-fase-del-programa-impulsa-cultura-2023\/\",\"url\":\"https:\/\/www.fundaciocatalunyacultura.cat\/es\/comienza-la-primera-fase-del-programa-impulsa-cultura-2023\/\",\"name\":\"Comienza la primera fase del Programa IMPULSA CULTURA 2023 | Fundaci\u00f3 Catalunya Cultura\",\"isPartOf\":{\"@id\":\"https:\/\/www.fundaciocatalunyacultura.cat\/#website\"},\"datePublished\":\"2023-03-14T13:10:58+00:00\",\"dateModified\":\"2023-03-14T18:32:09+00:00\",\"breadcrumb\":{\"@id\":\"https:\/\/www.fundaciocatalunyacultura.cat\/es\/comienza-la-primera-fase-del-programa-impulsa-cultura-2023\/#breadcrumb\"},\"inLanguage\":\"es\",\"potentialAction\":[{\"@type\":\"ReadAction\",\"target\":[\"https:\/\/www.fundaciocatalunyacultura.cat\/es\/comienza-la-primera-fase-del-programa-impulsa-cultura-2023\/\"]}]},{\"@type\":\"BreadcrumbList\",\"@id\":\"https:\/\/www.fundaciocatalunyacultura.cat\/es\/comienza-la-primera-fase-del-programa-impulsa-cultura-2023\/#breadcrumb\",\"itemListElement\":[{\"@type\":\"ListItem\",\"position\":1,\"name\":\"Inici\",\"item\":\"https:\/\/www.fundaciocatalunyacultura.cat\/es\/\"},{\"@type\":\"ListItem\",\"position\":2,\"name\":\"Comienza la primera fase del Programa IMPULSA CULTURA 2023\"}]},{\"@type\":\"WebSite\",\"@id\":\"https:\/\/www.fundaciocatalunyacultura.cat\/#website\",\"url\":\"https:\/\/www.fundaciocatalunyacultura.cat\/\",\"name\":\"Fundaci\u00f3 Catalunya Cultura\",\"description\":\"\",\"publisher\":{\"@id\":\"https:\/\/www.fundaciocatalunyacultura.cat\/#organization\"},\"potentialAction\":[{\"@type\":\"SearchAction\",\"target\":{\"@type\":\"EntryPoint\",\"urlTemplate\":\"https:\/\/www.fundaciocatalunyacultura.cat\/?s={search_term_string}\"},\"query-input\":{\"@type\":\"PropertyValueSpecification\",\"valueRequired\":true,\"valueName\":\"search_term_string\"}}],\"inLanguage\":\"es\"},{\"@type\":\"Organization\",\"@id\":\"https:\/\/www.fundaciocatalunyacultura.cat\/#organization\",\"name\":\"Fundaci\u00f3 Catalunya Cultura\",\"url\":\"https:\/\/www.fundaciocatalunyacultura.cat\/\",\"logo\":{\"@type\":\"ImageObject\",\"inLanguage\":\"es\",\"@id\":\"https:\/\/www.fundaciocatalunyacultura.cat\/#\/schema\/logo\/image\/\",\"url\":\"https:\/\/hundreds-wordpress-uploads.s3.amazonaws.com\/fundacio-catalunya-cultura\/uploads\/2021\/03\/fcc_logo_blanc-scaled.jpeg\",\"contentUrl\":\"https:\/\/hundreds-wordpress-uploads.s3.amazonaws.com\/fundacio-catalunya-cultura\/uploads\/2021\/03\/fcc_logo_blanc-scaled.jpeg\",\"width\":2560,\"height\":1785,\"caption\":\"Fundaci\u00f3 Catalunya Cultura\"},\"image\":{\"@id\":\"https:\/\/www.fundaciocatalunyacultura.cat\/#\/schema\/logo\/image\/\"},\"sameAs\":[\"https:\/\/www.facebook.com\/fundaciocatalunyacultura\/\",\"https:\/\/x.com\/fcatcultura\",\"https:\/\/www.linkedin.com\/company\/fundaci\u00f3-catalunya-cultura\/\",\"https:\/\/ca.wikipedia.org\/wiki\/Fundaci\u00f3_Catalunya_Cultura\"]},{\"@type\":\"Person\",\"@id\":\"https:\/\/www.fundaciocatalunyacultura.cat\/#\/schema\/person\/f30f60b8448aa2c1761a644f652a4744\",\"name\":\"fundacio\",\"image\":{\"@type\":\"ImageObject\",\"inLanguage\":\"es\",\"@id\":\"https:\/\/www.fundaciocatalunyacultura.cat\/#\/schema\/person\/image\/\",\"url\":\"https:\/\/secure.gravatar.com\/avatar\/fe57a3f139ea81c65a338e37a8064b4e80844f839737532820c9107eb9e1966f?s=96&d=mm&r=g\",\"contentUrl\":\"https:\/\/secure.gravatar.com\/avatar\/fe57a3f139ea81c65a338e37a8064b4e80844f839737532820c9107eb9e1966f?s=96&d=mm&r=g\",\"caption\":\"fundacio\"},\"url\":\"https:\/\/www.fundaciocatalunyacultura.cat\/es\/author\/fundacio\/\"}]}<\/script>\n<!-- \/ Yoast SEO plugin. -->","yoast_head_json":{"title":"Comienza la primera fase del Programa IMPULSA CULTURA 2023 | Fundaci\u00f3 Catalunya Cultura","robots":{"index":"index","follow":"follow","max-snippet":"max-snippet:-1","max-image-preview":"max-image-preview:large","max-video-preview":"max-video-preview:-1"},"canonical":"https:\/\/www.fundaciocatalunyacultura.cat\/es\/comienza-la-primera-fase-del-programa-impulsa-cultura-2023\/","og_locale":"es_ES","og_type":"article","og_title":"Comienza la primera fase del Programa IMPULSA CULTURA 2023 | Fundaci\u00f3 Catalunya Cultura","og_description":"La Antigua F\u00e1brica Estrella Damm ha acogido hoy el acto de apertura del Programa IMPULSA CULTURA 2023. Los 35 proyectos que participar\u00e1n en la edici\u00f3n de este a\u00f1o han asistido a la sesi\u00f3n formativa que ha tenido por t\u00edtulo \u201cIntroducci\u00f3n en entrepreneurship para emprendedores\u201d y que ha ido a cargo de Bart Huisken, profesor de [&hellip;]","og_url":"https:\/\/www.fundaciocatalunyacultura.cat\/es\/comienza-la-primera-fase-del-programa-impulsa-cultura-2023\/","og_site_name":"Fundaci\u00f3 Catalunya Cultura","article_publisher":"https:\/\/www.facebook.com\/fundaciocatalunyacultura\/","article_published_time":"2023-03-14T13:10:58+00:00","article_modified_time":"2023-03-14T18:32:09+00:00","author":"fundacio","twitter_card":"summary_large_image","twitter_creator":"@fcatcultura","twitter_site":"@fcatcultura","twitter_misc":{"Escrito por":"fundacio","Tiempo de lectura":"2 minutos"},"schema":{"@context":"https:\/\/schema.org","@graph":[{"@type":"Article","@id":"https:\/\/www.fundaciocatalunyacultura.cat\/es\/comienza-la-primera-fase-del-programa-impulsa-cultura-2023\/#article","isPartOf":{"@id":"https:\/\/www.fundaciocatalunyacultura.cat\/es\/comienza-la-primera-fase-del-programa-impulsa-cultura-2023\/"},"author":{"name":"fundacio","@id":"https:\/\/www.fundaciocatalunyacultura.cat\/#\/schema\/person\/f30f60b8448aa2c1761a644f652a4744"},"headline":"Comienza la primera fase del Programa IMPULSA CULTURA 2023","datePublished":"2023-03-14T13:10:58+00:00","dateModified":"2023-03-14T18:32:09+00:00","mainEntityOfPage":{"@id":"https:\/\/www.fundaciocatalunyacultura.cat\/es\/comienza-la-primera-fase-del-programa-impulsa-cultura-2023\/"},"wordCount":228,"publisher":{"@id":"https:\/\/www.fundaciocatalunyacultura.cat\/#organization"},"articleSection":["Noticias"],"inLanguage":"es"},{"@type":"WebPage","@id":"https:\/\/www.fundaciocatalunyacultura.cat\/es\/comienza-la-primera-fase-del-programa-impulsa-cultura-2023\/","url":"https:\/\/www.fundaciocatalunyacultura.cat\/es\/comienza-la-primera-fase-del-programa-impulsa-cultura-2023\/","name":"Comienza la primera fase del Programa IMPULSA CULTURA 2023 | Fundaci\u00f3 Catalunya Cultura","isPartOf":{"@id":"https:\/\/www.fundaciocatalunyacultura.cat\/#website"},"datePublished":"2023-03-14T13:10:58+00:00","dateModified":"2023-03-14T18:32:09+00:00","breadcrumb":{"@id":"https:\/\/www.fundaciocatalunyacultura.cat\/es\/comienza-la-primera-fase-del-programa-impulsa-cultura-2023\/#breadcrumb"},"inLanguage":"es","potentialAction":[{"@type":"ReadAction","target":["https:\/\/www.fundaciocatalunyacultura.cat\/es\/comienza-la-primera-fase-del-programa-impulsa-cultura-2023\/"]}]},{"@type":"BreadcrumbList","@id":"https:\/\/www.fundaciocatalunyacultura.cat\/es\/comienza-la-primera-fase-del-programa-impulsa-cultura-2023\/#breadcrumb","itemListElement":[{"@type":"ListItem","position":1,"name":"Inici","item":"https:\/\/www.fundaciocatalunyacultura.cat\/es\/"},{"@type":"ListItem","position":2,"name":"Comienza la primera fase del Programa IMPULSA CULTURA 2023"}]},{"@type":"WebSite","@id":"https:\/\/www.fundaciocatalunyacultura.cat\/#website","url":"https:\/\/www.fundaciocatalunyacultura.cat\/","name":"Fundaci\u00f3 Catalunya Cultura","description":"","publisher":{"@id":"https:\/\/www.fundaciocatalunyacultura.cat\/#organization"},"potentialAction":[{"@type":"SearchAction","target":{"@type":"EntryPoint","urlTemplate":"https:\/\/www.fundaciocatalunyacultura.cat\/?s={search_term_string}"},"query-input":{"@type":"PropertyValueSpecification","valueRequired":true,"valueName":"search_term_string"}}],"inLanguage":"es"},{"@type":"Organization","@id":"https:\/\/www.fundaciocatalunyacultura.cat\/#organization","name":"Fundaci\u00f3 Catalunya Cultura","url":"https:\/\/www.fundaciocatalunyacultura.cat\/","logo":{"@type":"ImageObject","inLanguage":"es","@id":"https:\/\/www.fundaciocatalunyacultura.cat\/#\/schema\/logo\/image\/","url":"https:\/\/hundreds-wordpress-uploads.s3.amazonaws.com\/fundacio-catalunya-cultura\/uploads\/2021\/03\/fcc_logo_blanc-scaled.jpeg","contentUrl":"https:\/\/hundreds-wordpress-uploads.s3.amazonaws.com\/fundacio-catalunya-cultura\/uploads\/2021\/03\/fcc_logo_blanc-scaled.jpeg","width":2560,"height":1785,"caption":"Fundaci\u00f3 Catalunya Cultura"},"image":{"@id":"https:\/\/www.fundaciocatalunyacultura.cat\/#\/schema\/logo\/image\/"},"sameAs":["https:\/\/www.facebook.com\/fundaciocatalunyacultura\/","https:\/\/x.com\/fcatcultura","https:\/\/www.linkedin.com\/company\/fundaci\u00f3-catalunya-cultura\/","https:\/\/ca.wikipedia.org\/wiki\/Fundaci\u00f3_Catalunya_Cultura"]},{"@type":"Person","@id":"https:\/\/www.fundaciocatalunyacultura.cat\/#\/schema\/person\/f30f60b8448aa2c1761a644f652a4744","name":"fundacio","image":{"@type":"ImageObject","inLanguage":"es","@id":"https:\/\/www.fundaciocatalunyacultura.cat\/#\/schema\/person\/image\/","url":"https:\/\/secure.gravatar.com\/avatar\/fe57a3f139ea81c65a338e37a8064b4e80844f839737532820c9107eb9e1966f?s=96&d=mm&r=g","contentUrl":"https:\/\/secure.gravatar.com\/avatar\/fe57a3f139ea81c65a338e37a8064b4e80844f839737532820c9107eb9e1966f?s=96&d=mm&r=g","caption":"fundacio"},"url":"https:\/\/www.fundaciocatalunyacultura.cat\/es\/author\/fundacio\/"}]}},"_links":{"self":[{"href":"https:\/\/www.fundaciocatalunyacultura.cat\/es\/wp-json\/wp\/v2\/posts\/13453","targetHints":{"allow":["GET"]}}],"collection":[{"href":"https:\/\/www.fundaciocatalunyacultura.cat\/es\/wp-json\/wp\/v2\/posts"}],"about":[{"href":"https:\/\/www.fundaciocatalunyacultura.cat\/es\/wp-json\/wp\/v2\/types\/post"}],"author":[{"embeddable":true,"href":"https:\/\/www.fundaciocatalunyacultura.cat\/es\/wp-json\/wp\/v2\/users\/1"}],"replies":[{"embeddable":true,"href":"https:\/\/www.fundaciocatalunyacultura.cat\/es\/wp-json\/wp\/v2\/comments?post=13453"}],"version-history":[{"count":6,"href":"https:\/\/www.fundaciocatalunyacultura.cat\/es\/wp-json\/wp\/v2\/posts\/13453\/revisions"}],"predecessor-version":[{"id":13469,"href":"https:\/\/www.fundaciocatalunyacultura.cat\/es\/wp-json\/wp\/v2\/posts\/13453\/revisions\/13469"}],"wp:attachment":[{"href":"https:\/\/www.fundaciocatalunyacultura.cat\/es\/wp-json\/wp\/v2\/media?parent=13453"}],"wp:term":[{"taxonomy":"category","embeddable":true,"href":"https:\/\/www.fundaciocatalunyacultura.cat\/es\/wp-json\/wp\/v2\/categories?post=13453"}],"curies":[{"name":"wp","href":"https:\/\/api.w.org\/{rel}","templated":true}]}}