{"id":12115,"date":"2022-11-30T10:26:20","date_gmt":"2022-11-30T10:26:20","guid":{"rendered":"https:\/\/www.fundaciocatalunyacultura.cat\/?p=12115"},"modified":"2022-11-30T10:56:14","modified_gmt":"2022-11-30T10:56:14","slug":"el-diari-ara-la-vanguardia-y-el-periodico-se-hacen-eco-de-la-reforma-de-la-ley-de-mecenazgo-y-recogen-declaraciones-de-maite-esteve","status":"publish","type":"post","link":"https:\/\/www.fundaciocatalunyacultura.cat\/es\/el-diari-ara-la-vanguardia-y-el-periodico-se-hacen-eco-de-la-reforma-de-la-ley-de-mecenazgo-y-recogen-declaraciones-de-maite-esteve\/","title":{"rendered":"El diari Ara, La Vanguardia y El Peri\u00f3dico se hacen eco de la reforma de la Ley de Mecenazgo y recogen declaraciones de Maite Esteve"},"content":{"rendered":"<p>Varios medios de comunicaci\u00f3n han publicado en los \u00faltimos d\u00edas informaciones que recogen declaraciones de la directora de la Fundaci\u00f3n, <strong>Maite Esteve<\/strong>, sobre la reforma de la <strong>Ley de Mecenazgo<\/strong>, que actualmente se debate en el Congreso de los Diputados. Esteve ha mantenido entrevistas con el <em>Ara<\/em>, La <em>Vanguardia<\/em> y <em>El Peri\u00f3dico<\/em> para explicar, entre otras cuestiones, por qu\u00e9 es urgente la modificaci\u00f3n de la normativa, qu\u00e9 mejoras supondr\u00e1 respecto a la actual ley a la hora de promover la inversi\u00f3n privada en iniciativas de inter\u00e9s general y cu\u00e1l es el marco hist\u00f3rico de la evoluci\u00f3n de la legislaci\u00f3n vigente.<\/p>\n<p>Hay que destacar que un total de<strong> 182 entidades<\/strong> de diferentes \u00e1mbitos integran la <a href=\"https:\/\/www.fundaciocatalunyacultura.cat\/es\/ley-del-mecenazgo\/\"><strong>Plataforma por el Mecenazgo<\/strong><\/a> que la Fundaci\u00f3n lidera y que tiene la finalidad de conseguir la reforma de la mencionada Ley.<\/p>\n<p><strong><br \/>\n\u00bfQu\u00e9 han dicho los medios?<\/strong><\/p>\n<p><strong><em>El Peri\u00f3dico<\/em>.\u00a0<\/strong><strong>27, 28 i 29 de noviembre<\/strong><\/p>\n<ul>\n<li>Art\u00edculo de opini\u00f3n de Albert\u00a0 S\u00e1ez, director del diario: <a href=\"https:\/\/www.elperiodico.com\/es\/opinion\/20221129\/espana-tercera-division-mecenazgo-79253718\">\u00abEspa\u00f1a, en la tercera divisi\u00f3n del mecenazgo\u00bb<\/a><\/li>\n<li>Portada del diario: <a href=\"https:\/\/www.elperiodico.cat\/ca\/societat\/20221127\/portada-periodico-28-novembre-2022-79210491\">\u00abEspa\u00f1a se sit\u00faa a la cola de Europa en mecenazgo\u00bb<\/a><\/li>\n<li>Editorial: \u00ab<a href=\"https:\/\/www.elperiodico.com\/es\/opinion\/20221128\/regulacion-mecenazgo-editorial-79216700\">La regulaci\u00f3n del mecenazgo\u00bb<\/a><\/li>\n<li>Tema del d\u00eda: \u00ab<a href=\"https:\/\/www.elperiodico.com\/es\/ocio-y-cultura\/20221127\/reforma-ley-mecenazgo-congreso-diputados-deducciones-fiscales-79118154\">Espa\u00f1a es un pa\u00eds de tercera divisi\u00f3n en filantrop\u00eda\u00bb<\/a><\/li>\n<li>Entrevista a Rafael Tous: <a href=\"https:\/\/www.elperiodico.com\/es\/ocio-y-cultura\/20221127\/mecenazgo-rafael-tous-donacion-arte-ayuntamiento-barcelona-macba-79178091\">\u00abNo pienso pagar por haber donado una colecci\u00f3n de arte\u00bb<\/a><\/li>\n<li><a href=\"https:\/\/www.elperiodico.com\/es\/ocio-y-cultura\/20221127\/mecenazgo-revoluciona-cultura-francia-79105465\">\u00abEl mecenazgo revoluciona la cultura en Francia\u00bb<\/a><\/li>\n<li>\u00ab<a href=\"https:\/\/www.elperiodico.com\/es\/ocio-y-cultura\/20221127\/financian-museos-ingleses-caza-mecenas-79124655\">C\u00f3mo se financian los museos ingleses? A la caza del mecenas coleccionista\u00bb<\/a><\/li>\n<li><a href=\"https:\/\/www.elperiodico.com\/es\/opinion\/20221127\/mejor-mecenazgo-articulo-jordi-alberich-79201607\">Art\u00edculo de opini\u00f3n de Jordi Alberich: \u00abUn mejor mecenazgo\u00bb<\/a><\/li>\n<\/ul>\n<p><em><strong>La Vanguardia. 25 de noviembre<\/strong><\/em><\/p>\n<ul>\n<li><a href=\"https:\/\/www.lavanguardia.com\/cultura\/20221125\/8621145\/incierto-futuro-mecenas-ley-mecenazgo.html\">\u00abEl incierto futuro de los mecenas\u00bb<\/a><\/li>\n<\/ul>\n<p><em><strong>Diari Ara. 24 de noviembre<\/strong><\/em><\/p>\n<ul>\n<li><a href=\"https:\/\/www.ara.cat\/cultura\/s-obre-porta-reforma-llei-mecenatge_1_4556390.html\">Se abre la puerta a la reforma de la Ley de mecenazgo<\/a><\/li>\n<\/ul>\n","protected":false},"excerpt":{"rendered":"<p>Varios medios de comunicaci\u00f3n han publicado en los \u00faltimos d\u00edas informaciones que recogen declaraciones de la directora de la Fundaci\u00f3n, Maite Esteve, sobre la reforma de la Ley de Mecenazgo, que actualmente se debate en el Congreso de los Diputados. Esteve ha mantenido entrevistas con el Ara, La Vanguardia y El Peri\u00f3dico para explicar, entre [&hellip;]<\/p>\n","protected":false},"author":1,"featured_media":0,"comment_status":"closed","ping_status":"closed","sticky":false,"template":"","format":"standard","meta":{"_acf_changed":false,"footnotes":""},"categories":[44],"class_list":["post-12115","post","type-post","status-publish","format-standard","hentry","category-noticias"],"acf":[],"yoast_head":"<!-- This site is optimized with the Yoast SEO plugin v25.1 - https:\/\/yoast.com\/wordpress\/plugins\/seo\/ -->\n<title>El diari Ara, La Vanguardia y El Peri\u00f3dico se hacen eco de la reforma de la Ley de Mecenazgo y recogen declaraciones de Maite Esteve | Fundaci\u00f3 Catalunya Cultura<\/title>\n<meta name=\"robots\" content=\"index, follow, max-snippet:-1, max-image-preview:large, max-video-preview:-1\" \/>\n<link rel=\"canonical\" href=\"https:\/\/www.fundaciocatalunyacultura.cat\/es\/el-diari-ara-la-vanguardia-y-el-periodico-se-hacen-eco-de-la-reforma-de-la-ley-de-mecenazgo-y-recogen-declaraciones-de-maite-esteve\/\" \/>\n<meta property=\"og:locale\" content=\"es_ES\" \/>\n<meta property=\"og:type\" content=\"article\" \/>\n<meta property=\"og:title\" content=\"El diari Ara, La Vanguardia y El Peri\u00f3dico se hacen eco de la reforma de la Ley de Mecenazgo y recogen declaraciones de Maite Esteve | Fundaci\u00f3 Catalunya Cultura\" \/>\n<meta property=\"og:description\" content=\"Varios medios de comunicaci\u00f3n han publicado en los \u00faltimos d\u00edas informaciones que recogen declaraciones de la directora de la Fundaci\u00f3n, Maite Esteve, sobre la reforma de la Ley de Mecenazgo, que actualmente se debate en el Congreso de los Diputados. Esteve ha mantenido entrevistas con el Ara, La Vanguardia y El Peri\u00f3dico para explicar, entre [&hellip;]\" \/>\n<meta property=\"og:url\" content=\"https:\/\/www.fundaciocatalunyacultura.cat\/es\/el-diari-ara-la-vanguardia-y-el-periodico-se-hacen-eco-de-la-reforma-de-la-ley-de-mecenazgo-y-recogen-declaraciones-de-maite-esteve\/\" \/>\n<meta property=\"og:site_name\" content=\"Fundaci\u00f3 Catalunya Cultura\" \/>\n<meta property=\"article:publisher\" content=\"https:\/\/www.facebook.com\/fundaciocatalunyacultura\/\" \/>\n<meta property=\"article:published_time\" content=\"2022-11-30T10:26:20+00:00\" \/>\n<meta property=\"article:modified_time\" content=\"2022-11-30T10:56:14+00:00\" \/>\n<meta name=\"author\" content=\"fundacio\" \/>\n<meta name=\"twitter:card\" content=\"summary_large_image\" \/>\n<meta name=\"twitter:creator\" content=\"@fcatcultura\" \/>\n<meta name=\"twitter:site\" content=\"@fcatcultura\" \/>\n<meta name=\"twitter:label1\" content=\"Escrito por\" \/>\n\t<meta name=\"twitter:data1\" content=\"fundacio\" \/>\n\t<meta name=\"twitter:label2\" content=\"Tiempo de lectura\" \/>\n\t<meta name=\"twitter:data2\" content=\"2 minutos\" \/>\n<script type=\"application\/ld+json\" class=\"yoast-schema-graph\">{\"@context\":\"https:\/\/schema.org\",\"@graph\":[{\"@type\":\"Article\",\"@id\":\"https:\/\/www.fundaciocatalunyacultura.cat\/es\/el-diari-ara-la-vanguardia-y-el-periodico-se-hacen-eco-de-la-reforma-de-la-ley-de-mecenazgo-y-recogen-declaraciones-de-maite-esteve\/#article\",\"isPartOf\":{\"@id\":\"https:\/\/www.fundaciocatalunyacultura.cat\/es\/el-diari-ara-la-vanguardia-y-el-periodico-se-hacen-eco-de-la-reforma-de-la-ley-de-mecenazgo-y-recogen-declaraciones-de-maite-esteve\/\"},\"author\":{\"name\":\"fundacio\",\"@id\":\"https:\/\/www.fundaciocatalunyacultura.cat\/#\/schema\/person\/f30f60b8448aa2c1761a644f652a4744\"},\"headline\":\"El diari Ara, La Vanguardia y El Peri\u00f3dico se hacen eco de la reforma de la Ley de Mecenazgo y recogen declaraciones de Maite Esteve\",\"datePublished\":\"2022-11-30T10:26:20+00:00\",\"dateModified\":\"2022-11-30T10:56:14+00:00\",\"mainEntityOfPage\":{\"@id\":\"https:\/\/www.fundaciocatalunyacultura.cat\/es\/el-diari-ara-la-vanguardia-y-el-periodico-se-hacen-eco-de-la-reforma-de-la-ley-de-mecenazgo-y-recogen-declaraciones-de-maite-esteve\/\"},\"wordCount\":314,\"publisher\":{\"@id\":\"https:\/\/www.fundaciocatalunyacultura.cat\/#organization\"},\"articleSection\":[\"Noticias\"],\"inLanguage\":\"es\"},{\"@type\":\"WebPage\",\"@id\":\"https:\/\/www.fundaciocatalunyacultura.cat\/es\/el-diari-ara-la-vanguardia-y-el-periodico-se-hacen-eco-de-la-reforma-de-la-ley-de-mecenazgo-y-recogen-declaraciones-de-maite-esteve\/\",\"url\":\"https:\/\/www.fundaciocatalunyacultura.cat\/es\/el-diari-ara-la-vanguardia-y-el-periodico-se-hacen-eco-de-la-reforma-de-la-ley-de-mecenazgo-y-recogen-declaraciones-de-maite-esteve\/\",\"name\":\"El diari Ara, La Vanguardia y El Peri\u00f3dico se hacen eco de la reforma de la Ley de Mecenazgo y recogen declaraciones de Maite Esteve | Fundaci\u00f3 Catalunya Cultura\",\"isPartOf\":{\"@id\":\"https:\/\/www.fundaciocatalunyacultura.cat\/#website\"},\"datePublished\":\"2022-11-30T10:26:20+00:00\",\"dateModified\":\"2022-11-30T10:56:14+00:00\",\"breadcrumb\":{\"@id\":\"https:\/\/www.fundaciocatalunyacultura.cat\/es\/el-diari-ara-la-vanguardia-y-el-periodico-se-hacen-eco-de-la-reforma-de-la-ley-de-mecenazgo-y-recogen-declaraciones-de-maite-esteve\/#breadcrumb\"},\"inLanguage\":\"es\",\"potentialAction\":[{\"@type\":\"ReadAction\",\"target\":[\"https:\/\/www.fundaciocatalunyacultura.cat\/es\/el-diari-ara-la-vanguardia-y-el-periodico-se-hacen-eco-de-la-reforma-de-la-ley-de-mecenazgo-y-recogen-declaraciones-de-maite-esteve\/\"]}]},{\"@type\":\"BreadcrumbList\",\"@id\":\"https:\/\/www.fundaciocatalunyacultura.cat\/es\/el-diari-ara-la-vanguardia-y-el-periodico-se-hacen-eco-de-la-reforma-de-la-ley-de-mecenazgo-y-recogen-declaraciones-de-maite-esteve\/#breadcrumb\",\"itemListElement\":[{\"@type\":\"ListItem\",\"position\":1,\"name\":\"Inici\",\"item\":\"https:\/\/www.fundaciocatalunyacultura.cat\/es\/\"},{\"@type\":\"ListItem\",\"position\":2,\"name\":\"El diari Ara, La Vanguardia y El Peri\u00f3dico se hacen eco de la reforma de la Ley de Mecenazgo y recogen declaraciones de Maite Esteve\"}]},{\"@type\":\"WebSite\",\"@id\":\"https:\/\/www.fundaciocatalunyacultura.cat\/#website\",\"url\":\"https:\/\/www.fundaciocatalunyacultura.cat\/\",\"name\":\"Fundaci\u00f3 Catalunya Cultura\",\"description\":\"\",\"publisher\":{\"@id\":\"https:\/\/www.fundaciocatalunyacultura.cat\/#organization\"},\"potentialAction\":[{\"@type\":\"SearchAction\",\"target\":{\"@type\":\"EntryPoint\",\"urlTemplate\":\"https:\/\/www.fundaciocatalunyacultura.cat\/?s={search_term_string}\"},\"query-input\":{\"@type\":\"PropertyValueSpecification\",\"valueRequired\":true,\"valueName\":\"search_term_string\"}}],\"inLanguage\":\"es\"},{\"@type\":\"Organization\",\"@id\":\"https:\/\/www.fundaciocatalunyacultura.cat\/#organization\",\"name\":\"Fundaci\u00f3 Catalunya Cultura\",\"url\":\"https:\/\/www.fundaciocatalunyacultura.cat\/\",\"logo\":{\"@type\":\"ImageObject\",\"inLanguage\":\"es\",\"@id\":\"https:\/\/www.fundaciocatalunyacultura.cat\/#\/schema\/logo\/image\/\",\"url\":\"https:\/\/hundreds-wordpress-uploads.s3.amazonaws.com\/fundacio-catalunya-cultura\/uploads\/2021\/03\/fcc_logo_blanc-scaled.jpeg\",\"contentUrl\":\"https:\/\/hundreds-wordpress-uploads.s3.amazonaws.com\/fundacio-catalunya-cultura\/uploads\/2021\/03\/fcc_logo_blanc-scaled.jpeg\",\"width\":2560,\"height\":1785,\"caption\":\"Fundaci\u00f3 Catalunya Cultura\"},\"image\":{\"@id\":\"https:\/\/www.fundaciocatalunyacultura.cat\/#\/schema\/logo\/image\/\"},\"sameAs\":[\"https:\/\/www.facebook.com\/fundaciocatalunyacultura\/\",\"https:\/\/x.com\/fcatcultura\",\"https:\/\/www.linkedin.com\/company\/fundaci\u00f3-catalunya-cultura\/\",\"https:\/\/ca.wikipedia.org\/wiki\/Fundaci\u00f3_Catalunya_Cultura\"]},{\"@type\":\"Person\",\"@id\":\"https:\/\/www.fundaciocatalunyacultura.cat\/#\/schema\/person\/f30f60b8448aa2c1761a644f652a4744\",\"name\":\"fundacio\",\"image\":{\"@type\":\"ImageObject\",\"inLanguage\":\"es\",\"@id\":\"https:\/\/www.fundaciocatalunyacultura.cat\/#\/schema\/person\/image\/\",\"url\":\"https:\/\/secure.gravatar.com\/avatar\/fe57a3f139ea81c65a338e37a8064b4e80844f839737532820c9107eb9e1966f?s=96&d=mm&r=g\",\"contentUrl\":\"https:\/\/secure.gravatar.com\/avatar\/fe57a3f139ea81c65a338e37a8064b4e80844f839737532820c9107eb9e1966f?s=96&d=mm&r=g\",\"caption\":\"fundacio\"},\"url\":\"https:\/\/www.fundaciocatalunyacultura.cat\/es\/author\/fundacio\/\"}]}<\/script>\n<!-- \/ Yoast SEO plugin. -->","yoast_head_json":{"title":"El diari Ara, La Vanguardia y El Peri\u00f3dico se hacen eco de la reforma de la Ley de Mecenazgo y recogen declaraciones de Maite Esteve | Fundaci\u00f3 Catalunya Cultura","robots":{"index":"index","follow":"follow","max-snippet":"max-snippet:-1","max-image-preview":"max-image-preview:large","max-video-preview":"max-video-preview:-1"},"canonical":"https:\/\/www.fundaciocatalunyacultura.cat\/es\/el-diari-ara-la-vanguardia-y-el-periodico-se-hacen-eco-de-la-reforma-de-la-ley-de-mecenazgo-y-recogen-declaraciones-de-maite-esteve\/","og_locale":"es_ES","og_type":"article","og_title":"El diari Ara, La Vanguardia y El Peri\u00f3dico se hacen eco de la reforma de la Ley de Mecenazgo y recogen declaraciones de Maite Esteve | Fundaci\u00f3 Catalunya Cultura","og_description":"Varios medios de comunicaci\u00f3n han publicado en los \u00faltimos d\u00edas informaciones que recogen declaraciones de la directora de la Fundaci\u00f3n, Maite Esteve, sobre la reforma de la Ley de Mecenazgo, que actualmente se debate en el Congreso de los Diputados. Esteve ha mantenido entrevistas con el Ara, La Vanguardia y El Peri\u00f3dico para explicar, entre [&hellip;]","og_url":"https:\/\/www.fundaciocatalunyacultura.cat\/es\/el-diari-ara-la-vanguardia-y-el-periodico-se-hacen-eco-de-la-reforma-de-la-ley-de-mecenazgo-y-recogen-declaraciones-de-maite-esteve\/","og_site_name":"Fundaci\u00f3 Catalunya Cultura","article_publisher":"https:\/\/www.facebook.com\/fundaciocatalunyacultura\/","article_published_time":"2022-11-30T10:26:20+00:00","article_modified_time":"2022-11-30T10:56:14+00:00","author":"fundacio","twitter_card":"summary_large_image","twitter_creator":"@fcatcultura","twitter_site":"@fcatcultura","twitter_misc":{"Escrito por":"fundacio","Tiempo de lectura":"2 minutos"},"schema":{"@context":"https:\/\/schema.org","@graph":[{"@type":"Article","@id":"https:\/\/www.fundaciocatalunyacultura.cat\/es\/el-diari-ara-la-vanguardia-y-el-periodico-se-hacen-eco-de-la-reforma-de-la-ley-de-mecenazgo-y-recogen-declaraciones-de-maite-esteve\/#article","isPartOf":{"@id":"https:\/\/www.fundaciocatalunyacultura.cat\/es\/el-diari-ara-la-vanguardia-y-el-periodico-se-hacen-eco-de-la-reforma-de-la-ley-de-mecenazgo-y-recogen-declaraciones-de-maite-esteve\/"},"author":{"name":"fundacio","@id":"https:\/\/www.fundaciocatalunyacultura.cat\/#\/schema\/person\/f30f60b8448aa2c1761a644f652a4744"},"headline":"El diari Ara, La Vanguardia y El Peri\u00f3dico se hacen eco de la reforma de la Ley de Mecenazgo y recogen declaraciones de Maite Esteve","datePublished":"2022-11-30T10:26:20+00:00","dateModified":"2022-11-30T10:56:14+00:00","mainEntityOfPage":{"@id":"https:\/\/www.fundaciocatalunyacultura.cat\/es\/el-diari-ara-la-vanguardia-y-el-periodico-se-hacen-eco-de-la-reforma-de-la-ley-de-mecenazgo-y-recogen-declaraciones-de-maite-esteve\/"},"wordCount":314,"publisher":{"@id":"https:\/\/www.fundaciocatalunyacultura.cat\/#organization"},"articleSection":["Noticias"],"inLanguage":"es"},{"@type":"WebPage","@id":"https:\/\/www.fundaciocatalunyacultura.cat\/es\/el-diari-ara-la-vanguardia-y-el-periodico-se-hacen-eco-de-la-reforma-de-la-ley-de-mecenazgo-y-recogen-declaraciones-de-maite-esteve\/","url":"https:\/\/www.fundaciocatalunyacultura.cat\/es\/el-diari-ara-la-vanguardia-y-el-periodico-se-hacen-eco-de-la-reforma-de-la-ley-de-mecenazgo-y-recogen-declaraciones-de-maite-esteve\/","name":"El diari Ara, La Vanguardia y El Peri\u00f3dico se hacen eco de la reforma de la Ley de Mecenazgo y recogen declaraciones de Maite Esteve | Fundaci\u00f3 Catalunya Cultura","isPartOf":{"@id":"https:\/\/www.fundaciocatalunyacultura.cat\/#website"},"datePublished":"2022-11-30T10:26:20+00:00","dateModified":"2022-11-30T10:56:14+00:00","breadcrumb":{"@id":"https:\/\/www.fundaciocatalunyacultura.cat\/es\/el-diari-ara-la-vanguardia-y-el-periodico-se-hacen-eco-de-la-reforma-de-la-ley-de-mecenazgo-y-recogen-declaraciones-de-maite-esteve\/#breadcrumb"},"inLanguage":"es","potentialAction":[{"@type":"ReadAction","target":["https:\/\/www.fundaciocatalunyacultura.cat\/es\/el-diari-ara-la-vanguardia-y-el-periodico-se-hacen-eco-de-la-reforma-de-la-ley-de-mecenazgo-y-recogen-declaraciones-de-maite-esteve\/"]}]},{"@type":"BreadcrumbList","@id":"https:\/\/www.fundaciocatalunyacultura.cat\/es\/el-diari-ara-la-vanguardia-y-el-periodico-se-hacen-eco-de-la-reforma-de-la-ley-de-mecenazgo-y-recogen-declaraciones-de-maite-esteve\/#breadcrumb","itemListElement":[{"@type":"ListItem","position":1,"name":"Inici","item":"https:\/\/www.fundaciocatalunyacultura.cat\/es\/"},{"@type":"ListItem","position":2,"name":"El diari Ara, La Vanguardia y El Peri\u00f3dico se hacen eco de la reforma de la Ley de Mecenazgo y recogen declaraciones de Maite Esteve"}]},{"@type":"WebSite","@id":"https:\/\/www.fundaciocatalunyacultura.cat\/#website","url":"https:\/\/www.fundaciocatalunyacultura.cat\/","name":"Fundaci\u00f3 Catalunya Cultura","description":"","publisher":{"@id":"https:\/\/www.fundaciocatalunyacultura.cat\/#organization"},"potentialAction":[{"@type":"SearchAction","target":{"@type":"EntryPoint","urlTemplate":"https:\/\/www.fundaciocatalunyacultura.cat\/?s={search_term_string}"},"query-input":{"@type":"PropertyValueSpecification","valueRequired":true,"valueName":"search_term_string"}}],"inLanguage":"es"},{"@type":"Organization","@id":"https:\/\/www.fundaciocatalunyacultura.cat\/#organization","name":"Fundaci\u00f3 Catalunya Cultura","url":"https:\/\/www.fundaciocatalunyacultura.cat\/","logo":{"@type":"ImageObject","inLanguage":"es","@id":"https:\/\/www.fundaciocatalunyacultura.cat\/#\/schema\/logo\/image\/","url":"https:\/\/hundreds-wordpress-uploads.s3.amazonaws.com\/fundacio-catalunya-cultura\/uploads\/2021\/03\/fcc_logo_blanc-scaled.jpeg","contentUrl":"https:\/\/hundreds-wordpress-uploads.s3.amazonaws.com\/fundacio-catalunya-cultura\/uploads\/2021\/03\/fcc_logo_blanc-scaled.jpeg","width":2560,"height":1785,"caption":"Fundaci\u00f3 Catalunya Cultura"},"image":{"@id":"https:\/\/www.fundaciocatalunyacultura.cat\/#\/schema\/logo\/image\/"},"sameAs":["https:\/\/www.facebook.com\/fundaciocatalunyacultura\/","https:\/\/x.com\/fcatcultura","https:\/\/www.linkedin.com\/company\/fundaci\u00f3-catalunya-cultura\/","https:\/\/ca.wikipedia.org\/wiki\/Fundaci\u00f3_Catalunya_Cultura"]},{"@type":"Person","@id":"https:\/\/www.fundaciocatalunyacultura.cat\/#\/schema\/person\/f30f60b8448aa2c1761a644f652a4744","name":"fundacio","image":{"@type":"ImageObject","inLanguage":"es","@id":"https:\/\/www.fundaciocatalunyacultura.cat\/#\/schema\/person\/image\/","url":"https:\/\/secure.gravatar.com\/avatar\/fe57a3f139ea81c65a338e37a8064b4e80844f839737532820c9107eb9e1966f?s=96&d=mm&r=g","contentUrl":"https:\/\/secure.gravatar.com\/avatar\/fe57a3f139ea81c65a338e37a8064b4e80844f839737532820c9107eb9e1966f?s=96&d=mm&r=g","caption":"fundacio"},"url":"https:\/\/www.fundaciocatalunyacultura.cat\/es\/author\/fundacio\/"}]}},"_links":{"self":[{"href":"https:\/\/www.fundaciocatalunyacultura.cat\/es\/wp-json\/wp\/v2\/posts\/12115","targetHints":{"allow":["GET"]}}],"collection":[{"href":"https:\/\/www.fundaciocatalunyacultura.cat\/es\/wp-json\/wp\/v2\/posts"}],"about":[{"href":"https:\/\/www.fundaciocatalunyacultura.cat\/es\/wp-json\/wp\/v2\/types\/post"}],"author":[{"embeddable":true,"href":"https:\/\/www.fundaciocatalunyacultura.cat\/es\/wp-json\/wp\/v2\/users\/1"}],"replies":[{"embeddable":true,"href":"https:\/\/www.fundaciocatalunyacultura.cat\/es\/wp-json\/wp\/v2\/comments?post=12115"}],"version-history":[{"count":10,"href":"https:\/\/www.fundaciocatalunyacultura.cat\/es\/wp-json\/wp\/v2\/posts\/12115\/revisions"}],"predecessor-version":[{"id":12128,"href":"https:\/\/www.fundaciocatalunyacultura.cat\/es\/wp-json\/wp\/v2\/posts\/12115\/revisions\/12128"}],"wp:attachment":[{"href":"https:\/\/www.fundaciocatalunyacultura.cat\/es\/wp-json\/wp\/v2\/media?parent=12115"}],"wp:term":[{"taxonomy":"category","embeddable":true,"href":"https:\/\/www.fundaciocatalunyacultura.cat\/es\/wp-json\/wp\/v2\/categories?post=12115"}],"curies":[{"name":"wp","href":"https:\/\/api.w.org\/{rel}","templated":true}]}}