{"id":11668,"date":"2022-10-19T07:59:24","date_gmt":"2022-10-19T07:59:24","guid":{"rendered":"https:\/\/www.fundaciocatalunyacultura.cat\/?p=11668"},"modified":"2022-10-27T08:05:35","modified_gmt":"2022-10-27T08:05:35","slug":"oscar-dalmau-conducir-la-gala-impulsa-cultura-2022-supone-para-mi-un-honor-y-una-joya","status":"publish","type":"post","link":"https:\/\/www.fundaciocatalunyacultura.cat\/es\/oscar-dalmau-conducir-la-gala-impulsa-cultura-2022-supone-para-mi-un-honor-y-una-joya\/","title":{"rendered":"\u00d2scar Dalmau: \u00abConducir la Gala IMPULSA CULTURA 2022 supone para m\u00ed un honor y una joya\u00bb"},"content":{"rendered":"<p>Su vertiente m\u00e1s conocida es la de presentador de televisi\u00f3n, radio y humorista, pero adem\u00e1s, es guionista, escritor y hace de DJ con el apodo de Phil Musical. Tambi\u00e9n es el responsable de tres recopilaciones de m\u00fasica pop en catal\u00e1n de los a\u00f1os 60, \u201cPop a la catalana\u201d. El d\u00eda 20 de octubre lo veremos en el Teatre de Sarri\u00e0 ejerciendo de maestro de ceremonia de la <a href=\"https:\/\/fundaciocatalunyacultura.cat\/revistas\/impulsa2022\/mobile\/index.html\">Gala IMPULSA CULTURA 2022<\/a>, el acto de la Fundaci\u00f3n en el que entregaremos el <strong>Premio IMPULSA CULTURA<\/strong> y el <strong>Premio EMPRESA CULTURA<\/strong> de este a\u00f1o. Qu\u00e9 consejos dar\u00eda a los 10 proyectos culturales que presentar\u00e1n sus iniciativas en la Gala o qu\u00e9 le aporta la cultura son algunas de las cuestiones que el comunicador<strong> \u00d2scar Dalmau<\/strong> responde con su estilo personal en esta conversaci\u00f3n.<\/p>\n<p><strong>\u2013 \u00bfCu\u00e1l de tus facetas podremos ver en el escenario del Teatre de Sarri\u00e0?<\/strong><\/p>\n<p>-Un poco de todo. Mi faceta de humorista, de locutor de radio, de escritor, de presentador de televisi\u00f3n, de miope\u2026 espero que pod\u00e1is ver de m\u00ed un conjunto infinito de posibilidades en el escenario.<\/p>\n<p><strong>\u2013 \u00bfQu\u00e9 supone para ti conducir la Gala IMPULSA CULTURA 2022?<\/strong><\/p>\n<p>-El hecho de conducir esta gala supone para m\u00ed un honor y una joya.<\/p>\n<p><strong>\u2013 T\u00fa sabes lo que se siente al estar nominado y al ganar un galard\u00f3n, ya que recibiste junto con \u00d2scar Andreu el Premio Ondas al mejor programa de radio por La Competencia, en 2013. Qu\u00e9 consejos dar\u00edas a los miembros de los 10 proyectos finalistas del Programa IMPULSA CULTURA?<\/strong><\/p>\n<p>-Mi consejo b\u00e1sico es que suban al escenario tranquilos, que piensen que se saben todo porque explicar\u00e1n proyectos en los que han estado trabajando muchos meses. Y sobre todo en el escenario, buena dicci\u00f3n y proyectar bien la voz, que todo el mundo en el auditorio se entere claramente de qu\u00e9 tratan los proyectos.<\/p>\n<p><strong>\u2013 Tambi\u00e9n se entregar\u00e1 el galard\u00f3n a una empresa que apoya al mundo cultural con el Premio EMPRESA CULTURA. T\u00fa mismo has podido conocer muchos mecenas que ya en los a\u00f1os sesenta hicieron posible que se produjera mucha m\u00fasica catalana. \u00bfCrees que habr\u00eda sido lo mismo sin ese apoyo privado?<\/strong><\/p>\n<p>-Rotundamente no. Fue necesario el apoyo privado para invertir a fondo perdido para que se pudieran grabar discos en catal\u00e1n en los a\u00f1os sesenta, y no s\u00f3lo discos, sino tambi\u00e9n iniciativas como Edicions 62 para editar libros, m\u00faltiples colecciones en catal\u00e1n; tambi\u00e9n requiri\u00f3 a socios capitalistas, de mecenas, de burgues\u00eda que puso dinero.<\/p>\n<p><strong>\u2013 Imagina que est\u00e1s haciendo un gui\u00f3n para una serie. Si la cultura fuera uno de los personajes, \u00bfqu\u00e9 caracter\u00edsticas deber\u00eda tener para ser su protagonista?<\/strong><\/p>\n<p>-La cultura, al igual que Catalu\u00f1a (como dice el himno) deber\u00eda ser rica y llena.<\/p>\n<p><strong>\u2013 \u00bfPor qu\u00e9 crees que valoramos poco la cultura?<\/strong><\/p>\n<p>-Creo que muchas veces se valora poco porque la cultura no es productiva. Lo que fabrica el mundo de la cultura son sensaciones, sentimientos, estados de \u00e1nimo\u2026 y eso, como es poco material, en una sociedad tan materialista como en la que vivimos, por eso se valora poco la cultura.<\/p>\n<p><strong>\u2013 \u00bfQu\u00e9 te aporta la cultura a ti?<\/strong><\/p>\n<p>-Me aporta muchas cosas: placer, conocimiento, entretenimiento y un largo etc\u00e9tera.<\/p>\n","protected":false},"excerpt":{"rendered":"<p>Su vertiente m\u00e1s conocida es la de presentador de televisi\u00f3n, radio y humorista, pero adem\u00e1s, es guionista, escritor y hace de DJ con el apodo de Phil Musical. Tambi\u00e9n es el responsable de tres recopilaciones de m\u00fasica pop en catal\u00e1n de los a\u00f1os 60, \u201cPop a la catalana\u201d. El d\u00eda 20 de octubre lo veremos [&hellip;]<\/p>\n","protected":false},"author":1,"featured_media":0,"comment_status":"closed","ping_status":"closed","sticky":false,"template":"","format":"standard","meta":{"_acf_changed":false,"footnotes":""},"categories":[44],"class_list":["post-11668","post","type-post","status-publish","format-standard","hentry","category-noticias"],"acf":[],"yoast_head":"<!-- This site is optimized with the Yoast SEO plugin v25.1 - https:\/\/yoast.com\/wordpress\/plugins\/seo\/ -->\n<title>\u00d2scar Dalmau: &quot;Conducir la Gala IMPULSA CULTURA 2022 supone para m\u00ed un honor y una joya&quot; | Fundaci\u00f3 Catalunya Cultura<\/title>\n<meta name=\"robots\" content=\"index, follow, max-snippet:-1, max-image-preview:large, max-video-preview:-1\" \/>\n<link rel=\"canonical\" href=\"https:\/\/www.fundaciocatalunyacultura.cat\/es\/oscar-dalmau-conducir-la-gala-impulsa-cultura-2022-supone-para-mi-un-honor-y-una-joya\/\" \/>\n<meta property=\"og:locale\" content=\"es_ES\" \/>\n<meta property=\"og:type\" content=\"article\" \/>\n<meta property=\"og:title\" content=\"\u00d2scar Dalmau: &quot;Conducir la Gala IMPULSA CULTURA 2022 supone para m\u00ed un honor y una joya&quot; | Fundaci\u00f3 Catalunya Cultura\" \/>\n<meta property=\"og:description\" content=\"Su vertiente m\u00e1s conocida es la de presentador de televisi\u00f3n, radio y humorista, pero adem\u00e1s, es guionista, escritor y hace de DJ con el apodo de Phil Musical. Tambi\u00e9n es el responsable de tres recopilaciones de m\u00fasica pop en catal\u00e1n de los a\u00f1os 60, \u201cPop a la catalana\u201d. El d\u00eda 20 de octubre lo veremos [&hellip;]\" \/>\n<meta property=\"og:url\" content=\"https:\/\/www.fundaciocatalunyacultura.cat\/es\/oscar-dalmau-conducir-la-gala-impulsa-cultura-2022-supone-para-mi-un-honor-y-una-joya\/\" \/>\n<meta property=\"og:site_name\" content=\"Fundaci\u00f3 Catalunya Cultura\" \/>\n<meta property=\"article:publisher\" content=\"https:\/\/www.facebook.com\/fundaciocatalunyacultura\/\" \/>\n<meta property=\"article:published_time\" content=\"2022-10-19T07:59:24+00:00\" \/>\n<meta property=\"article:modified_time\" content=\"2022-10-27T08:05:35+00:00\" \/>\n<meta name=\"author\" content=\"fundacio\" \/>\n<meta name=\"twitter:card\" content=\"summary_large_image\" \/>\n<meta name=\"twitter:creator\" content=\"@fcatcultura\" \/>\n<meta name=\"twitter:site\" content=\"@fcatcultura\" \/>\n<meta name=\"twitter:label1\" content=\"Escrito por\" \/>\n\t<meta name=\"twitter:data1\" content=\"fundacio\" \/>\n\t<meta name=\"twitter:label2\" content=\"Tiempo de lectura\" \/>\n\t<meta name=\"twitter:data2\" content=\"3 minutos\" \/>\n<script type=\"application\/ld+json\" class=\"yoast-schema-graph\">{\"@context\":\"https:\/\/schema.org\",\"@graph\":[{\"@type\":\"Article\",\"@id\":\"https:\/\/www.fundaciocatalunyacultura.cat\/es\/oscar-dalmau-conducir-la-gala-impulsa-cultura-2022-supone-para-mi-un-honor-y-una-joya\/#article\",\"isPartOf\":{\"@id\":\"https:\/\/www.fundaciocatalunyacultura.cat\/es\/oscar-dalmau-conducir-la-gala-impulsa-cultura-2022-supone-para-mi-un-honor-y-una-joya\/\"},\"author\":{\"name\":\"fundacio\",\"@id\":\"https:\/\/www.fundaciocatalunyacultura.cat\/es\/#\/schema\/person\/f30f60b8448aa2c1761a644f652a4744\"},\"headline\":\"\u00d2scar Dalmau: \u00abConducir la Gala IMPULSA CULTURA 2022 supone para m\u00ed un honor y una joya\u00bb\",\"datePublished\":\"2022-10-19T07:59:24+00:00\",\"dateModified\":\"2022-10-27T08:05:35+00:00\",\"mainEntityOfPage\":{\"@id\":\"https:\/\/www.fundaciocatalunyacultura.cat\/es\/oscar-dalmau-conducir-la-gala-impulsa-cultura-2022-supone-para-mi-un-honor-y-una-joya\/\"},\"wordCount\":571,\"publisher\":{\"@id\":\"https:\/\/www.fundaciocatalunyacultura.cat\/es\/#organization\"},\"articleSection\":[\"Noticias\"],\"inLanguage\":\"es\"},{\"@type\":\"WebPage\",\"@id\":\"https:\/\/www.fundaciocatalunyacultura.cat\/es\/oscar-dalmau-conducir-la-gala-impulsa-cultura-2022-supone-para-mi-un-honor-y-una-joya\/\",\"url\":\"https:\/\/www.fundaciocatalunyacultura.cat\/es\/oscar-dalmau-conducir-la-gala-impulsa-cultura-2022-supone-para-mi-un-honor-y-una-joya\/\",\"name\":\"\u00d2scar Dalmau: \\\"Conducir la Gala IMPULSA CULTURA 2022 supone para m\u00ed un honor y una joya\\\" | Fundaci\u00f3 Catalunya Cultura\",\"isPartOf\":{\"@id\":\"https:\/\/www.fundaciocatalunyacultura.cat\/es\/#website\"},\"datePublished\":\"2022-10-19T07:59:24+00:00\",\"dateModified\":\"2022-10-27T08:05:35+00:00\",\"breadcrumb\":{\"@id\":\"https:\/\/www.fundaciocatalunyacultura.cat\/es\/oscar-dalmau-conducir-la-gala-impulsa-cultura-2022-supone-para-mi-un-honor-y-una-joya\/#breadcrumb\"},\"inLanguage\":\"es\",\"potentialAction\":[{\"@type\":\"ReadAction\",\"target\":[\"https:\/\/www.fundaciocatalunyacultura.cat\/es\/oscar-dalmau-conducir-la-gala-impulsa-cultura-2022-supone-para-mi-un-honor-y-una-joya\/\"]}]},{\"@type\":\"BreadcrumbList\",\"@id\":\"https:\/\/www.fundaciocatalunyacultura.cat\/es\/oscar-dalmau-conducir-la-gala-impulsa-cultura-2022-supone-para-mi-un-honor-y-una-joya\/#breadcrumb\",\"itemListElement\":[{\"@type\":\"ListItem\",\"position\":1,\"name\":\"Inici\",\"item\":\"https:\/\/www.fundaciocatalunyacultura.cat\/es\/\"},{\"@type\":\"ListItem\",\"position\":2,\"name\":\"\u00d2scar Dalmau: \u00abConducir la Gala IMPULSA CULTURA 2022 supone para m\u00ed un honor y una joya\u00bb\"}]},{\"@type\":\"WebSite\",\"@id\":\"https:\/\/www.fundaciocatalunyacultura.cat\/es\/#website\",\"url\":\"https:\/\/www.fundaciocatalunyacultura.cat\/es\/\",\"name\":\"Fundaci\u00f3 Catalunya Cultura\",\"description\":\"\",\"publisher\":{\"@id\":\"https:\/\/www.fundaciocatalunyacultura.cat\/es\/#organization\"},\"potentialAction\":[{\"@type\":\"SearchAction\",\"target\":{\"@type\":\"EntryPoint\",\"urlTemplate\":\"https:\/\/www.fundaciocatalunyacultura.cat\/es\/?s={search_term_string}\"},\"query-input\":{\"@type\":\"PropertyValueSpecification\",\"valueRequired\":true,\"valueName\":\"search_term_string\"}}],\"inLanguage\":\"es\"},{\"@type\":\"Organization\",\"@id\":\"https:\/\/www.fundaciocatalunyacultura.cat\/es\/#organization\",\"name\":\"Fundaci\u00f3 Catalunya Cultura\",\"url\":\"https:\/\/www.fundaciocatalunyacultura.cat\/es\/\",\"logo\":{\"@type\":\"ImageObject\",\"inLanguage\":\"es\",\"@id\":\"https:\/\/www.fundaciocatalunyacultura.cat\/es\/#\/schema\/logo\/image\/\",\"url\":\"https:\/\/hundreds-wordpress-uploads.s3.amazonaws.com\/fundacio-catalunya-cultura\/uploads\/2021\/03\/fcc_logo_blanc-scaled.jpeg\",\"contentUrl\":\"https:\/\/hundreds-wordpress-uploads.s3.amazonaws.com\/fundacio-catalunya-cultura\/uploads\/2021\/03\/fcc_logo_blanc-scaled.jpeg\",\"width\":2560,\"height\":1785,\"caption\":\"Fundaci\u00f3 Catalunya Cultura\"},\"image\":{\"@id\":\"https:\/\/www.fundaciocatalunyacultura.cat\/es\/#\/schema\/logo\/image\/\"},\"sameAs\":[\"https:\/\/www.facebook.com\/fundaciocatalunyacultura\/\",\"https:\/\/x.com\/fcatcultura\",\"https:\/\/www.linkedin.com\/company\/fundaci\u00f3-catalunya-cultura\/\",\"https:\/\/ca.wikipedia.org\/wiki\/Fundaci\u00f3_Catalunya_Cultura\"]},{\"@type\":\"Person\",\"@id\":\"https:\/\/www.fundaciocatalunyacultura.cat\/es\/#\/schema\/person\/f30f60b8448aa2c1761a644f652a4744\",\"name\":\"fundacio\",\"image\":{\"@type\":\"ImageObject\",\"inLanguage\":\"es\",\"@id\":\"https:\/\/www.fundaciocatalunyacultura.cat\/es\/#\/schema\/person\/image\/\",\"url\":\"https:\/\/secure.gravatar.com\/avatar\/fe57a3f139ea81c65a338e37a8064b4e80844f839737532820c9107eb9e1966f?s=96&d=mm&r=g\",\"contentUrl\":\"https:\/\/secure.gravatar.com\/avatar\/fe57a3f139ea81c65a338e37a8064b4e80844f839737532820c9107eb9e1966f?s=96&d=mm&r=g\",\"caption\":\"fundacio\"},\"url\":\"https:\/\/www.fundaciocatalunyacultura.cat\/es\/author\/fundacio\/\"}]}<\/script>\n<!-- \/ Yoast SEO plugin. -->","yoast_head_json":{"title":"\u00d2scar Dalmau: \"Conducir la Gala IMPULSA CULTURA 2022 supone para m\u00ed un honor y una joya\" | Fundaci\u00f3 Catalunya Cultura","robots":{"index":"index","follow":"follow","max-snippet":"max-snippet:-1","max-image-preview":"max-image-preview:large","max-video-preview":"max-video-preview:-1"},"canonical":"https:\/\/www.fundaciocatalunyacultura.cat\/es\/oscar-dalmau-conducir-la-gala-impulsa-cultura-2022-supone-para-mi-un-honor-y-una-joya\/","og_locale":"es_ES","og_type":"article","og_title":"\u00d2scar Dalmau: \"Conducir la Gala IMPULSA CULTURA 2022 supone para m\u00ed un honor y una joya\" | Fundaci\u00f3 Catalunya Cultura","og_description":"Su vertiente m\u00e1s conocida es la de presentador de televisi\u00f3n, radio y humorista, pero adem\u00e1s, es guionista, escritor y hace de DJ con el apodo de Phil Musical. Tambi\u00e9n es el responsable de tres recopilaciones de m\u00fasica pop en catal\u00e1n de los a\u00f1os 60, \u201cPop a la catalana\u201d. El d\u00eda 20 de octubre lo veremos [&hellip;]","og_url":"https:\/\/www.fundaciocatalunyacultura.cat\/es\/oscar-dalmau-conducir-la-gala-impulsa-cultura-2022-supone-para-mi-un-honor-y-una-joya\/","og_site_name":"Fundaci\u00f3 Catalunya Cultura","article_publisher":"https:\/\/www.facebook.com\/fundaciocatalunyacultura\/","article_published_time":"2022-10-19T07:59:24+00:00","article_modified_time":"2022-10-27T08:05:35+00:00","author":"fundacio","twitter_card":"summary_large_image","twitter_creator":"@fcatcultura","twitter_site":"@fcatcultura","twitter_misc":{"Escrito por":"fundacio","Tiempo de lectura":"3 minutos"},"schema":{"@context":"https:\/\/schema.org","@graph":[{"@type":"Article","@id":"https:\/\/www.fundaciocatalunyacultura.cat\/es\/oscar-dalmau-conducir-la-gala-impulsa-cultura-2022-supone-para-mi-un-honor-y-una-joya\/#article","isPartOf":{"@id":"https:\/\/www.fundaciocatalunyacultura.cat\/es\/oscar-dalmau-conducir-la-gala-impulsa-cultura-2022-supone-para-mi-un-honor-y-una-joya\/"},"author":{"name":"fundacio","@id":"https:\/\/www.fundaciocatalunyacultura.cat\/es\/#\/schema\/person\/f30f60b8448aa2c1761a644f652a4744"},"headline":"\u00d2scar Dalmau: \u00abConducir la Gala IMPULSA CULTURA 2022 supone para m\u00ed un honor y una joya\u00bb","datePublished":"2022-10-19T07:59:24+00:00","dateModified":"2022-10-27T08:05:35+00:00","mainEntityOfPage":{"@id":"https:\/\/www.fundaciocatalunyacultura.cat\/es\/oscar-dalmau-conducir-la-gala-impulsa-cultura-2022-supone-para-mi-un-honor-y-una-joya\/"},"wordCount":571,"publisher":{"@id":"https:\/\/www.fundaciocatalunyacultura.cat\/es\/#organization"},"articleSection":["Noticias"],"inLanguage":"es"},{"@type":"WebPage","@id":"https:\/\/www.fundaciocatalunyacultura.cat\/es\/oscar-dalmau-conducir-la-gala-impulsa-cultura-2022-supone-para-mi-un-honor-y-una-joya\/","url":"https:\/\/www.fundaciocatalunyacultura.cat\/es\/oscar-dalmau-conducir-la-gala-impulsa-cultura-2022-supone-para-mi-un-honor-y-una-joya\/","name":"\u00d2scar Dalmau: \"Conducir la Gala IMPULSA CULTURA 2022 supone para m\u00ed un honor y una joya\" | Fundaci\u00f3 Catalunya Cultura","isPartOf":{"@id":"https:\/\/www.fundaciocatalunyacultura.cat\/es\/#website"},"datePublished":"2022-10-19T07:59:24+00:00","dateModified":"2022-10-27T08:05:35+00:00","breadcrumb":{"@id":"https:\/\/www.fundaciocatalunyacultura.cat\/es\/oscar-dalmau-conducir-la-gala-impulsa-cultura-2022-supone-para-mi-un-honor-y-una-joya\/#breadcrumb"},"inLanguage":"es","potentialAction":[{"@type":"ReadAction","target":["https:\/\/www.fundaciocatalunyacultura.cat\/es\/oscar-dalmau-conducir-la-gala-impulsa-cultura-2022-supone-para-mi-un-honor-y-una-joya\/"]}]},{"@type":"BreadcrumbList","@id":"https:\/\/www.fundaciocatalunyacultura.cat\/es\/oscar-dalmau-conducir-la-gala-impulsa-cultura-2022-supone-para-mi-un-honor-y-una-joya\/#breadcrumb","itemListElement":[{"@type":"ListItem","position":1,"name":"Inici","item":"https:\/\/www.fundaciocatalunyacultura.cat\/es\/"},{"@type":"ListItem","position":2,"name":"\u00d2scar Dalmau: \u00abConducir la Gala IMPULSA CULTURA 2022 supone para m\u00ed un honor y una joya\u00bb"}]},{"@type":"WebSite","@id":"https:\/\/www.fundaciocatalunyacultura.cat\/es\/#website","url":"https:\/\/www.fundaciocatalunyacultura.cat\/es\/","name":"Fundaci\u00f3 Catalunya Cultura","description":"","publisher":{"@id":"https:\/\/www.fundaciocatalunyacultura.cat\/es\/#organization"},"potentialAction":[{"@type":"SearchAction","target":{"@type":"EntryPoint","urlTemplate":"https:\/\/www.fundaciocatalunyacultura.cat\/es\/?s={search_term_string}"},"query-input":{"@type":"PropertyValueSpecification","valueRequired":true,"valueName":"search_term_string"}}],"inLanguage":"es"},{"@type":"Organization","@id":"https:\/\/www.fundaciocatalunyacultura.cat\/es\/#organization","name":"Fundaci\u00f3 Catalunya Cultura","url":"https:\/\/www.fundaciocatalunyacultura.cat\/es\/","logo":{"@type":"ImageObject","inLanguage":"es","@id":"https:\/\/www.fundaciocatalunyacultura.cat\/es\/#\/schema\/logo\/image\/","url":"https:\/\/hundreds-wordpress-uploads.s3.amazonaws.com\/fundacio-catalunya-cultura\/uploads\/2021\/03\/fcc_logo_blanc-scaled.jpeg","contentUrl":"https:\/\/hundreds-wordpress-uploads.s3.amazonaws.com\/fundacio-catalunya-cultura\/uploads\/2021\/03\/fcc_logo_blanc-scaled.jpeg","width":2560,"height":1785,"caption":"Fundaci\u00f3 Catalunya Cultura"},"image":{"@id":"https:\/\/www.fundaciocatalunyacultura.cat\/es\/#\/schema\/logo\/image\/"},"sameAs":["https:\/\/www.facebook.com\/fundaciocatalunyacultura\/","https:\/\/x.com\/fcatcultura","https:\/\/www.linkedin.com\/company\/fundaci\u00f3-catalunya-cultura\/","https:\/\/ca.wikipedia.org\/wiki\/Fundaci\u00f3_Catalunya_Cultura"]},{"@type":"Person","@id":"https:\/\/www.fundaciocatalunyacultura.cat\/es\/#\/schema\/person\/f30f60b8448aa2c1761a644f652a4744","name":"fundacio","image":{"@type":"ImageObject","inLanguage":"es","@id":"https:\/\/www.fundaciocatalunyacultura.cat\/es\/#\/schema\/person\/image\/","url":"https:\/\/secure.gravatar.com\/avatar\/fe57a3f139ea81c65a338e37a8064b4e80844f839737532820c9107eb9e1966f?s=96&d=mm&r=g","contentUrl":"https:\/\/secure.gravatar.com\/avatar\/fe57a3f139ea81c65a338e37a8064b4e80844f839737532820c9107eb9e1966f?s=96&d=mm&r=g","caption":"fundacio"},"url":"https:\/\/www.fundaciocatalunyacultura.cat\/es\/author\/fundacio\/"}]}},"_links":{"self":[{"href":"https:\/\/www.fundaciocatalunyacultura.cat\/es\/wp-json\/wp\/v2\/posts\/11668","targetHints":{"allow":["GET"]}}],"collection":[{"href":"https:\/\/www.fundaciocatalunyacultura.cat\/es\/wp-json\/wp\/v2\/posts"}],"about":[{"href":"https:\/\/www.fundaciocatalunyacultura.cat\/es\/wp-json\/wp\/v2\/types\/post"}],"author":[{"embeddable":true,"href":"https:\/\/www.fundaciocatalunyacultura.cat\/es\/wp-json\/wp\/v2\/users\/1"}],"replies":[{"embeddable":true,"href":"https:\/\/www.fundaciocatalunyacultura.cat\/es\/wp-json\/wp\/v2\/comments?post=11668"}],"version-history":[{"count":1,"href":"https:\/\/www.fundaciocatalunyacultura.cat\/es\/wp-json\/wp\/v2\/posts\/11668\/revisions"}],"predecessor-version":[{"id":11669,"href":"https:\/\/www.fundaciocatalunyacultura.cat\/es\/wp-json\/wp\/v2\/posts\/11668\/revisions\/11669"}],"wp:attachment":[{"href":"https:\/\/www.fundaciocatalunyacultura.cat\/es\/wp-json\/wp\/v2\/media?parent=11668"}],"wp:term":[{"taxonomy":"category","embeddable":true,"href":"https:\/\/www.fundaciocatalunyacultura.cat\/es\/wp-json\/wp\/v2\/categories?post=11668"}],"curies":[{"name":"wp","href":"https:\/\/api.w.org\/{rel}","templated":true}]}}